{"id":9791,"date":"2023-04-28T08:00:09","date_gmt":"2023-04-28T06:00:09","guid":{"rendered":"https:\/\/www.lengnau.ch\/?p=9791"},"modified":"2024-05-16T08:55:12","modified_gmt":"2024-05-16T06:55:12","slug":"controle-periodique-des-abris-cpa","status":"publish","type":"post","link":"https:\/\/www.lengnau.ch\/fr\/2023\/04\/controle-periodique-des-abris-cpa\/","title":{"rendered":"Collecte de plastique m\u00e9nager"},"content":{"rendered":"<p><img loading=\"lazy\" decoding=\"async\" class=\"alignright wp-image-9794 size-thumbnail\" src=\"https:\/\/www.lengnau.ch\/wp-content\/uploads\/2023\/04\/Bild_Kunststoff_Sammlung_Bring_Plastic_back-150x150.jpg\" alt=\"\" width=\"150\" height=\"150\" srcset=\"https:\/\/www.lengnau.ch\/wp-content\/uploads\/2023\/04\/Bild_Kunststoff_Sammlung_Bring_Plastic_back-150x150.jpg 150w, https:\/\/www.lengnau.ch\/wp-content\/uploads\/2023\/04\/Bild_Kunststoff_Sammlung_Bring_Plastic_back-300x300.jpg 300w, https:\/\/www.lengnau.ch\/wp-content\/uploads\/2023\/04\/Bild_Kunststoff_Sammlung_Bring_Plastic_back.jpg 543w\" sizes=\"auto, (max-width: 150px) 100vw, 150px\" \/>Le canton de Berne propose une nouvelle solution de recyclage qui permet une collecte uniforme et coordonn\u00e9e des plastiques m\u00e9nagers. Elle a \u00e9t\u00e9 d\u00e9velopp\u00e9e par l&rsquo;entreprise de gestion des d\u00e9chets AVAG Umwelt AG en collaboration avec des communes, des partenaires et la soci\u00e9t\u00e9 de recyclage des mati\u00e8res plastiques InnoRecycling AG. Le projet a en outre \u00e9t\u00e9 soutenu par l&rsquo;Office des eaux et des d\u00e9chets (AWA) du canton de Berne.<\/p>\n<p>Le conseil municipal de Lengnau s&rsquo;est pench\u00e9 intensivement sur la question et a d\u00e9cid\u00e9 d&rsquo;introduire cette solution de collecte certifi\u00e9e et durable dans l&rsquo;int\u00e9r\u00eat de la population et de l&rsquo;environnement. A partir du 1er mai 2023, les plastiques m\u00e9nagers pourront donc \u00eatre collect\u00e9s et recycl\u00e9s \u00e0 Lengnau et dans plus de 30 autres communes bernoises gr\u00e2ce au syst\u00e8me \u00ab\u00a0Bring Plastic back\u00a0\u00bb. Le syst\u00e8me d&rsquo;apport est financ\u00e9 selon le principe du pollueur-payeur par la vente de sacs de collecte payants.<\/p>\n<p>Pour la remise des sacs de collecte remplis, la commune de Lengnau propose \u00e0 sa population une collecte \u00e0 l&#8217;emporter. Les sacs remplis sont collect\u00e9s une fois par mois.<\/p>\n<p>Outre les aspects \u00e9cologiques, c&rsquo;est surtout le fonctionnement uniforme au-del\u00e0 des fronti\u00e8res communales et le fait que les entreprises de collecte et les d\u00e9taillants puissent \u00eatre int\u00e9gr\u00e9s dans le syst\u00e8me qui parlent en faveur du syst\u00e8me \u00e9labor\u00e9, comme le fait savoir la commune de Lengnau.<\/p>\n<p>La politique suisse exige \u00e0 moyen terme une telle collecte g\u00e9n\u00e9ralis\u00e9e des plastiques m\u00e9nagers, et c&rsquo;est pr\u00e9cis\u00e9ment l&rsquo;objectif poursuivi dans le canton de Berne. Lengnau et plus de 30 autres communes bernoises jouent ici un r\u00f4le de pionnier et d\u00e9marrent maintenant le 1er mai 2023. Mais actuellement, plus de 100 autres communes se penchent d\u00e9j\u00e0 sur l&rsquo;introduction, comme l&rsquo;indiquent les responsables du projet.<\/p>\n<p><strong>Prix de vente par rouleau de 10 sacs<\/strong><\/p>\n<ul>\n<li>17 litres CHF 10.-<\/li>\n<li>35 litres CHF 19.-<\/li>\n<li>60 litres CHF 32.-<\/li>\n<li>110 litres CHF 57.-<\/li>\n<\/ul>\n<p><strong>Points de vente \u00e0 Lengnau<\/strong><\/p>\n<ul>\n<li>Commune des habitants, service des finances<\/li>\n<li>Supermarch\u00e9 Coop<\/li>\n<li>Partenaire Denner Markthof<\/li>\n<li>Gassler-Beck AG<\/li>\n<li>VOI Partenaire Migros<\/li>\n<\/ul>\n<p><strong>Collecte de sacs de collecte remplis<\/strong><\/p>\n<p>Les sacs de collecte seront ramass\u00e9s en 2024 aux dates suivantes :<\/p>\n<ul>\n<li>09 janvier<\/li>\n<li>06 f\u00e9vrier<\/li>\n<li>05 mars<\/li>\n<li>02 avril<\/li>\n<li>07 mai<\/li>\n<li>04 juin<\/li>\n<li>02 juillet<\/li>\n<li>06 ao\u00fbt<\/li>\n<li>03 septembre<\/li>\n<li>01 octobre<\/li>\n<li>05 novembre<\/li>\n<li>03 d\u00e9cembre<\/li>\n<\/ul>\n<p>Les sacs de collecte doivent \u00eatre mis \u00e0 disposition aux endroits o\u00f9 les collectes sp\u00e9ciales (verre usag\u00e9, d\u00e9chets verts, fer blanc, ferraille, papier et carton) sont effectu\u00e9es.<\/p>\n<p><strong>Point de collecte \u00e0 Lengnau<\/strong><\/p>\n<ul>\n<li>Werkhof Lengnau, Rolliweg 3<\/li>\n<\/ul>\n<p><strong>Qu&rsquo;est-ce qui est collect\u00e9 ?<\/strong><\/p>\n<ul>\n<li>Films tels que sacs, films pour magazines<a href=\"https:\/\/www.lengnau.ch\/wp-content\/uploads\/2023\/04\/Kunststoff_Sammlung_Sammelmaterial-300x200.jpg\" target=\"_blank\" rel=\"noopener\"><img loading=\"lazy\" decoding=\"async\" class=\"alignright wp-image-9805 size-medium\" src=\"https:\/\/www.lengnau.ch\/wp-content\/uploads\/2023\/04\/Kunststoff_Sammlung_Sammelmaterial-300x200.jpg\" alt=\"\" width=\"300\" height=\"200\" srcset=\"https:\/\/www.lengnau.ch\/wp-content\/uploads\/2023\/04\/Kunststoff_Sammlung_Sammelmaterial-300x200.jpg 300w, https:\/\/www.lengnau.ch\/wp-content\/uploads\/2023\/04\/Kunststoff_Sammlung_Sammelmaterial-1024x682.jpg 1024w, https:\/\/www.lengnau.ch\/wp-content\/uploads\/2023\/04\/Kunststoff_Sammlung_Sammelmaterial-768x512.jpg 768w, https:\/\/www.lengnau.ch\/wp-content\/uploads\/2023\/04\/Kunststoff_Sammlung_Sammelmaterial-1536x1024.jpg 1536w, https:\/\/www.lengnau.ch\/wp-content\/uploads\/2023\/04\/Kunststoff_Sammlung_Sammelmaterial-1568x1045.jpg 1568w, https:\/\/www.lengnau.ch\/wp-content\/uploads\/2023\/04\/Kunststoff_Sammlung_Sammelmaterial.jpg 1440w\" sizes=\"auto, (max-width: 300px) 100vw, 300px\" \/><\/a>n, films pour emballages de six, sacs de caisse, etc.<\/li>\n<li>Bouteilles en plastique et carton \u00e0 boisson comme pour le lait, l&rsquo;huile, le vinaigre, les boissons, le shampoing, les produits de nettoyage, l&rsquo;assouplissant, etc.<\/li>\n<li>Barquettes thermoform\u00e9es comme les emballages d&rsquo;\u0153ufs et de biscuits, les barquettes de fruits\/fruits et de viande, etc.<\/li>\n<li>Seaux, pots de fleurs, bacs, pots de yaourt, etc.<\/li>\n<li>Mat\u00e9riaux composites tels que les emballages de charcuterie, de fromage, etc.<\/li>\n<li>Important : les bouteilles en PET pour boissons doivent continuer \u00e0 \u00eatre collect\u00e9es s\u00e9par\u00e9ment.<\/li>\n<\/ul>\n<p>&nbsp;<\/p>\n<p><strong>Plus d&rsquo;informations sur ce qui peut \u00eatre collect\u00e9 et ce qui ne peut pas l&rsquo;\u00eatre sur <a href=\"https:\/\/www.sammelsack.ch\/\" target=\"_blank\" rel=\"noopener\">www.sammelsack.ch.<\/a><\/strong><\/p>\n<h2>En savoir plus sur le sujet<\/h2>\n<p><a href=\"https:\/\/www.lengnau.ch\/wp-content\/uploads\/2024\/05\/Flyer_Haushalt-Kunststoffe-Recycling_Gemeinde_Lengnau_2024.pdf\" target=\"_blank\" rel=\"noopener\">D\u00e9pliant sur le recyclage des plastiques m\u00e9nagers<\/a><br \/>\n<a href=\"https:\/\/www.lengnau.ch\/wp-content\/uploads\/2023\/04\/Merkblatt_Kunststoffsammlung_01_01_2024.pdf\" target=\"_blank\" rel=\"noopener\">Fiche d&rsquo;information sur la collecte des plastiques m\u00e9nagers<\/a><br \/>\n<a href=\"https:\/\/www.lengnau.ch\/themen\/abfall\/wie-entsorge-ich-was\/\" target=\"_blank\" rel=\"noopener\">D\u00e9chets \/ Comment \u00e9liminer quoi ?<\/a><\/p>\n","protected":false},"excerpt":{"rendered":"<p>Le canton de Berne propose une nouvelle solution de recyclage qui permet une collecte uniforme et coordonn\u00e9e des plastiques m\u00e9nagers. Elle a \u00e9t\u00e9 d\u00e9velopp\u00e9e par l&rsquo;entreprise de gestion des d\u00e9chets AVAG Umwelt AG en collaboration avec des communes, des partenaires et la soci\u00e9t\u00e9 de recyclage des mati\u00e8res plastiques InnoRecycling AG. Le projet a en outre [&hellip;]<\/p>\n","protected":false},"author":14,"featured_media":0,"comment_status":"closed","ping_status":"open","sticky":false,"template":"","format":"standard","meta":{"_acf_changed":false,"_relevanssi_hide_post":"","_relevanssi_hide_content":"","_relevanssi_pin_for_all":"","_relevanssi_pin_keywords":"","_relevanssi_unpin_keywords":"","_relevanssi_related_keywords":"","_relevanssi_related_include_ids":"","_relevanssi_related_exclude_ids":"","_relevanssi_related_no_append":"","_relevanssi_related_not_related":"","_relevanssi_related_posts":"","_relevanssi_noindex_reason":"","footnotes":""},"categories":[74,28,76],"tags":[],"class_list":["post-9791","post","type-post","status-publish","format-standard","hentry","category-aktuelles","category-frontseite","category-medienmitteilungen"],"acf":[],"yoast_head":"<!-- This site is optimized with the Yoast SEO plugin v27.4 - https:\/\/yoast.com\/product\/yoast-seo-wordpress\/ -->\n<title>Collecte de plastique m\u00e9nager - Gemeinde Lengnau<\/title>\n<meta name=\"robots\" content=\"index, follow, max-snippet:-1, max-image-preview:large, max-video-preview:-1\" \/>\n<link rel=\"canonical\" href=\"https:\/\/www.lengnau.ch\/fr\/2023\/04\/controle-periodique-des-abris-cpa\/\" \/>\n<meta property=\"og:locale\" content=\"fr_FR\" \/>\n<meta property=\"og:type\" content=\"article\" \/>\n<meta property=\"og:title\" content=\"Collecte de plastique m\u00e9nager - Gemeinde Lengnau\" \/>\n<meta property=\"og:description\" content=\"Le canton de Berne propose une nouvelle solution de recyclage qui permet une collecte uniforme et coordonn\u00e9e des plastiques m\u00e9nagers. Elle a \u00e9t\u00e9 d\u00e9velopp\u00e9e par l&rsquo;entreprise de gestion des d\u00e9chets AVAG Umwelt AG en collaboration avec des communes, des partenaires et la soci\u00e9t\u00e9 de recyclage des mati\u00e8res plastiques InnoRecycling AG. Le projet a en outre [&hellip;]\" \/>\n<meta property=\"og:url\" content=\"https:\/\/www.lengnau.ch\/fr\/2023\/04\/controle-periodique-des-abris-cpa\/\" \/>\n<meta property=\"og:site_name\" content=\"Gemeinde Lengnau\" \/>\n<meta property=\"article:published_time\" content=\"2023-04-28T06:00:09+00:00\" \/>\n<meta property=\"article:modified_time\" content=\"2024-05-16T06:55:12+00:00\" \/>\n<meta property=\"og:image\" content=\"https:\/\/www.lengnau.ch\/wp-content\/uploads\/2023\/04\/Bild_Kunststoff_Sammlung_Bring_Plastic_back-150x150.jpg\" \/>\n<meta name=\"author\" content=\"Fabienne Burri\" \/>\n<meta name=\"twitter:card\" content=\"summary_large_image\" \/>\n<script type=\"application\/ld+json\" class=\"yoast-schema-graph\">{\"@context\":\"https:\\\/\\\/schema.org\",\"@graph\":[{\"@type\":\"Article\",\"@id\":\"https:\\\/\\\/www.lengnau.ch\\\/fr\\\/2023\\\/04\\\/controle-periodique-des-abris-cpa\\\/#article\",\"isPartOf\":{\"@id\":\"https:\\\/\\\/www.lengnau.ch\\\/fr\\\/2023\\\/04\\\/controle-periodique-des-abris-cpa\\\/\"},\"author\":{\"name\":\"Fabienne Burri\",\"@id\":\"https:\\\/\\\/www.lengnau.ch\\\/#\\\/schema\\\/person\\\/3b540f564f973e8fb35e9aaaf540e53c\"},\"headline\":\"Collecte de plastique m\u00e9nager\",\"datePublished\":\"2023-04-28T06:00:09+00:00\",\"dateModified\":\"2024-05-16T06:55:12+00:00\",\"mainEntityOfPage\":{\"@id\":\"https:\\\/\\\/www.lengnau.ch\\\/fr\\\/2023\\\/04\\\/controle-periodique-des-abris-cpa\\\/\"},\"wordCount\":572,\"image\":{\"@id\":\"https:\\\/\\\/www.lengnau.ch\\\/fr\\\/2023\\\/04\\\/controle-periodique-des-abris-cpa\\\/#primaryimage\"},\"thumbnailUrl\":\"https:\\\/\\\/www.lengnau.ch\\\/wp-content\\\/uploads\\\/2023\\\/04\\\/Bild_Kunststoff_Sammlung_Bring_Plastic_back-150x150.jpg\",\"articleSection\":[\"Aktuelles\",\"Frontseite\",\"Medienmitteilungen\"],\"inLanguage\":\"fr-FR\"},{\"@type\":\"WebPage\",\"@id\":\"https:\\\/\\\/www.lengnau.ch\\\/fr\\\/2023\\\/04\\\/controle-periodique-des-abris-cpa\\\/\",\"url\":\"https:\\\/\\\/www.lengnau.ch\\\/fr\\\/2023\\\/04\\\/controle-periodique-des-abris-cpa\\\/\",\"name\":\"Collecte de plastique m\u00e9nager - Gemeinde Lengnau\",\"isPartOf\":{\"@id\":\"https:\\\/\\\/www.lengnau.ch\\\/#website\"},\"primaryImageOfPage\":{\"@id\":\"https:\\\/\\\/www.lengnau.ch\\\/fr\\\/2023\\\/04\\\/controle-periodique-des-abris-cpa\\\/#primaryimage\"},\"image\":{\"@id\":\"https:\\\/\\\/www.lengnau.ch\\\/fr\\\/2023\\\/04\\\/controle-periodique-des-abris-cpa\\\/#primaryimage\"},\"thumbnailUrl\":\"https:\\\/\\\/www.lengnau.ch\\\/wp-content\\\/uploads\\\/2023\\\/04\\\/Bild_Kunststoff_Sammlung_Bring_Plastic_back-150x150.jpg\",\"datePublished\":\"2023-04-28T06:00:09+00:00\",\"dateModified\":\"2024-05-16T06:55:12+00:00\",\"author\":{\"@id\":\"https:\\\/\\\/www.lengnau.ch\\\/#\\\/schema\\\/person\\\/3b540f564f973e8fb35e9aaaf540e53c\"},\"breadcrumb\":{\"@id\":\"https:\\\/\\\/www.lengnau.ch\\\/fr\\\/2023\\\/04\\\/controle-periodique-des-abris-cpa\\\/#breadcrumb\"},\"inLanguage\":\"fr-FR\",\"potentialAction\":[{\"@type\":\"ReadAction\",\"target\":[\"https:\\\/\\\/www.lengnau.ch\\\/fr\\\/2023\\\/04\\\/controle-periodique-des-abris-cpa\\\/\"]}]},{\"@type\":\"ImageObject\",\"inLanguage\":\"fr-FR\",\"@id\":\"https:\\\/\\\/www.lengnau.ch\\\/fr\\\/2023\\\/04\\\/controle-periodique-des-abris-cpa\\\/#primaryimage\",\"url\":\"https:\\\/\\\/www.lengnau.ch\\\/wp-content\\\/uploads\\\/2023\\\/04\\\/Bild_Kunststoff_Sammlung_Bring_Plastic_back-150x150.jpg\",\"contentUrl\":\"https:\\\/\\\/www.lengnau.ch\\\/wp-content\\\/uploads\\\/2023\\\/04\\\/Bild_Kunststoff_Sammlung_Bring_Plastic_back-150x150.jpg\"},{\"@type\":\"BreadcrumbList\",\"@id\":\"https:\\\/\\\/www.lengnau.ch\\\/fr\\\/2023\\\/04\\\/controle-periodique-des-abris-cpa\\\/#breadcrumb\",\"itemListElement\":[{\"@type\":\"ListItem\",\"position\":1,\"name\":\"Home\",\"item\":\"https:\\\/\\\/www.lengnau.ch\\\/fr\\\/\"},{\"@type\":\"ListItem\",\"position\":2,\"name\":\"Collecte de plastique m\u00e9nager\"}]},{\"@type\":\"WebSite\",\"@id\":\"https:\\\/\\\/www.lengnau.ch\\\/#website\",\"url\":\"https:\\\/\\\/www.lengnau.ch\\\/\",\"name\":\"Gemeinde Lengnau\",\"description\":\"\",\"potentialAction\":[{\"@type\":\"SearchAction\",\"target\":{\"@type\":\"EntryPoint\",\"urlTemplate\":\"https:\\\/\\\/www.lengnau.ch\\\/?s={search_term_string}\"},\"query-input\":{\"@type\":\"PropertyValueSpecification\",\"valueRequired\":true,\"valueName\":\"search_term_string\"}}],\"inLanguage\":\"fr-FR\"},{\"@type\":\"Person\",\"@id\":\"https:\\\/\\\/www.lengnau.ch\\\/#\\\/schema\\\/person\\\/3b540f564f973e8fb35e9aaaf540e53c\",\"name\":\"Fabienne Burri\",\"url\":\"https:\\\/\\\/www.lengnau.ch\\\/fr\\\/author\\\/fabienne-burrilengnau-ch\\\/\"}]}<\/script>\n<!-- \/ Yoast SEO plugin. -->","yoast_head_json":{"title":"Collecte de plastique m\u00e9nager - Gemeinde Lengnau","robots":{"index":"index","follow":"follow","max-snippet":"max-snippet:-1","max-image-preview":"max-image-preview:large","max-video-preview":"max-video-preview:-1"},"canonical":"https:\/\/www.lengnau.ch\/fr\/2023\/04\/controle-periodique-des-abris-cpa\/","og_locale":"fr_FR","og_type":"article","og_title":"Collecte de plastique m\u00e9nager - Gemeinde Lengnau","og_description":"Le canton de Berne propose une nouvelle solution de recyclage qui permet une collecte uniforme et coordonn\u00e9e des plastiques m\u00e9nagers. Elle a \u00e9t\u00e9 d\u00e9velopp\u00e9e par l&rsquo;entreprise de gestion des d\u00e9chets AVAG Umwelt AG en collaboration avec des communes, des partenaires et la soci\u00e9t\u00e9 de recyclage des mati\u00e8res plastiques InnoRecycling AG. Le projet a en outre [&hellip;]","og_url":"https:\/\/www.lengnau.ch\/fr\/2023\/04\/controle-periodique-des-abris-cpa\/","og_site_name":"Gemeinde Lengnau","article_published_time":"2023-04-28T06:00:09+00:00","article_modified_time":"2024-05-16T06:55:12+00:00","og_image":[{"url":"https:\/\/www.lengnau.ch\/wp-content\/uploads\/2023\/04\/Bild_Kunststoff_Sammlung_Bring_Plastic_back-150x150.jpg","type":"","width":"","height":""}],"author":"Fabienne Burri","twitter_card":"summary_large_image","schema":{"@context":"https:\/\/schema.org","@graph":[{"@type":"Article","@id":"https:\/\/www.lengnau.ch\/fr\/2023\/04\/controle-periodique-des-abris-cpa\/#article","isPartOf":{"@id":"https:\/\/www.lengnau.ch\/fr\/2023\/04\/controle-periodique-des-abris-cpa\/"},"author":{"name":"Fabienne Burri","@id":"https:\/\/www.lengnau.ch\/#\/schema\/person\/3b540f564f973e8fb35e9aaaf540e53c"},"headline":"Collecte de plastique m\u00e9nager","datePublished":"2023-04-28T06:00:09+00:00","dateModified":"2024-05-16T06:55:12+00:00","mainEntityOfPage":{"@id":"https:\/\/www.lengnau.ch\/fr\/2023\/04\/controle-periodique-des-abris-cpa\/"},"wordCount":572,"image":{"@id":"https:\/\/www.lengnau.ch\/fr\/2023\/04\/controle-periodique-des-abris-cpa\/#primaryimage"},"thumbnailUrl":"https:\/\/www.lengnau.ch\/wp-content\/uploads\/2023\/04\/Bild_Kunststoff_Sammlung_Bring_Plastic_back-150x150.jpg","articleSection":["Aktuelles","Frontseite","Medienmitteilungen"],"inLanguage":"fr-FR"},{"@type":"WebPage","@id":"https:\/\/www.lengnau.ch\/fr\/2023\/04\/controle-periodique-des-abris-cpa\/","url":"https:\/\/www.lengnau.ch\/fr\/2023\/04\/controle-periodique-des-abris-cpa\/","name":"Collecte de plastique m\u00e9nager - Gemeinde Lengnau","isPartOf":{"@id":"https:\/\/www.lengnau.ch\/#website"},"primaryImageOfPage":{"@id":"https:\/\/www.lengnau.ch\/fr\/2023\/04\/controle-periodique-des-abris-cpa\/#primaryimage"},"image":{"@id":"https:\/\/www.lengnau.ch\/fr\/2023\/04\/controle-periodique-des-abris-cpa\/#primaryimage"},"thumbnailUrl":"https:\/\/www.lengnau.ch\/wp-content\/uploads\/2023\/04\/Bild_Kunststoff_Sammlung_Bring_Plastic_back-150x150.jpg","datePublished":"2023-04-28T06:00:09+00:00","dateModified":"2024-05-16T06:55:12+00:00","author":{"@id":"https:\/\/www.lengnau.ch\/#\/schema\/person\/3b540f564f973e8fb35e9aaaf540e53c"},"breadcrumb":{"@id":"https:\/\/www.lengnau.ch\/fr\/2023\/04\/controle-periodique-des-abris-cpa\/#breadcrumb"},"inLanguage":"fr-FR","potentialAction":[{"@type":"ReadAction","target":["https:\/\/www.lengnau.ch\/fr\/2023\/04\/controle-periodique-des-abris-cpa\/"]}]},{"@type":"ImageObject","inLanguage":"fr-FR","@id":"https:\/\/www.lengnau.ch\/fr\/2023\/04\/controle-periodique-des-abris-cpa\/#primaryimage","url":"https:\/\/www.lengnau.ch\/wp-content\/uploads\/2023\/04\/Bild_Kunststoff_Sammlung_Bring_Plastic_back-150x150.jpg","contentUrl":"https:\/\/www.lengnau.ch\/wp-content\/uploads\/2023\/04\/Bild_Kunststoff_Sammlung_Bring_Plastic_back-150x150.jpg"},{"@type":"BreadcrumbList","@id":"https:\/\/www.lengnau.ch\/fr\/2023\/04\/controle-periodique-des-abris-cpa\/#breadcrumb","itemListElement":[{"@type":"ListItem","position":1,"name":"Home","item":"https:\/\/www.lengnau.ch\/fr\/"},{"@type":"ListItem","position":2,"name":"Collecte de plastique m\u00e9nager"}]},{"@type":"WebSite","@id":"https:\/\/www.lengnau.ch\/#website","url":"https:\/\/www.lengnau.ch\/","name":"Gemeinde Lengnau","description":"","potentialAction":[{"@type":"SearchAction","target":{"@type":"EntryPoint","urlTemplate":"https:\/\/www.lengnau.ch\/?s={search_term_string}"},"query-input":{"@type":"PropertyValueSpecification","valueRequired":true,"valueName":"search_term_string"}}],"inLanguage":"fr-FR"},{"@type":"Person","@id":"https:\/\/www.lengnau.ch\/#\/schema\/person\/3b540f564f973e8fb35e9aaaf540e53c","name":"Fabienne Burri","url":"https:\/\/www.lengnau.ch\/fr\/author\/fabienne-burrilengnau-ch\/"}]}},"publishpress_future_action":{"enabled":false,"date":"2026-05-06 23:46:30","action":"change-status","newStatus":"draft","terms":[],"taxonomy":"category","extraData":[]},"publishpress_future_workflow_manual_trigger":{"enabledWorkflows":[]},"_links":{"self":[{"href":"https:\/\/www.lengnau.ch\/fr\/wp-json\/wp\/v2\/posts\/9791","targetHints":{"allow":["GET"]}}],"collection":[{"href":"https:\/\/www.lengnau.ch\/fr\/wp-json\/wp\/v2\/posts"}],"about":[{"href":"https:\/\/www.lengnau.ch\/fr\/wp-json\/wp\/v2\/types\/post"}],"author":[{"embeddable":true,"href":"https:\/\/www.lengnau.ch\/fr\/wp-json\/wp\/v2\/users\/14"}],"replies":[{"embeddable":true,"href":"https:\/\/www.lengnau.ch\/fr\/wp-json\/wp\/v2\/comments?post=9791"}],"version-history":[{"count":6,"href":"https:\/\/www.lengnau.ch\/fr\/wp-json\/wp\/v2\/posts\/9791\/revisions"}],"predecessor-version":[{"id":13240,"href":"https:\/\/www.lengnau.ch\/fr\/wp-json\/wp\/v2\/posts\/9791\/revisions\/13240"}],"wp:attachment":[{"href":"https:\/\/www.lengnau.ch\/fr\/wp-json\/wp\/v2\/media?parent=9791"}],"wp:term":[{"taxonomy":"category","embeddable":true,"href":"https:\/\/www.lengnau.ch\/fr\/wp-json\/wp\/v2\/categories?post=9791"},{"taxonomy":"post_tag","embeddable":true,"href":"https:\/\/www.lengnau.ch\/fr\/wp-json\/wp\/v2\/tags?post=9791"}],"curies":[{"name":"wp","href":"https:\/\/api.w.org\/{rel}","templated":true}]}}