{"id":9362,"date":"2023-03-12T11:43:05","date_gmt":"2023-03-12T10:43:05","guid":{"rendered":"https:\/\/www.lengnau.ch\/?p=9362"},"modified":"2023-03-24T09:36:13","modified_gmt":"2023-03-24T08:36:13","slug":"resultats-de-la-votation-populaire-cantonale-du-12-03-2023","status":"publish","type":"post","link":"https:\/\/www.lengnau.ch\/fr\/2023\/03\/resultats-de-la-votation-populaire-cantonale-du-12-03-2023\/","title":{"rendered":"R\u00e9sultats de la votation populaire cantonale du 12.03.2023"},"content":{"rendered":"<div class=\"elementStandard elementContent elementText\">\n<p class=\"description\">R\u00e9sultats des votations de la commune de Lengnau BE<\/p>\n<\/div>\n<div class=\"elementStandard elementContent elementText elementText_var0\">\n<p>Nombre de votants : 3 341<\/p>\n<p>Participation au vote : 19,5<\/p>\n<\/div>\n<div id=\"anchor_184bfc44_Kantonale-Volksabstimmung\" class=\"elementStandard elementContent elementHeadline elementHeadline_var0\">\n<h2>Votation populaire cantonale<\/h2>\n<p>1. acceptez-vous la modification de la Constitution cantonale<strong>(statut et comp\u00e9tences des autorit\u00e9s judiciaires<\/strong>) ?<\/p>\n<p>OUI : 470<br \/>\nNON : 159<\/p>\n<p>2. acceptez-vous la modification de la Constitution cantonale<strong>(r\u00e8gles d&rsquo;incompatibilit\u00e9 membres du Grand Conseil<\/strong>) ?<\/p>\n<p>OUI : 414<br \/>\nNON : 216<\/p>\n<p>3. acceptez-vous le <strong>cr\u00e9dit de construction pour l&rsquo;assainissement du trafic \u00e0 Aarwangen<\/strong>?<\/p>\n<p>OUI : 370<br \/>\nNON : 257<\/p>\n<p>4. acceptez-vous le <strong>cr\u00e9dit de construction pour l&rsquo;assainissement du trafic Burgdorf-Oberburg-Hasle <\/strong>?<\/p>\n<p>OUI : 377<br \/>\nNON : 253<\/p>\n<\/div>\n<div id=\"anchor_4da624f5_Eidgenoessische-Volksabstimmung\" class=\"elementStandard elementContent elementHeadline elementHeadline_var0\">\n<h2>En savoir plus sur le sujet<\/h2>\n<\/div>\n<div class=\"elementStandard elementLink elementLink_var0 elementLinkList\"><a href=\"https:\/\/www.lengnau.ch\/wp-content\/uploads\/2023\/03\/2543_Lengnau_BE_Protokoll_Kantonale_Volksabstimmung_12_03_2023.pdf\" target=\"_blank\" rel=\"noopener\">Proc\u00e8s-verbal de la votation populaire cantonale du 12.03.2023<\/a><\/div>\n","protected":false},"excerpt":{"rendered":"<p>R\u00e9sultats des votations de la commune de Lengnau BE Nombre de votants : 3 341 Participation au vote : 19,5 Votation populaire cantonale 1. acceptez-vous la modification de la Constitution cantonale(statut et comp\u00e9tences des autorit\u00e9s judiciaires) ? OUI : 470 NON : 159 2. acceptez-vous la modification de la Constitution cantonale(r\u00e8gles d&rsquo;incompatibilit\u00e9 membres du Grand [&hellip;]<\/p>\n","protected":false},"author":14,"featured_media":0,"comment_status":"closed","ping_status":"open","sticky":false,"template":"","format":"standard","meta":{"_acf_changed":false,"_relevanssi_hide_post":"","_relevanssi_hide_content":"","_relevanssi_pin_for_all":"","_relevanssi_pin_keywords":"","_relevanssi_unpin_keywords":"","_relevanssi_related_keywords":"","_relevanssi_related_include_ids":"","_relevanssi_related_exclude_ids":"","_relevanssi_related_no_append":"","_relevanssi_related_not_related":"","_relevanssi_related_posts":"","_relevanssi_noindex_reason":"","footnotes":""},"categories":[74,76],"tags":[],"class_list":["post-9362","post","type-post","status-publish","format-standard","hentry","category-aktuelles","category-medienmitteilungen"],"acf":[],"yoast_head":"<!-- This site is optimized with the Yoast SEO plugin v27.4 - https:\/\/yoast.com\/product\/yoast-seo-wordpress\/ -->\n<title>R\u00e9sultats de la votation populaire cantonale du 12.03.2023 - Gemeinde Lengnau<\/title>\n<meta name=\"robots\" content=\"index, follow, max-snippet:-1, max-image-preview:large, max-video-preview:-1\" \/>\n<link rel=\"canonical\" href=\"https:\/\/www.lengnau.ch\/fr\/2023\/03\/resultats-de-la-votation-populaire-cantonale-du-12-03-2023\/\" \/>\n<meta property=\"og:locale\" content=\"fr_FR\" \/>\n<meta property=\"og:type\" content=\"article\" \/>\n<meta property=\"og:title\" content=\"R\u00e9sultats de la votation populaire cantonale du 12.03.2023 - Gemeinde Lengnau\" \/>\n<meta property=\"og:description\" content=\"R\u00e9sultats des votations de la commune de Lengnau BE Nombre de votants : 3 341 Participation au vote : 19,5 Votation populaire cantonale 1. acceptez-vous la modification de la Constitution cantonale(statut et comp\u00e9tences des autorit\u00e9s judiciaires) ? OUI : 470 NON : 159 2. acceptez-vous la modification de la Constitution cantonale(r\u00e8gles d&rsquo;incompatibilit\u00e9 membres du Grand [&hellip;]\" \/>\n<meta property=\"og:url\" content=\"https:\/\/www.lengnau.ch\/fr\/2023\/03\/resultats-de-la-votation-populaire-cantonale-du-12-03-2023\/\" \/>\n<meta property=\"og:site_name\" content=\"Gemeinde Lengnau\" \/>\n<meta property=\"article:published_time\" content=\"2023-03-12T10:43:05+00:00\" \/>\n<meta property=\"article:modified_time\" content=\"2023-03-24T08:36:13+00:00\" \/>\n<meta name=\"author\" content=\"Fabienne Burri\" \/>\n<meta name=\"twitter:card\" content=\"summary_large_image\" \/>\n<script type=\"application\/ld+json\" class=\"yoast-schema-graph\">{\"@context\":\"https:\\\/\\\/schema.org\",\"@graph\":[{\"@type\":\"Article\",\"@id\":\"https:\\\/\\\/www.lengnau.ch\\\/fr\\\/2023\\\/03\\\/resultats-de-la-votation-populaire-cantonale-du-12-03-2023\\\/#article\",\"isPartOf\":{\"@id\":\"https:\\\/\\\/www.lengnau.ch\\\/fr\\\/2023\\\/03\\\/resultats-de-la-votation-populaire-cantonale-du-12-03-2023\\\/\"},\"author\":{\"name\":\"Fabienne Burri\",\"@id\":\"https:\\\/\\\/www.lengnau.ch\\\/#\\\/schema\\\/person\\\/3b540f564f973e8fb35e9aaaf540e53c\"},\"headline\":\"R\u00e9sultats de la votation populaire cantonale du 12.03.2023\",\"datePublished\":\"2023-03-12T10:43:05+00:00\",\"dateModified\":\"2023-03-24T08:36:13+00:00\",\"mainEntityOfPage\":{\"@id\":\"https:\\\/\\\/www.lengnau.ch\\\/fr\\\/2023\\\/03\\\/resultats-de-la-votation-populaire-cantonale-du-12-03-2023\\\/\"},\"wordCount\":100,\"articleSection\":[\"Aktuelles\",\"Medienmitteilungen\"],\"inLanguage\":\"fr-FR\"},{\"@type\":\"WebPage\",\"@id\":\"https:\\\/\\\/www.lengnau.ch\\\/fr\\\/2023\\\/03\\\/resultats-de-la-votation-populaire-cantonale-du-12-03-2023\\\/\",\"url\":\"https:\\\/\\\/www.lengnau.ch\\\/fr\\\/2023\\\/03\\\/resultats-de-la-votation-populaire-cantonale-du-12-03-2023\\\/\",\"name\":\"R\u00e9sultats de la votation populaire cantonale du 12.03.2023 - Gemeinde Lengnau\",\"isPartOf\":{\"@id\":\"https:\\\/\\\/www.lengnau.ch\\\/#website\"},\"datePublished\":\"2023-03-12T10:43:05+00:00\",\"dateModified\":\"2023-03-24T08:36:13+00:00\",\"author\":{\"@id\":\"https:\\\/\\\/www.lengnau.ch\\\/#\\\/schema\\\/person\\\/3b540f564f973e8fb35e9aaaf540e53c\"},\"breadcrumb\":{\"@id\":\"https:\\\/\\\/www.lengnau.ch\\\/fr\\\/2023\\\/03\\\/resultats-de-la-votation-populaire-cantonale-du-12-03-2023\\\/#breadcrumb\"},\"inLanguage\":\"fr-FR\",\"potentialAction\":[{\"@type\":\"ReadAction\",\"target\":[\"https:\\\/\\\/www.lengnau.ch\\\/fr\\\/2023\\\/03\\\/resultats-de-la-votation-populaire-cantonale-du-12-03-2023\\\/\"]}]},{\"@type\":\"BreadcrumbList\",\"@id\":\"https:\\\/\\\/www.lengnau.ch\\\/fr\\\/2023\\\/03\\\/resultats-de-la-votation-populaire-cantonale-du-12-03-2023\\\/#breadcrumb\",\"itemListElement\":[{\"@type\":\"ListItem\",\"position\":1,\"name\":\"Home\",\"item\":\"https:\\\/\\\/www.lengnau.ch\\\/fr\\\/\"},{\"@type\":\"ListItem\",\"position\":2,\"name\":\"R\u00e9sultats de la votation populaire cantonale du 12.03.2023\"}]},{\"@type\":\"WebSite\",\"@id\":\"https:\\\/\\\/www.lengnau.ch\\\/#website\",\"url\":\"https:\\\/\\\/www.lengnau.ch\\\/\",\"name\":\"Gemeinde Lengnau\",\"description\":\"\",\"potentialAction\":[{\"@type\":\"SearchAction\",\"target\":{\"@type\":\"EntryPoint\",\"urlTemplate\":\"https:\\\/\\\/www.lengnau.ch\\\/?s={search_term_string}\"},\"query-input\":{\"@type\":\"PropertyValueSpecification\",\"valueRequired\":true,\"valueName\":\"search_term_string\"}}],\"inLanguage\":\"fr-FR\"},{\"@type\":\"Person\",\"@id\":\"https:\\\/\\\/www.lengnau.ch\\\/#\\\/schema\\\/person\\\/3b540f564f973e8fb35e9aaaf540e53c\",\"name\":\"Fabienne Burri\",\"url\":\"https:\\\/\\\/www.lengnau.ch\\\/fr\\\/author\\\/fabienne-burrilengnau-ch\\\/\"}]}<\/script>\n<!-- \/ Yoast SEO plugin. -->","yoast_head_json":{"title":"R\u00e9sultats de la votation populaire cantonale du 12.03.2023 - Gemeinde Lengnau","robots":{"index":"index","follow":"follow","max-snippet":"max-snippet:-1","max-image-preview":"max-image-preview:large","max-video-preview":"max-video-preview:-1"},"canonical":"https:\/\/www.lengnau.ch\/fr\/2023\/03\/resultats-de-la-votation-populaire-cantonale-du-12-03-2023\/","og_locale":"fr_FR","og_type":"article","og_title":"R\u00e9sultats de la votation populaire cantonale du 12.03.2023 - Gemeinde Lengnau","og_description":"R\u00e9sultats des votations de la commune de Lengnau BE Nombre de votants : 3 341 Participation au vote : 19,5 Votation populaire cantonale 1. acceptez-vous la modification de la Constitution cantonale(statut et comp\u00e9tences des autorit\u00e9s judiciaires) ? OUI : 470 NON : 159 2. acceptez-vous la modification de la Constitution cantonale(r\u00e8gles d&rsquo;incompatibilit\u00e9 membres du Grand [&hellip;]","og_url":"https:\/\/www.lengnau.ch\/fr\/2023\/03\/resultats-de-la-votation-populaire-cantonale-du-12-03-2023\/","og_site_name":"Gemeinde Lengnau","article_published_time":"2023-03-12T10:43:05+00:00","article_modified_time":"2023-03-24T08:36:13+00:00","author":"Fabienne Burri","twitter_card":"summary_large_image","schema":{"@context":"https:\/\/schema.org","@graph":[{"@type":"Article","@id":"https:\/\/www.lengnau.ch\/fr\/2023\/03\/resultats-de-la-votation-populaire-cantonale-du-12-03-2023\/#article","isPartOf":{"@id":"https:\/\/www.lengnau.ch\/fr\/2023\/03\/resultats-de-la-votation-populaire-cantonale-du-12-03-2023\/"},"author":{"name":"Fabienne Burri","@id":"https:\/\/www.lengnau.ch\/#\/schema\/person\/3b540f564f973e8fb35e9aaaf540e53c"},"headline":"R\u00e9sultats de la votation populaire cantonale du 12.03.2023","datePublished":"2023-03-12T10:43:05+00:00","dateModified":"2023-03-24T08:36:13+00:00","mainEntityOfPage":{"@id":"https:\/\/www.lengnau.ch\/fr\/2023\/03\/resultats-de-la-votation-populaire-cantonale-du-12-03-2023\/"},"wordCount":100,"articleSection":["Aktuelles","Medienmitteilungen"],"inLanguage":"fr-FR"},{"@type":"WebPage","@id":"https:\/\/www.lengnau.ch\/fr\/2023\/03\/resultats-de-la-votation-populaire-cantonale-du-12-03-2023\/","url":"https:\/\/www.lengnau.ch\/fr\/2023\/03\/resultats-de-la-votation-populaire-cantonale-du-12-03-2023\/","name":"R\u00e9sultats de la votation populaire cantonale du 12.03.2023 - Gemeinde Lengnau","isPartOf":{"@id":"https:\/\/www.lengnau.ch\/#website"},"datePublished":"2023-03-12T10:43:05+00:00","dateModified":"2023-03-24T08:36:13+00:00","author":{"@id":"https:\/\/www.lengnau.ch\/#\/schema\/person\/3b540f564f973e8fb35e9aaaf540e53c"},"breadcrumb":{"@id":"https:\/\/www.lengnau.ch\/fr\/2023\/03\/resultats-de-la-votation-populaire-cantonale-du-12-03-2023\/#breadcrumb"},"inLanguage":"fr-FR","potentialAction":[{"@type":"ReadAction","target":["https:\/\/www.lengnau.ch\/fr\/2023\/03\/resultats-de-la-votation-populaire-cantonale-du-12-03-2023\/"]}]},{"@type":"BreadcrumbList","@id":"https:\/\/www.lengnau.ch\/fr\/2023\/03\/resultats-de-la-votation-populaire-cantonale-du-12-03-2023\/#breadcrumb","itemListElement":[{"@type":"ListItem","position":1,"name":"Home","item":"https:\/\/www.lengnau.ch\/fr\/"},{"@type":"ListItem","position":2,"name":"R\u00e9sultats de la votation populaire cantonale du 12.03.2023"}]},{"@type":"WebSite","@id":"https:\/\/www.lengnau.ch\/#website","url":"https:\/\/www.lengnau.ch\/","name":"Gemeinde Lengnau","description":"","potentialAction":[{"@type":"SearchAction","target":{"@type":"EntryPoint","urlTemplate":"https:\/\/www.lengnau.ch\/?s={search_term_string}"},"query-input":{"@type":"PropertyValueSpecification","valueRequired":true,"valueName":"search_term_string"}}],"inLanguage":"fr-FR"},{"@type":"Person","@id":"https:\/\/www.lengnau.ch\/#\/schema\/person\/3b540f564f973e8fb35e9aaaf540e53c","name":"Fabienne Burri","url":"https:\/\/www.lengnau.ch\/fr\/author\/fabienne-burrilengnau-ch\/"}]}},"publishpress_future_action":{"enabled":false,"date":"2026-05-07 15:32:04","action":"change-status","newStatus":"draft","terms":[],"taxonomy":"category","extraData":[]},"publishpress_future_workflow_manual_trigger":{"enabledWorkflows":[]},"_links":{"self":[{"href":"https:\/\/www.lengnau.ch\/fr\/wp-json\/wp\/v2\/posts\/9362","targetHints":{"allow":["GET"]}}],"collection":[{"href":"https:\/\/www.lengnau.ch\/fr\/wp-json\/wp\/v2\/posts"}],"about":[{"href":"https:\/\/www.lengnau.ch\/fr\/wp-json\/wp\/v2\/types\/post"}],"author":[{"embeddable":true,"href":"https:\/\/www.lengnau.ch\/fr\/wp-json\/wp\/v2\/users\/14"}],"replies":[{"embeddable":true,"href":"https:\/\/www.lengnau.ch\/fr\/wp-json\/wp\/v2\/comments?post=9362"}],"version-history":[{"count":1,"href":"https:\/\/www.lengnau.ch\/fr\/wp-json\/wp\/v2\/posts\/9362\/revisions"}],"predecessor-version":[{"id":9443,"href":"https:\/\/www.lengnau.ch\/fr\/wp-json\/wp\/v2\/posts\/9362\/revisions\/9443"}],"wp:attachment":[{"href":"https:\/\/www.lengnau.ch\/fr\/wp-json\/wp\/v2\/media?parent=9362"}],"wp:term":[{"taxonomy":"category","embeddable":true,"href":"https:\/\/www.lengnau.ch\/fr\/wp-json\/wp\/v2\/categories?post=9362"},{"taxonomy":"post_tag","embeddable":true,"href":"https:\/\/www.lengnau.ch\/fr\/wp-json\/wp\/v2\/tags?post=9362"}],"curies":[{"name":"wp","href":"https:\/\/api.w.org\/{rel}","templated":true}]}}