{"id":7773,"date":"2022-11-25T12:26:23","date_gmt":"2022-11-25T11:26:23","guid":{"rendered":"https:\/\/www.lengnau.ch\/?p=7773"},"modified":"2022-12-05T16:28:22","modified_gmt":"2022-12-05T15:28:22","slug":"simon-laederach-quitte-la-commune-de-longeau-en-tant-que-responsable-de-la-formation","status":"publish","type":"post","link":"https:\/\/www.lengnau.ch\/fr\/2022\/11\/simon-laederach-quitte-la-commune-de-longeau-en-tant-que-responsable-de-la-formation\/","title":{"rendered":"Simon L\u00e4derach quitte la commune de Longeau en tant que responsable de la formation"},"content":{"rendered":"<div class=\"elementStandard elementContent elementText\"><\/div>\n<div>\n<p>Simon L\u00e4derach a quitt\u00e9 son poste de responsable de la formation apr\u00e8s avoir travaill\u00e9 7,5 ans \u00e0 Lengnau. Simon L\u00e4derach a repris l&rsquo;\u00e9cole de Longeau dans une phase de d\u00e9fi et a d\u00e9velopp\u00e9 une nouvelle culture scolaire en collaboration avec les enseignants dans le cadre de diff\u00e9rents projets. Son travail a \u00e9t\u00e9 marqu\u00e9 par un engagement extr\u00eamement fort en faveur des \u00e9coles de Longeau. L&rsquo;\u00e9toile directrice \u00ab\u00a0une \u00e9cole &#8211; un visage\u00a0\u00bb a toujours \u00e9t\u00e9 au centre des pr\u00e9occupations, en faveur des \u00e9l\u00e8ves. Par ailleurs, Simon L\u00e4derach s&rsquo;est engag\u00e9 en faveur de l&rsquo;extension des b\u00e2timents scolaires. Le conseil municipal de Longeau remercie Simon L\u00e4derach pour sa pr\u00e9cieuse activit\u00e9 \u00e0 Longeau et lui souhaite le meilleur pour son avenir.<\/p>\n<\/div>\n<div><\/div>\n","protected":false},"excerpt":{"rendered":"<p>Simon L\u00e4derach a quitt\u00e9 son poste de responsable de la formation apr\u00e8s avoir travaill\u00e9 7,5 ans \u00e0 Lengnau. Simon L\u00e4derach a repris l&rsquo;\u00e9cole de Longeau dans une phase de d\u00e9fi et a d\u00e9velopp\u00e9 une nouvelle culture scolaire en collaboration avec les enseignants dans le cadre de diff\u00e9rents projets. Son travail a \u00e9t\u00e9 marqu\u00e9 par un [&hellip;]<\/p>\n","protected":false},"author":16,"featured_media":0,"comment_status":"closed","ping_status":"open","sticky":false,"template":"","format":"standard","meta":{"_acf_changed":false,"_relevanssi_hide_post":"","_relevanssi_hide_content":"","_relevanssi_pin_for_all":"","_relevanssi_pin_keywords":"","_relevanssi_unpin_keywords":"","_relevanssi_related_keywords":"","_relevanssi_related_include_ids":"","_relevanssi_related_exclude_ids":"","_relevanssi_related_no_append":"","_relevanssi_related_not_related":"","_relevanssi_related_posts":"","_relevanssi_noindex_reason":"","footnotes":""},"categories":[74,28,76],"tags":[],"class_list":["post-7773","post","type-post","status-publish","format-standard","hentry","category-aktuelles","category-frontseite","category-medienmitteilungen"],"acf":[],"yoast_head":"<!-- This site is optimized with the Yoast SEO plugin v27.4 - https:\/\/yoast.com\/product\/yoast-seo-wordpress\/ -->\n<title>Simon L\u00e4derach quitte la commune de Longeau en tant que responsable de la formation - Gemeinde Lengnau<\/title>\n<meta name=\"robots\" content=\"index, follow, max-snippet:-1, max-image-preview:large, max-video-preview:-1\" \/>\n<link rel=\"canonical\" href=\"https:\/\/www.lengnau.ch\/fr\/2022\/11\/simon-laederach-quitte-la-commune-de-longeau-en-tant-que-responsable-de-la-formation\/\" \/>\n<meta property=\"og:locale\" content=\"fr_FR\" \/>\n<meta property=\"og:type\" content=\"article\" \/>\n<meta property=\"og:title\" content=\"Simon L\u00e4derach quitte la commune de Longeau en tant que responsable de la formation - Gemeinde Lengnau\" \/>\n<meta property=\"og:description\" content=\"Simon L\u00e4derach a quitt\u00e9 son poste de responsable de la formation apr\u00e8s avoir travaill\u00e9 7,5 ans \u00e0 Lengnau. Simon L\u00e4derach a repris l&rsquo;\u00e9cole de Longeau dans une phase de d\u00e9fi et a d\u00e9velopp\u00e9 une nouvelle culture scolaire en collaboration avec les enseignants dans le cadre de diff\u00e9rents projets. Son travail a \u00e9t\u00e9 marqu\u00e9 par un [&hellip;]\" \/>\n<meta property=\"og:url\" content=\"https:\/\/www.lengnau.ch\/fr\/2022\/11\/simon-laederach-quitte-la-commune-de-longeau-en-tant-que-responsable-de-la-formation\/\" \/>\n<meta property=\"og:site_name\" content=\"Gemeinde Lengnau\" \/>\n<meta property=\"article:published_time\" content=\"2022-11-25T11:26:23+00:00\" \/>\n<meta property=\"article:modified_time\" content=\"2022-12-05T15:28:22+00:00\" \/>\n<meta name=\"author\" content=\"Marcel Krebs\" \/>\n<meta name=\"twitter:card\" content=\"summary_large_image\" \/>\n<script type=\"application\/ld+json\" class=\"yoast-schema-graph\">{\"@context\":\"https:\\\/\\\/schema.org\",\"@graph\":[{\"@type\":\"Article\",\"@id\":\"https:\\\/\\\/www.lengnau.ch\\\/fr\\\/2022\\\/11\\\/simon-laederach-quitte-la-commune-de-longeau-en-tant-que-responsable-de-la-formation\\\/#article\",\"isPartOf\":{\"@id\":\"https:\\\/\\\/www.lengnau.ch\\\/fr\\\/2022\\\/11\\\/simon-laederach-quitte-la-commune-de-longeau-en-tant-que-responsable-de-la-formation\\\/\"},\"author\":{\"name\":\"Marcel Krebs\",\"@id\":\"https:\\\/\\\/www.lengnau.ch\\\/#\\\/schema\\\/person\\\/4f24628d398f23babc11f9eda3941a1c\"},\"headline\":\"Simon L\u00e4derach quitte la commune de Longeau en tant que responsable de la formation\",\"datePublished\":\"2022-11-25T11:26:23+00:00\",\"dateModified\":\"2022-12-05T15:28:22+00:00\",\"mainEntityOfPage\":{\"@id\":\"https:\\\/\\\/www.lengnau.ch\\\/fr\\\/2022\\\/11\\\/simon-laederach-quitte-la-commune-de-longeau-en-tant-que-responsable-de-la-formation\\\/\"},\"wordCount\":144,\"articleSection\":[\"Aktuelles\",\"Frontseite\",\"Medienmitteilungen\"],\"inLanguage\":\"fr-FR\"},{\"@type\":\"WebPage\",\"@id\":\"https:\\\/\\\/www.lengnau.ch\\\/fr\\\/2022\\\/11\\\/simon-laederach-quitte-la-commune-de-longeau-en-tant-que-responsable-de-la-formation\\\/\",\"url\":\"https:\\\/\\\/www.lengnau.ch\\\/fr\\\/2022\\\/11\\\/simon-laederach-quitte-la-commune-de-longeau-en-tant-que-responsable-de-la-formation\\\/\",\"name\":\"Simon L\u00e4derach quitte la commune de Longeau en tant que responsable de la formation - Gemeinde Lengnau\",\"isPartOf\":{\"@id\":\"https:\\\/\\\/www.lengnau.ch\\\/#website\"},\"datePublished\":\"2022-11-25T11:26:23+00:00\",\"dateModified\":\"2022-12-05T15:28:22+00:00\",\"author\":{\"@id\":\"https:\\\/\\\/www.lengnau.ch\\\/#\\\/schema\\\/person\\\/4f24628d398f23babc11f9eda3941a1c\"},\"breadcrumb\":{\"@id\":\"https:\\\/\\\/www.lengnau.ch\\\/fr\\\/2022\\\/11\\\/simon-laederach-quitte-la-commune-de-longeau-en-tant-que-responsable-de-la-formation\\\/#breadcrumb\"},\"inLanguage\":\"fr-FR\",\"potentialAction\":[{\"@type\":\"ReadAction\",\"target\":[\"https:\\\/\\\/www.lengnau.ch\\\/fr\\\/2022\\\/11\\\/simon-laederach-quitte-la-commune-de-longeau-en-tant-que-responsable-de-la-formation\\\/\"]}]},{\"@type\":\"BreadcrumbList\",\"@id\":\"https:\\\/\\\/www.lengnau.ch\\\/fr\\\/2022\\\/11\\\/simon-laederach-quitte-la-commune-de-longeau-en-tant-que-responsable-de-la-formation\\\/#breadcrumb\",\"itemListElement\":[{\"@type\":\"ListItem\",\"position\":1,\"name\":\"Home\",\"item\":\"https:\\\/\\\/www.lengnau.ch\\\/fr\\\/\"},{\"@type\":\"ListItem\",\"position\":2,\"name\":\"Simon L\u00e4derach quitte la commune de Longeau en tant que responsable de la formation\"}]},{\"@type\":\"WebSite\",\"@id\":\"https:\\\/\\\/www.lengnau.ch\\\/#website\",\"url\":\"https:\\\/\\\/www.lengnau.ch\\\/\",\"name\":\"Gemeinde Lengnau\",\"description\":\"\",\"potentialAction\":[{\"@type\":\"SearchAction\",\"target\":{\"@type\":\"EntryPoint\",\"urlTemplate\":\"https:\\\/\\\/www.lengnau.ch\\\/?s={search_term_string}\"},\"query-input\":{\"@type\":\"PropertyValueSpecification\",\"valueRequired\":true,\"valueName\":\"search_term_string\"}}],\"inLanguage\":\"fr-FR\"},{\"@type\":\"Person\",\"@id\":\"https:\\\/\\\/www.lengnau.ch\\\/#\\\/schema\\\/person\\\/4f24628d398f23babc11f9eda3941a1c\",\"name\":\"Marcel Krebs\",\"url\":\"https:\\\/\\\/www.lengnau.ch\\\/fr\\\/author\\\/marcel-krebslengnau-ch\\\/\"}]}<\/script>\n<!-- \/ Yoast SEO plugin. -->","yoast_head_json":{"title":"Simon L\u00e4derach quitte la commune de Longeau en tant que responsable de la formation - Gemeinde Lengnau","robots":{"index":"index","follow":"follow","max-snippet":"max-snippet:-1","max-image-preview":"max-image-preview:large","max-video-preview":"max-video-preview:-1"},"canonical":"https:\/\/www.lengnau.ch\/fr\/2022\/11\/simon-laederach-quitte-la-commune-de-longeau-en-tant-que-responsable-de-la-formation\/","og_locale":"fr_FR","og_type":"article","og_title":"Simon L\u00e4derach quitte la commune de Longeau en tant que responsable de la formation - Gemeinde Lengnau","og_description":"Simon L\u00e4derach a quitt\u00e9 son poste de responsable de la formation apr\u00e8s avoir travaill\u00e9 7,5 ans \u00e0 Lengnau. Simon L\u00e4derach a repris l&rsquo;\u00e9cole de Longeau dans une phase de d\u00e9fi et a d\u00e9velopp\u00e9 une nouvelle culture scolaire en collaboration avec les enseignants dans le cadre de diff\u00e9rents projets. Son travail a \u00e9t\u00e9 marqu\u00e9 par un [&hellip;]","og_url":"https:\/\/www.lengnau.ch\/fr\/2022\/11\/simon-laederach-quitte-la-commune-de-longeau-en-tant-que-responsable-de-la-formation\/","og_site_name":"Gemeinde Lengnau","article_published_time":"2022-11-25T11:26:23+00:00","article_modified_time":"2022-12-05T15:28:22+00:00","author":"Marcel Krebs","twitter_card":"summary_large_image","schema":{"@context":"https:\/\/schema.org","@graph":[{"@type":"Article","@id":"https:\/\/www.lengnau.ch\/fr\/2022\/11\/simon-laederach-quitte-la-commune-de-longeau-en-tant-que-responsable-de-la-formation\/#article","isPartOf":{"@id":"https:\/\/www.lengnau.ch\/fr\/2022\/11\/simon-laederach-quitte-la-commune-de-longeau-en-tant-que-responsable-de-la-formation\/"},"author":{"name":"Marcel Krebs","@id":"https:\/\/www.lengnau.ch\/#\/schema\/person\/4f24628d398f23babc11f9eda3941a1c"},"headline":"Simon L\u00e4derach quitte la commune de Longeau en tant que responsable de la formation","datePublished":"2022-11-25T11:26:23+00:00","dateModified":"2022-12-05T15:28:22+00:00","mainEntityOfPage":{"@id":"https:\/\/www.lengnau.ch\/fr\/2022\/11\/simon-laederach-quitte-la-commune-de-longeau-en-tant-que-responsable-de-la-formation\/"},"wordCount":144,"articleSection":["Aktuelles","Frontseite","Medienmitteilungen"],"inLanguage":"fr-FR"},{"@type":"WebPage","@id":"https:\/\/www.lengnau.ch\/fr\/2022\/11\/simon-laederach-quitte-la-commune-de-longeau-en-tant-que-responsable-de-la-formation\/","url":"https:\/\/www.lengnau.ch\/fr\/2022\/11\/simon-laederach-quitte-la-commune-de-longeau-en-tant-que-responsable-de-la-formation\/","name":"Simon L\u00e4derach quitte la commune de Longeau en tant que responsable de la formation - Gemeinde Lengnau","isPartOf":{"@id":"https:\/\/www.lengnau.ch\/#website"},"datePublished":"2022-11-25T11:26:23+00:00","dateModified":"2022-12-05T15:28:22+00:00","author":{"@id":"https:\/\/www.lengnau.ch\/#\/schema\/person\/4f24628d398f23babc11f9eda3941a1c"},"breadcrumb":{"@id":"https:\/\/www.lengnau.ch\/fr\/2022\/11\/simon-laederach-quitte-la-commune-de-longeau-en-tant-que-responsable-de-la-formation\/#breadcrumb"},"inLanguage":"fr-FR","potentialAction":[{"@type":"ReadAction","target":["https:\/\/www.lengnau.ch\/fr\/2022\/11\/simon-laederach-quitte-la-commune-de-longeau-en-tant-que-responsable-de-la-formation\/"]}]},{"@type":"BreadcrumbList","@id":"https:\/\/www.lengnau.ch\/fr\/2022\/11\/simon-laederach-quitte-la-commune-de-longeau-en-tant-que-responsable-de-la-formation\/#breadcrumb","itemListElement":[{"@type":"ListItem","position":1,"name":"Home","item":"https:\/\/www.lengnau.ch\/fr\/"},{"@type":"ListItem","position":2,"name":"Simon L\u00e4derach quitte la commune de Longeau en tant que responsable de la formation"}]},{"@type":"WebSite","@id":"https:\/\/www.lengnau.ch\/#website","url":"https:\/\/www.lengnau.ch\/","name":"Gemeinde Lengnau","description":"","potentialAction":[{"@type":"SearchAction","target":{"@type":"EntryPoint","urlTemplate":"https:\/\/www.lengnau.ch\/?s={search_term_string}"},"query-input":{"@type":"PropertyValueSpecification","valueRequired":true,"valueName":"search_term_string"}}],"inLanguage":"fr-FR"},{"@type":"Person","@id":"https:\/\/www.lengnau.ch\/#\/schema\/person\/4f24628d398f23babc11f9eda3941a1c","name":"Marcel Krebs","url":"https:\/\/www.lengnau.ch\/fr\/author\/marcel-krebslengnau-ch\/"}]}},"publishpress_future_action":{"enabled":false,"date":"2026-05-08 03:52:55","action":"change-status","newStatus":"draft","terms":[],"taxonomy":"category","extraData":[]},"publishpress_future_workflow_manual_trigger":{"enabledWorkflows":[]},"_links":{"self":[{"href":"https:\/\/www.lengnau.ch\/fr\/wp-json\/wp\/v2\/posts\/7773","targetHints":{"allow":["GET"]}}],"collection":[{"href":"https:\/\/www.lengnau.ch\/fr\/wp-json\/wp\/v2\/posts"}],"about":[{"href":"https:\/\/www.lengnau.ch\/fr\/wp-json\/wp\/v2\/types\/post"}],"author":[{"embeddable":true,"href":"https:\/\/www.lengnau.ch\/fr\/wp-json\/wp\/v2\/users\/16"}],"replies":[{"embeddable":true,"href":"https:\/\/www.lengnau.ch\/fr\/wp-json\/wp\/v2\/comments?post=7773"}],"version-history":[{"count":2,"href":"https:\/\/www.lengnau.ch\/fr\/wp-json\/wp\/v2\/posts\/7773\/revisions"}],"predecessor-version":[{"id":7947,"href":"https:\/\/www.lengnau.ch\/fr\/wp-json\/wp\/v2\/posts\/7773\/revisions\/7947"}],"wp:attachment":[{"href":"https:\/\/www.lengnau.ch\/fr\/wp-json\/wp\/v2\/media?parent=7773"}],"wp:term":[{"taxonomy":"category","embeddable":true,"href":"https:\/\/www.lengnau.ch\/fr\/wp-json\/wp\/v2\/categories?post=7773"},{"taxonomy":"post_tag","embeddable":true,"href":"https:\/\/www.lengnau.ch\/fr\/wp-json\/wp\/v2\/tags?post=7773"}],"curies":[{"name":"wp","href":"https:\/\/api.w.org\/{rel}","templated":true}]}}