{"id":7770,"date":"2022-11-23T10:07:14","date_gmt":"2022-11-23T09:07:14","guid":{"rendered":"https:\/\/www.lengnau.ch\/2022\/11\/assemblee-communale-du-01-12-2022\/"},"modified":"2022-12-05T16:29:36","modified_gmt":"2022-12-05T15:29:36","slug":"assemblee-communale-du-01-12-2022","status":"publish","type":"post","link":"https:\/\/www.lengnau.ch\/fr\/2022\/11\/assemblee-communale-du-01-12-2022\/","title":{"rendered":"Assembl\u00e9e communale du 01.12.2022"},"content":{"rendered":"<div class=\"elementStandard elementContent elementText\">\n<p class=\"description\">La prochaine assembl\u00e9e communale aura lieu le 01.12.2022, 20h00, dans l&rsquo;aula de l&rsquo;\u00e9cole du village.<\/p>\n<\/div>\n<div class=\"elementStandard elementContent elementText elementText_var0\">\n<p><strong>Ordre du jour<\/strong><\/p>\n<\/div>\n<div class=\"elementStandard elementContent elementTable\">\n<table class=\"transparent\" style=\"height: 178px; width: 696px;\">\n<colgroup>\n<col \/>\n<col \/><\/colgroup>\n<tbody>\n<tr style=\"height: 24px;\">\n<td style=\"height: 24px; width: 18px;\">1.<\/td>\n<td style=\"height: 24px; width: 678px;\">Compte administratif \/ Budget 2023 \/ Approbation<\/td>\n<\/tr>\n<tr style=\"height: 24px;\">\n<td style=\"height: 24px; width: 18px;\">2.<\/td>\n<td style=\"height: 24px; width: 678px;\">R\u00e8glement sur les d\u00e9chets de la commune municipale de Lengnau \/ R\u00e9vision totale \/ Approbation<\/td>\n<\/tr>\n<tr style=\"height: 24px;\">\n<td style=\"height: 24px; width: 18px;\">3.<\/td>\n<td style=\"height: 24px; width: 678px;\">R\u00e8glement de construction \/ plan de zones \/ r\u00e9vision partielle \/ approbation<\/td>\n<\/tr>\n<tr style=\"height: 24px;\">\n<td style=\"height: 24px; width: 18px;\">4.<\/td>\n<td style=\"height: 24px; width: 678px;\">Rue de la Gare nord \/ Assainissement de la route et des conduites industrielles \/ Approbation du cr\u00e9dit<\/td>\n<\/tr>\n<tr style=\"height: 24px;\">\n<td style=\"height: 24px; width: 18px;\">5.<\/td>\n<td style=\"height: 24px; width: 678px;\">Chemin des Fr\u00eanes \/ Assainissement \/ D\u00e9compte de cr\u00e9dit \/ Prise de connaissance<\/td>\n<\/tr>\n<tr style=\"height: 10px;\">\n<td style=\"height: 10px; width: 18px;\">6.<\/td>\n<td style=\"height: 10px; width: 678px;\">Chemin du Goumier \/ Conduite d&rsquo;eau propre \/ Nouvelle construction \/ D\u00e9compte de cr\u00e9dit \/ Prise de connaissance<\/td>\n<\/tr>\n<tr style=\"height: 24px;\">\n<td style=\"height: 24px; width: 18px;\">7.<\/td>\n<td style=\"height: 24px; width: 678px;\">Informationen<\/td>\n<\/tr>\n<tr style=\"height: 24px;\">\n<td style=\"height: 24px; width: 18px;\">8.<\/td>\n<td style=\"height: 24px; width: 678px;\">Verschiedenes<\/td>\n<\/tr>\n<\/tbody>\n<\/table>\n<\/div>\n<div class=\"elementStandard elementContent elementText elementText_var0\">\n<p>En application de l&rsquo;art. 37 de l&rsquo;Ordonnance sur les communes du 16 d\u00e9cembre 1998 (OCo), les documents suivants sont d\u00e9pos\u00e9s publiquement 30 jours avant l&rsquo;assembl\u00e9e communale au bureau du d\u00e9partement de la pr\u00e9sidence de l&rsquo;administration communale de Lengnau :<\/p>\n<table class=\"transparent\" style=\"height: 192px;\">\n<colgroup>\n<col \/>\n<col \/><\/colgroup>\n<tbody>\n<tr style=\"height: 24px;\">\n<td style=\"height: 24px;\">&#8211;<\/td>\n<td style=\"height: 24px;\">R\u00e8glement sur les d\u00e9chets avec tarif cadre des taxes (point 2 de l&rsquo;ordre du jour)<\/td>\n<\/tr>\n<tr style=\"height: 24px;\">\n<td style=\"height: 24px;\">&#8211;<\/td>\n<td style=\"height: 24px;\">R\u00e8glement de construction (point 3 de l&rsquo;ordre du jour)<\/td>\n<\/tr>\n<tr style=\"height: 24px;\">\n<td style=\"height: 24px;\">&#8211;<\/td>\n<td style=\"height: 24px;\">Plan de zonage des dangers naturels, r\u00e9f. Espaces aquatiques (point 3 de l&rsquo;ordre du jour)<\/td>\n<\/tr>\n<tr style=\"height: 24px;\">\n<td style=\"height: 24px;\">&#8211;<\/td>\n<td style=\"height: 24px;\">Plan de zone Z\u00f6N F K\u00fcpfgasse (point 3 de l&rsquo;ordre du jour)<\/td>\n<\/tr>\n<tr style=\"height: 24px;\">\n<td style=\"height: 24px;\">&#8211;<\/td>\n<td style=\"height: 24px;\">Plan de zone Z\u00f6N T Grot (point 3 de l&rsquo;ordre du jour)<\/td>\n<\/tr>\n<tr style=\"height: 24px;\">\n<td style=\"height: 24px;\">&#8211;<\/td>\n<td style=\"height: 24px;\">Plan de zone ZPP 12 Rolli (point 3 de l&rsquo;ordre du jour)<\/td>\n<\/tr>\n<tr style=\"height: 24px;\">\n<td style=\"height: 24px;\">&#8211;<\/td>\n<td style=\"height: 24px;\">Plan de zone Z\u00f6N A Kleinfeld (point 3 de l&rsquo;ordre du jour)<\/td>\n<\/tr>\n<tr style=\"height: 24px;\">\n<td style=\"height: 24px;\">&#8211;<\/td>\n<td style=\"height: 24px;\">Plan d&rsquo;affectation de la zone d&rsquo;agriculture intensive (point 3 de l&rsquo;ordre du jour)<\/td>\n<\/tr>\n<\/tbody>\n<\/table>\n<p>Les recours contre le pr\u00e9sent message ou d&rsquo;autres actes pr\u00e9paratoires \u00e0 l&rsquo;assembl\u00e9e communale doivent \u00eatre adress\u00e9s par \u00e9crit et motiv\u00e9s \u00e0 la pr\u00e9fecture de Biel\/Bienne, 2560 Nidau, dans les dix jours suivant la publication de l&rsquo;acte contest\u00e9 (art. 67a, al. 2 et 3 de la loi sur la proc\u00e9dure et la juridiction administratives).<\/p>\n<p>Les d\u00e9cisions de l&rsquo;assembl\u00e9e communale peuvent \u00e9galement faire l&rsquo;objet d&rsquo;un recours \u00e9crit et motiv\u00e9 aupr\u00e8s de la pr\u00e9fecture de Biel\/Bienne, 2560 Nidau, dans les 30 jours suivant l&rsquo;assembl\u00e9e (art. 67a, al. 2, de la loi sur la proc\u00e9dure et la juridiction administratives). Toute violation des r\u00e8gles de comp\u00e9tence et de proc\u00e9dure lors de l&rsquo;assembl\u00e9e communale doit \u00eatre signal\u00e9e pendant l&rsquo;assembl\u00e9e. Celui qui omet de se plaindre \u00e0 temps, contrairement \u00e0 ses obligations, ne peut plus recourir ult\u00e9rieurement contre les d\u00e9cisions prises (loi sur les communes, art. 49a, et r\u00e8glement d&rsquo;organisation, art. 36).<\/p>\n<p>Il est par ailleurs fait r\u00e9f\u00e9rence au message particulier dans le document \u00ab\u00a0Lengnauer Notizen\u00a0\u00bb (distribution \u00e0 tous les m\u00e9nages le 03.11.2022).<\/p>\n<div class=\"elementStandard elementContent elementHeadline elementHeadline_var0\">\n<h2>En savoir plus sur le sujet<\/h2>\n<\/div>\n<div class=\"elementStandard elementLink elementLink_var0 elementLinkList\"><a title=\"Message\" href=\"https:\/\/www.lengnau.ch\/wp-content\/uploads\/2022\/10\/Botschaft_20221201_V5.pdf\" target=\"_blank\" rel=\"noopener\" name=\"Botschaft\">Message<\/a><\/div>\n<div class=\"elementStandard elementLink elementLink_var0 elementLinkList\"><a title=\"Facture 2021\" href=\"https:\/\/www.lengnau.ch\/wp-content\/uploads\/2022\/10\/Uebersicht-Budget-2023.pdf\" target=\"_blank\" rel=\"noopener\" name=\"Rechnung%202021\">Budget 2023<\/a><\/div>\n<div><a href=\"https:\/\/www.lengnau.ch\/wp-content\/uploads\/2022\/10\/K2.C_Entwurf_Abfallreglement_Gebuehrenrahmen_Einwohnergemeinde_Lengnau_Homepage.pdf\" target=\"_blank\" rel=\"noopener\">R\u00e8glement sur les d\u00e9chets avec tarif cadre des taxes Lengnau<\/a><\/div>\n<\/div>\n<div><a href=\"https:\/\/www.lengnau.ch\/wp-content\/uploads\/2022\/10\/Zonenplanaenderung_ZPP_12_Rolli.pdf\" target=\"_blank\" rel=\"noopener\">Modification du plan de zone ZPP 12 Rolli \/ Extrait du plan de zone 1:2000<\/a><\/div>\n<div><a href=\"https:\/\/www.lengnau.ch\/wp-content\/uploads\/2022\/10\/Zonenplanaenderung_ZoeN_T_Grot.pdf\" target=\"_blank\" rel=\"noopener\">Modification du plan de zones Z\u00f6N T Grot \/ Extrait du plan de zones 1:2000<\/a><\/div>\n<div><a href=\"https:\/\/www.lengnau.ch\/wp-content\/uploads\/2022\/10\/Zonenplanaenderung_ZoeN_F_Kuepfgasse_Parz_390_391.pdf\" target=\"_blank\" rel=\"noopener\">Modification du plan de zone Z\u00f6N F K\u00fcpfgasse, par. N\u00b0 390 + 391<\/a><\/div>\n<div><a href=\"https:\/\/www.lengnau.ch\/wp-content\/uploads\/2022\/10\/Zonenplanaenderung_ZoeN_A_Kleinfeld.pdf\" target=\"_blank\" rel=\"noopener\">Modification du plan de zone Z\u00f6N A Kleinfeld \/ Extrait du plan de zone 1:2000<\/a><\/div>\n<div><a href=\"https:\/\/www.lengnau.ch\/wp-content\/uploads\/2022\/10\/Zonenplanaenderung_Intensivlandwirtschaftszone_Eygatter_Erlaeuterungsbericht.pdf\" target=\"_blank\" rel=\"noopener\">Modification du plan de zones Zone d&rsquo;agriculture intensive Eygatter Rapport explicatif<\/a><\/div>\n<div><a href=\"https:\/\/www.lengnau.ch\/wp-content\/uploads\/2022\/10\/Zonenplanaenderung_Intensivlandwirtschaftszone_Eygatter_Ausschnitt_Zonenplan.pdf\" target=\"_blank\" rel=\"noopener\">Modification du plan de zones Zone d&rsquo;agriculture intensive Eygatter \/ Extrait du plan de zones 1:2000<\/a><\/div>\n<div><a href=\"https:\/\/www.lengnau.ch\/wp-content\/uploads\/2022\/10\/Zonenplanaenderung_Intensivlandwirtschaftszone_Eygatter.pdf\" target=\"_blank\" rel=\"noopener\">Modification du plan de zone de la zone d&rsquo;agriculture intensive Eygatter \/ compl\u00e9ment au r\u00e8glement de construction<\/a><\/div>\n<div><a href=\"https:\/\/www.lengnau.ch\/wp-content\/uploads\/2022\/10\/Lengnau-Bepflanzungskonzept-Eygatter_Ergaenzung_Baureglement.pdf\" target=\"_blank\" rel=\"noopener\">Concept de plantation Eygatter \/ compl\u00e9ment au r\u00e8glement de construction<\/a><\/div>\n<div><a href=\"https:\/\/www.lengnau.ch\/wp-content\/uploads\/2022\/10\/Betriebserweiterungskonzept-Areal.pdf\" target=\"_blank\" rel=\"noopener\">Concept d&rsquo;extension de l&rsquo;entreprise sur le site d&rsquo;Eygatter<\/a><\/div>\n<div><a href=\"https:\/\/www.lengnau.ch\/wp-content\/uploads\/2022\/10\/Vorpruefungsbericht_Teilrevision_Ortsplanung_Aenderung_Zonenplan_Intensivlandwirtschaftszone.pdf\" target=\"_blank\" rel=\"noopener\">Rapport d&rsquo;examen pr\u00e9alable R\u00e9vision partielle du plan d&rsquo;am\u00e9nagement local Modification du plan de zone Zone d&rsquo;agriculture intensive<\/a><\/div>\n<div><a href=\"https:\/\/www.lengnau.ch\/wp-content\/uploads\/2022\/10\/Teilrevision_Ortsplanung_ZPP_11_Rosenweg.pdf\" target=\"_blank\" rel=\"noopener\">R\u00e9vision partielle du plan d&rsquo;am\u00e9nagement local ZPP 11 Rosenweg Rapport de participation<\/a><\/div>\n<div><a href=\"https:\/\/www.lengnau.ch\/wp-content\/uploads\/2022\/10\/Teilrevision_Ortsplanung_Mitwirkungsbericht.pdf\" target=\"_blank\" rel=\"noopener\">R\u00e9vision partielle du plan local d&rsquo;urbanisme \/ rapport de participation<\/a><\/div>\n<div><a href=\"https:\/\/www.lengnau.ch\/wp-content\/uploads\/2022\/10\/Teilrevision_Ortsplanung_Erlaeuterungsbericht.pdf\" target=\"_blank\" rel=\"noopener\">R\u00e9vision partielle du plan local d&rsquo;urbanisme \/ rapport explicatif<\/a><\/div>\n<div><a href=\"https:\/\/www.lengnau.ch\/wp-content\/uploads\/2022\/10\/Teilrevision_Ortsplanung_Beschlussfassung.pdf\" target=\"_blank\" rel=\"noopener\">R\u00e8glement de construction \/ R\u00e9vision partielle du plan local d&rsquo;urbanisme \/ Prise de d\u00e9cision<\/a><\/div>\n<div><a href=\"https:\/\/www.lengnau.ch\/wp-content\/uploads\/2022\/10\/Teilrevision_Ortsplanung_Ausschnitt_Zonenplan.pdf\" target=\"_blank\" rel=\"noopener\">R\u00e9vision partielle du plan d&rsquo;am\u00e9nagement local \/ Extrait du plan de zones 1:2000<\/a><\/div>\n<div><\/div>\n","protected":false},"excerpt":{"rendered":"<p>La prochaine assembl\u00e9e communale aura lieu le 01.12.2022, 20h00, dans l&rsquo;aula de l&rsquo;\u00e9cole du village. Ordre du jour 1. Compte administratif \/ Budget 2023 \/ Approbation 2. R\u00e8glement sur les d\u00e9chets de la commune municipale de Lengnau \/ R\u00e9vision totale \/ Approbation 3. R\u00e8glement de construction \/ plan de zones \/ r\u00e9vision partielle \/ approbation [&hellip;]<\/p>\n","protected":false},"author":14,"featured_media":0,"comment_status":"closed","ping_status":"open","sticky":false,"template":"","format":"standard","meta":{"_acf_changed":false,"_relevanssi_hide_post":"","_relevanssi_hide_content":"","_relevanssi_pin_for_all":"","_relevanssi_pin_keywords":"","_relevanssi_unpin_keywords":"","_relevanssi_related_keywords":"","_relevanssi_related_include_ids":"","_relevanssi_related_exclude_ids":"","_relevanssi_related_no_append":"","_relevanssi_related_not_related":"","_relevanssi_related_posts":"","_relevanssi_noindex_reason":"","footnotes":""},"categories":[74,28,76],"tags":[],"class_list":["post-7770","post","type-post","status-publish","format-standard","hentry","category-aktuelles","category-frontseite","category-medienmitteilungen"],"acf":[],"yoast_head":"<!-- This site is optimized with the Yoast SEO plugin v27.4 - https:\/\/yoast.com\/product\/yoast-seo-wordpress\/ -->\n<title>Assembl\u00e9e communale du 01.12.2022 - Gemeinde Lengnau<\/title>\n<meta name=\"robots\" content=\"index, follow, max-snippet:-1, max-image-preview:large, max-video-preview:-1\" \/>\n<link rel=\"canonical\" href=\"https:\/\/www.lengnau.ch\/fr\/2022\/11\/assemblee-communale-du-01-12-2022\/\" \/>\n<meta property=\"og:locale\" content=\"fr_FR\" \/>\n<meta property=\"og:type\" content=\"article\" \/>\n<meta property=\"og:title\" content=\"Assembl\u00e9e communale du 01.12.2022 - Gemeinde Lengnau\" \/>\n<meta property=\"og:description\" content=\"La prochaine assembl\u00e9e communale aura lieu le 01.12.2022, 20h00, dans l&rsquo;aula de l&rsquo;\u00e9cole du village. Ordre du jour 1. Compte administratif \/ Budget 2023 \/ Approbation 2. R\u00e8glement sur les d\u00e9chets de la commune municipale de Lengnau \/ R\u00e9vision totale \/ Approbation 3. R\u00e8glement de construction \/ plan de zones \/ r\u00e9vision partielle \/ approbation [&hellip;]\" \/>\n<meta property=\"og:url\" content=\"https:\/\/www.lengnau.ch\/fr\/2022\/11\/assemblee-communale-du-01-12-2022\/\" \/>\n<meta property=\"og:site_name\" content=\"Gemeinde Lengnau\" \/>\n<meta property=\"article:published_time\" content=\"2022-11-23T09:07:14+00:00\" \/>\n<meta property=\"article:modified_time\" content=\"2022-12-05T15:29:36+00:00\" \/>\n<meta name=\"author\" content=\"Fabienne Burri\" \/>\n<meta name=\"twitter:card\" content=\"summary_large_image\" \/>\n<script type=\"application\/ld+json\" class=\"yoast-schema-graph\">{\"@context\":\"https:\\\/\\\/schema.org\",\"@graph\":[{\"@type\":\"Article\",\"@id\":\"https:\\\/\\\/www.lengnau.ch\\\/fr\\\/2022\\\/11\\\/assemblee-communale-du-01-12-2022\\\/#article\",\"isPartOf\":{\"@id\":\"https:\\\/\\\/www.lengnau.ch\\\/fr\\\/2022\\\/11\\\/assemblee-communale-du-01-12-2022\\\/\"},\"author\":{\"name\":\"Fabienne Burri\",\"@id\":\"https:\\\/\\\/www.lengnau.ch\\\/#\\\/schema\\\/person\\\/3b540f564f973e8fb35e9aaaf540e53c\"},\"headline\":\"Assembl\u00e9e communale du 01.12.2022\",\"datePublished\":\"2022-11-23T09:07:14+00:00\",\"dateModified\":\"2022-12-05T15:29:36+00:00\",\"mainEntityOfPage\":{\"@id\":\"https:\\\/\\\/www.lengnau.ch\\\/fr\\\/2022\\\/11\\\/assemblee-communale-du-01-12-2022\\\/\"},\"wordCount\":643,\"articleSection\":[\"Aktuelles\",\"Frontseite\",\"Medienmitteilungen\"],\"inLanguage\":\"fr-FR\"},{\"@type\":\"WebPage\",\"@id\":\"https:\\\/\\\/www.lengnau.ch\\\/fr\\\/2022\\\/11\\\/assemblee-communale-du-01-12-2022\\\/\",\"url\":\"https:\\\/\\\/www.lengnau.ch\\\/fr\\\/2022\\\/11\\\/assemblee-communale-du-01-12-2022\\\/\",\"name\":\"Assembl\u00e9e communale du 01.12.2022 - Gemeinde Lengnau\",\"isPartOf\":{\"@id\":\"https:\\\/\\\/www.lengnau.ch\\\/#website\"},\"datePublished\":\"2022-11-23T09:07:14+00:00\",\"dateModified\":\"2022-12-05T15:29:36+00:00\",\"author\":{\"@id\":\"https:\\\/\\\/www.lengnau.ch\\\/#\\\/schema\\\/person\\\/3b540f564f973e8fb35e9aaaf540e53c\"},\"breadcrumb\":{\"@id\":\"https:\\\/\\\/www.lengnau.ch\\\/fr\\\/2022\\\/11\\\/assemblee-communale-du-01-12-2022\\\/#breadcrumb\"},\"inLanguage\":\"fr-FR\",\"potentialAction\":[{\"@type\":\"ReadAction\",\"target\":[\"https:\\\/\\\/www.lengnau.ch\\\/fr\\\/2022\\\/11\\\/assemblee-communale-du-01-12-2022\\\/\"]}]},{\"@type\":\"BreadcrumbList\",\"@id\":\"https:\\\/\\\/www.lengnau.ch\\\/fr\\\/2022\\\/11\\\/assemblee-communale-du-01-12-2022\\\/#breadcrumb\",\"itemListElement\":[{\"@type\":\"ListItem\",\"position\":1,\"name\":\"Home\",\"item\":\"https:\\\/\\\/www.lengnau.ch\\\/fr\\\/\"},{\"@type\":\"ListItem\",\"position\":2,\"name\":\"Assembl\u00e9e communale du 01.12.2022\"}]},{\"@type\":\"WebSite\",\"@id\":\"https:\\\/\\\/www.lengnau.ch\\\/#website\",\"url\":\"https:\\\/\\\/www.lengnau.ch\\\/\",\"name\":\"Gemeinde Lengnau\",\"description\":\"\",\"potentialAction\":[{\"@type\":\"SearchAction\",\"target\":{\"@type\":\"EntryPoint\",\"urlTemplate\":\"https:\\\/\\\/www.lengnau.ch\\\/?s={search_term_string}\"},\"query-input\":{\"@type\":\"PropertyValueSpecification\",\"valueRequired\":true,\"valueName\":\"search_term_string\"}}],\"inLanguage\":\"fr-FR\"},{\"@type\":\"Person\",\"@id\":\"https:\\\/\\\/www.lengnau.ch\\\/#\\\/schema\\\/person\\\/3b540f564f973e8fb35e9aaaf540e53c\",\"name\":\"Fabienne Burri\",\"url\":\"https:\\\/\\\/www.lengnau.ch\\\/fr\\\/author\\\/fabienne-burrilengnau-ch\\\/\"}]}<\/script>\n<!-- \/ Yoast SEO plugin. -->","yoast_head_json":{"title":"Assembl\u00e9e communale du 01.12.2022 - Gemeinde Lengnau","robots":{"index":"index","follow":"follow","max-snippet":"max-snippet:-1","max-image-preview":"max-image-preview:large","max-video-preview":"max-video-preview:-1"},"canonical":"https:\/\/www.lengnau.ch\/fr\/2022\/11\/assemblee-communale-du-01-12-2022\/","og_locale":"fr_FR","og_type":"article","og_title":"Assembl\u00e9e communale du 01.12.2022 - Gemeinde Lengnau","og_description":"La prochaine assembl\u00e9e communale aura lieu le 01.12.2022, 20h00, dans l&rsquo;aula de l&rsquo;\u00e9cole du village. Ordre du jour 1. Compte administratif \/ Budget 2023 \/ Approbation 2. R\u00e8glement sur les d\u00e9chets de la commune municipale de Lengnau \/ R\u00e9vision totale \/ Approbation 3. R\u00e8glement de construction \/ plan de zones \/ r\u00e9vision partielle \/ approbation [&hellip;]","og_url":"https:\/\/www.lengnau.ch\/fr\/2022\/11\/assemblee-communale-du-01-12-2022\/","og_site_name":"Gemeinde Lengnau","article_published_time":"2022-11-23T09:07:14+00:00","article_modified_time":"2022-12-05T15:29:36+00:00","author":"Fabienne Burri","twitter_card":"summary_large_image","schema":{"@context":"https:\/\/schema.org","@graph":[{"@type":"Article","@id":"https:\/\/www.lengnau.ch\/fr\/2022\/11\/assemblee-communale-du-01-12-2022\/#article","isPartOf":{"@id":"https:\/\/www.lengnau.ch\/fr\/2022\/11\/assemblee-communale-du-01-12-2022\/"},"author":{"name":"Fabienne Burri","@id":"https:\/\/www.lengnau.ch\/#\/schema\/person\/3b540f564f973e8fb35e9aaaf540e53c"},"headline":"Assembl\u00e9e communale du 01.12.2022","datePublished":"2022-11-23T09:07:14+00:00","dateModified":"2022-12-05T15:29:36+00:00","mainEntityOfPage":{"@id":"https:\/\/www.lengnau.ch\/fr\/2022\/11\/assemblee-communale-du-01-12-2022\/"},"wordCount":643,"articleSection":["Aktuelles","Frontseite","Medienmitteilungen"],"inLanguage":"fr-FR"},{"@type":"WebPage","@id":"https:\/\/www.lengnau.ch\/fr\/2022\/11\/assemblee-communale-du-01-12-2022\/","url":"https:\/\/www.lengnau.ch\/fr\/2022\/11\/assemblee-communale-du-01-12-2022\/","name":"Assembl\u00e9e communale du 01.12.2022 - Gemeinde Lengnau","isPartOf":{"@id":"https:\/\/www.lengnau.ch\/#website"},"datePublished":"2022-11-23T09:07:14+00:00","dateModified":"2022-12-05T15:29:36+00:00","author":{"@id":"https:\/\/www.lengnau.ch\/#\/schema\/person\/3b540f564f973e8fb35e9aaaf540e53c"},"breadcrumb":{"@id":"https:\/\/www.lengnau.ch\/fr\/2022\/11\/assemblee-communale-du-01-12-2022\/#breadcrumb"},"inLanguage":"fr-FR","potentialAction":[{"@type":"ReadAction","target":["https:\/\/www.lengnau.ch\/fr\/2022\/11\/assemblee-communale-du-01-12-2022\/"]}]},{"@type":"BreadcrumbList","@id":"https:\/\/www.lengnau.ch\/fr\/2022\/11\/assemblee-communale-du-01-12-2022\/#breadcrumb","itemListElement":[{"@type":"ListItem","position":1,"name":"Home","item":"https:\/\/www.lengnau.ch\/fr\/"},{"@type":"ListItem","position":2,"name":"Assembl\u00e9e communale du 01.12.2022"}]},{"@type":"WebSite","@id":"https:\/\/www.lengnau.ch\/#website","url":"https:\/\/www.lengnau.ch\/","name":"Gemeinde Lengnau","description":"","potentialAction":[{"@type":"SearchAction","target":{"@type":"EntryPoint","urlTemplate":"https:\/\/www.lengnau.ch\/?s={search_term_string}"},"query-input":{"@type":"PropertyValueSpecification","valueRequired":true,"valueName":"search_term_string"}}],"inLanguage":"fr-FR"},{"@type":"Person","@id":"https:\/\/www.lengnau.ch\/#\/schema\/person\/3b540f564f973e8fb35e9aaaf540e53c","name":"Fabienne Burri","url":"https:\/\/www.lengnau.ch\/fr\/author\/fabienne-burrilengnau-ch\/"}]}},"publishpress_future_action":{"enabled":false,"date":"2026-05-08 07:33:32","action":"change-status","newStatus":"draft","terms":[],"taxonomy":"category","extraData":[]},"publishpress_future_workflow_manual_trigger":{"enabledWorkflows":[]},"_links":{"self":[{"href":"https:\/\/www.lengnau.ch\/fr\/wp-json\/wp\/v2\/posts\/7770","targetHints":{"allow":["GET"]}}],"collection":[{"href":"https:\/\/www.lengnau.ch\/fr\/wp-json\/wp\/v2\/posts"}],"about":[{"href":"https:\/\/www.lengnau.ch\/fr\/wp-json\/wp\/v2\/types\/post"}],"author":[{"embeddable":true,"href":"https:\/\/www.lengnau.ch\/fr\/wp-json\/wp\/v2\/users\/14"}],"replies":[{"embeddable":true,"href":"https:\/\/www.lengnau.ch\/fr\/wp-json\/wp\/v2\/comments?post=7770"}],"version-history":[{"count":2,"href":"https:\/\/www.lengnau.ch\/fr\/wp-json\/wp\/v2\/posts\/7770\/revisions"}],"predecessor-version":[{"id":8131,"href":"https:\/\/www.lengnau.ch\/fr\/wp-json\/wp\/v2\/posts\/7770\/revisions\/8131"}],"wp:attachment":[{"href":"https:\/\/www.lengnau.ch\/fr\/wp-json\/wp\/v2\/media?parent=7770"}],"wp:term":[{"taxonomy":"category","embeddable":true,"href":"https:\/\/www.lengnau.ch\/fr\/wp-json\/wp\/v2\/categories?post=7770"},{"taxonomy":"post_tag","embeddable":true,"href":"https:\/\/www.lengnau.ch\/fr\/wp-json\/wp\/v2\/tags?post=7770"}],"curies":[{"name":"wp","href":"https:\/\/api.w.org\/{rel}","templated":true}]}}