{"id":6064,"date":"2022-09-06T15:48:50","date_gmt":"2022-09-06T13:48:50","guid":{"rendered":"https:\/\/www.lengnau.ch\/2022\/09\/dienstaltersjubilaeum-2022\/"},"modified":"2022-12-06T10:12:52","modified_gmt":"2022-12-06T09:12:52","slug":"anniversaire-danciennete-2022","status":"publish","type":"post","link":"https:\/\/www.lengnau.ch\/fr\/2022\/09\/anniversaire-danciennete-2022\/","title":{"rendered":"Anniversaire d&rsquo;anciennet\u00e9 2022"},"content":{"rendered":"<p><strong>L&rsquo;ambiance de travail est bonne<\/strong><\/p>\n<p><img loading=\"lazy\" decoding=\"async\" class=\"alignnone wp-image-4748 size-large\" src=\"https:\/\/www.lengnau.ch\/wp-content\/uploads\/2022\/08\/20220525_122008-1024x461.jpg\" alt=\"\" width=\"750\" height=\"338\" srcset=\"https:\/\/www.lengnau.ch\/wp-content\/uploads\/2022\/08\/20220525_122008-1024x461.jpg 1024w, https:\/\/www.lengnau.ch\/wp-content\/uploads\/2022\/08\/20220525_122008-300x135.jpg 300w, https:\/\/www.lengnau.ch\/wp-content\/uploads\/2022\/08\/20220525_122008-768x346.jpg 768w, https:\/\/www.lengnau.ch\/wp-content\/uploads\/2022\/08\/20220525_122008-1536x691.jpg 1536w, https:\/\/www.lengnau.ch\/wp-content\/uploads\/2022\/08\/20220525_122008-1568x706.jpg 1568w, https:\/\/www.lengnau.ch\/wp-content\/uploads\/2022\/08\/20220525_122008.jpg 1920w\" sizes=\"auto, (max-width: 750px) 100vw, 750px\" \/><\/p>\n<p>La pr\u00e9sidente de la commune Sandra Huber a rendu hommage \u00e0 un grand nombre de collaborateurs de longue date lors d&rsquo;une petite c\u00e9r\u00e9monie \u00e0 la maison communale. La plus ancienne est Mme Karin Male.<\/p>\n<p>\u00ab\u00a0Wow, Madame <strong>Male<\/strong>, cela fait 35 ans que vous travaillez pour les \u00e9coles de Lengnau\u00a0\u00bb, dit Sandra Huber en la remerciant d&rsquo;avoir accompagn\u00e9 de nombreuses g\u00e9n\u00e9rations d&rsquo;enfants et d&rsquo;avoir particip\u00e9 \u00e0 d&rsquo;innombrables projets, petits et grands, au cours de toutes ces ann\u00e9es.<\/p>\n<p><strong>Gaston Ph <\/strong>illot et<strong> Elsbeth Phillot<\/strong> travaillent depuis 30 ans dans le service domestique.<\/p>\n<p>Nous pouvons aujourd&rsquo;hui f\u00e9liciter <strong>Beatrix Alchenberger<\/strong> pour ses 25 ans au service de Lengnau. Dans le service de maison, pour les plantes et elle donne aussi un coup de main aux hommes de l&rsquo;atelier. Si on a besoin de la cl\u00e9 de l&rsquo;abri de protection civile, on peut aussi s&rsquo;adresser \u00e0 elle &#8211; donc une femme pour tous les cas. Toute la famille travaille pour et \u00e0 Lengnau : sa fille Sandra \u00e9tait apprentie et fait maintenant partie du club de gymnastique avec sa s\u0153ur, son fils travaille comme charpentier \u00e0 Lengnau et nous connaissons tous Fritz. Un grand MERCI \u00e0 toute la famille.<\/p>\n<p>Il y a 20 ans, <strong>Colette Baumgartner<\/strong> a commenc\u00e9 \u00e0 travailler en tant qu&rsquo;enseignante pr\u00e9scolaire \/ jardini\u00e8re d&rsquo;enfants. Elle a \u00e9galement particip\u00e9 \u00e0 diff\u00e9rents projets, notamment \u00e0 la cr\u00e9ation r\u00e9ussie du jardin d&rsquo;enfants triple dont nous avons r\u00e9cemment f\u00eat\u00e9 l&rsquo;ouverture. \u00ab\u00a0Avec son attitude calme et tr\u00e8s amicale, elle a m\u00eame r\u00e9ussi \u00e0 me faire descendre, moi la jeune m\u00e8re tendue, lors de la premi\u00e8re rencontre\u00a0\u00bb, dit Sandra Huber.<\/p>\n<p><strong>Stefan Sch\u00fcrch<\/strong> est avec nous depuis 15 ans. Il dispose d&rsquo;une connaissance tr\u00e8s approfondie de ce qui se trouve au-dessus et surtout en dessous du sol. Lui aussi, avec sa nature calme, peut rassurer les personnes qui sont justement confront\u00e9es \u00e0 des choses qui sortent de l&rsquo;ordinaire.<\/p>\n<p><strong>Verena Schneider<\/strong> travaille depuis 15 ans dans le service d&rsquo;entretien. \u00ab\u00a0un ange dans le service de conciergerie et ma bou\u00e9e de sauvetage en tant que concierge responsable lors de la premi\u00e8re f\u00eate des petits terrains du 18.06.2022 sur le site de l&rsquo;\u00e9cole\u00a0\u00bb, d\u00e9clare Sandra Huber en la remerciant pour toutes ces ann\u00e9es pass\u00e9es au profit de Lengnau.<\/p>\n<p><strong>Rolf Clavadetscher<\/strong> est directeur du d\u00e9partement des finances depuis 15 ans et <strong>Kathrin Saladin<\/strong> travaille comme professeur de sport \u00e0 l&rsquo;\u00e9cole de Lengnau.<\/p>\n<p>Depuis 10 ans, <strong>Barbara Kaletsch<\/strong> travaille comme enseignante et <strong>Mirjam Gerber-Dietrich<\/strong> comme assistante socio-\u00e9ducative \u00e0 la cr\u00e8che.<\/p>\n<p>Mme <strong>Paula Dos Santos<\/strong>, la plus jeune de l&rsquo;\u00e9quipe, avec son temp\u00e9rament br\u00e9silien ensoleill\u00e9, toujours l\u00e0 pour donner un coup de main, vigoureuse et de bonne humeur. Elle travaille depuis 10 ans dans l&rsquo;entretien m\u00e9nager.<\/p>\n","protected":false},"excerpt":{"rendered":"<p>L&rsquo;ambiance de travail est bonne La pr\u00e9sidente de la commune Sandra Huber a rendu hommage \u00e0 un grand nombre de collaborateurs de longue date lors d&rsquo;une petite c\u00e9r\u00e9monie \u00e0 la maison communale. La plus ancienne est Mme Karin Male. \u00ab\u00a0Wow, Madame Male, cela fait 35 ans que vous travaillez pour les \u00e9coles de Lengnau\u00a0\u00bb, dit [&hellip;]<\/p>\n","protected":false},"author":1,"featured_media":0,"comment_status":"closed","ping_status":"open","sticky":false,"template":"","format":"standard","meta":{"_acf_changed":false,"_relevanssi_hide_post":"","_relevanssi_hide_content":"","_relevanssi_pin_for_all":"","_relevanssi_pin_keywords":"","_relevanssi_unpin_keywords":"","_relevanssi_related_keywords":"","_relevanssi_related_include_ids":"","_relevanssi_related_exclude_ids":"","_relevanssi_related_no_append":"","_relevanssi_related_not_related":"","_relevanssi_related_posts":"","_relevanssi_noindex_reason":"","footnotes":""},"categories":[74],"tags":[],"class_list":["post-6064","post","type-post","status-publish","format-standard","hentry","category-aktuelles"],"acf":[],"yoast_head":"<!-- This site is optimized with the Yoast SEO plugin v27.4 - https:\/\/yoast.com\/product\/yoast-seo-wordpress\/ -->\n<title>Anniversaire d&#039;anciennet\u00e9 2022 - Gemeinde Lengnau<\/title>\n<meta name=\"robots\" content=\"index, follow, max-snippet:-1, max-image-preview:large, max-video-preview:-1\" \/>\n<link rel=\"canonical\" href=\"https:\/\/www.lengnau.ch\/fr\/2022\/09\/anniversaire-danciennete-2022\/\" \/>\n<meta property=\"og:locale\" content=\"fr_FR\" \/>\n<meta property=\"og:type\" content=\"article\" \/>\n<meta property=\"og:title\" content=\"Anniversaire d&#039;anciennet\u00e9 2022 - Gemeinde Lengnau\" \/>\n<meta property=\"og:description\" content=\"L&rsquo;ambiance de travail est bonne La pr\u00e9sidente de la commune Sandra Huber a rendu hommage \u00e0 un grand nombre de collaborateurs de longue date lors d&rsquo;une petite c\u00e9r\u00e9monie \u00e0 la maison communale. La plus ancienne est Mme Karin Male. \u00ab\u00a0Wow, Madame Male, cela fait 35 ans que vous travaillez pour les \u00e9coles de Lengnau\u00a0\u00bb, dit [&hellip;]\" \/>\n<meta property=\"og:url\" content=\"https:\/\/www.lengnau.ch\/fr\/2022\/09\/anniversaire-danciennete-2022\/\" \/>\n<meta property=\"og:site_name\" content=\"Gemeinde Lengnau\" \/>\n<meta property=\"article:published_time\" content=\"2022-09-06T13:48:50+00:00\" \/>\n<meta property=\"article:modified_time\" content=\"2022-12-06T09:12:52+00:00\" \/>\n<meta property=\"og:image\" content=\"https:\/\/www.lengnau.ch\/wp-content\/uploads\/2022\/08\/20220525_122008-1024x461.jpg\" \/>\n<meta name=\"author\" content=\"admin\" \/>\n<meta name=\"twitter:card\" content=\"summary_large_image\" \/>\n<script type=\"application\/ld+json\" class=\"yoast-schema-graph\">{\"@context\":\"https:\\\/\\\/schema.org\",\"@graph\":[{\"@type\":\"Article\",\"@id\":\"https:\\\/\\\/www.lengnau.ch\\\/fr\\\/2022\\\/09\\\/anniversaire-danciennete-2022\\\/#article\",\"isPartOf\":{\"@id\":\"https:\\\/\\\/www.lengnau.ch\\\/fr\\\/2022\\\/09\\\/anniversaire-danciennete-2022\\\/\"},\"author\":{\"name\":\"admin\",\"@id\":\"https:\\\/\\\/www.lengnau.ch\\\/#\\\/schema\\\/person\\\/e90b6190996ed78e24328e0373d9ad3b\"},\"headline\":\"Anniversaire d&rsquo;anciennet\u00e9 2022\",\"datePublished\":\"2022-09-06T13:48:50+00:00\",\"dateModified\":\"2022-12-06T09:12:52+00:00\",\"mainEntityOfPage\":{\"@id\":\"https:\\\/\\\/www.lengnau.ch\\\/fr\\\/2022\\\/09\\\/anniversaire-danciennete-2022\\\/\"},\"wordCount\":460,\"image\":{\"@id\":\"https:\\\/\\\/www.lengnau.ch\\\/fr\\\/2022\\\/09\\\/anniversaire-danciennete-2022\\\/#primaryimage\"},\"thumbnailUrl\":\"https:\\\/\\\/www.lengnau.ch\\\/wp-content\\\/uploads\\\/2022\\\/08\\\/20220525_122008-1024x461.jpg\",\"articleSection\":[\"Aktuelles\"],\"inLanguage\":\"fr-FR\"},{\"@type\":\"WebPage\",\"@id\":\"https:\\\/\\\/www.lengnau.ch\\\/fr\\\/2022\\\/09\\\/anniversaire-danciennete-2022\\\/\",\"url\":\"https:\\\/\\\/www.lengnau.ch\\\/fr\\\/2022\\\/09\\\/anniversaire-danciennete-2022\\\/\",\"name\":\"Anniversaire d'anciennet\u00e9 2022 - Gemeinde Lengnau\",\"isPartOf\":{\"@id\":\"https:\\\/\\\/www.lengnau.ch\\\/#website\"},\"primaryImageOfPage\":{\"@id\":\"https:\\\/\\\/www.lengnau.ch\\\/fr\\\/2022\\\/09\\\/anniversaire-danciennete-2022\\\/#primaryimage\"},\"image\":{\"@id\":\"https:\\\/\\\/www.lengnau.ch\\\/fr\\\/2022\\\/09\\\/anniversaire-danciennete-2022\\\/#primaryimage\"},\"thumbnailUrl\":\"https:\\\/\\\/www.lengnau.ch\\\/wp-content\\\/uploads\\\/2022\\\/08\\\/20220525_122008-1024x461.jpg\",\"datePublished\":\"2022-09-06T13:48:50+00:00\",\"dateModified\":\"2022-12-06T09:12:52+00:00\",\"author\":{\"@id\":\"https:\\\/\\\/www.lengnau.ch\\\/#\\\/schema\\\/person\\\/e90b6190996ed78e24328e0373d9ad3b\"},\"breadcrumb\":{\"@id\":\"https:\\\/\\\/www.lengnau.ch\\\/fr\\\/2022\\\/09\\\/anniversaire-danciennete-2022\\\/#breadcrumb\"},\"inLanguage\":\"fr-FR\",\"potentialAction\":[{\"@type\":\"ReadAction\",\"target\":[\"https:\\\/\\\/www.lengnau.ch\\\/fr\\\/2022\\\/09\\\/anniversaire-danciennete-2022\\\/\"]}]},{\"@type\":\"ImageObject\",\"inLanguage\":\"fr-FR\",\"@id\":\"https:\\\/\\\/www.lengnau.ch\\\/fr\\\/2022\\\/09\\\/anniversaire-danciennete-2022\\\/#primaryimage\",\"url\":\"https:\\\/\\\/www.lengnau.ch\\\/wp-content\\\/uploads\\\/2022\\\/08\\\/20220525_122008-1024x461.jpg\",\"contentUrl\":\"https:\\\/\\\/www.lengnau.ch\\\/wp-content\\\/uploads\\\/2022\\\/08\\\/20220525_122008-1024x461.jpg\"},{\"@type\":\"BreadcrumbList\",\"@id\":\"https:\\\/\\\/www.lengnau.ch\\\/fr\\\/2022\\\/09\\\/anniversaire-danciennete-2022\\\/#breadcrumb\",\"itemListElement\":[{\"@type\":\"ListItem\",\"position\":1,\"name\":\"Home\",\"item\":\"https:\\\/\\\/www.lengnau.ch\\\/fr\\\/\"},{\"@type\":\"ListItem\",\"position\":2,\"name\":\"Anniversaire d&#8217;anciennet\u00e9 2022\"}]},{\"@type\":\"WebSite\",\"@id\":\"https:\\\/\\\/www.lengnau.ch\\\/#website\",\"url\":\"https:\\\/\\\/www.lengnau.ch\\\/\",\"name\":\"Gemeinde Lengnau\",\"description\":\"\",\"potentialAction\":[{\"@type\":\"SearchAction\",\"target\":{\"@type\":\"EntryPoint\",\"urlTemplate\":\"https:\\\/\\\/www.lengnau.ch\\\/?s={search_term_string}\"},\"query-input\":{\"@type\":\"PropertyValueSpecification\",\"valueRequired\":true,\"valueName\":\"search_term_string\"}}],\"inLanguage\":\"fr-FR\"},{\"@type\":\"Person\",\"@id\":\"https:\\\/\\\/www.lengnau.ch\\\/#\\\/schema\\\/person\\\/e90b6190996ed78e24328e0373d9ad3b\",\"name\":\"admin\",\"url\":\"https:\\\/\\\/www.lengnau.ch\\\/fr\\\/author\\\/rettenm\\\/\"}]}<\/script>\n<!-- \/ Yoast SEO plugin. -->","yoast_head_json":{"title":"Anniversaire d'anciennet\u00e9 2022 - Gemeinde Lengnau","robots":{"index":"index","follow":"follow","max-snippet":"max-snippet:-1","max-image-preview":"max-image-preview:large","max-video-preview":"max-video-preview:-1"},"canonical":"https:\/\/www.lengnau.ch\/fr\/2022\/09\/anniversaire-danciennete-2022\/","og_locale":"fr_FR","og_type":"article","og_title":"Anniversaire d'anciennet\u00e9 2022 - Gemeinde Lengnau","og_description":"L&rsquo;ambiance de travail est bonne La pr\u00e9sidente de la commune Sandra Huber a rendu hommage \u00e0 un grand nombre de collaborateurs de longue date lors d&rsquo;une petite c\u00e9r\u00e9monie \u00e0 la maison communale. La plus ancienne est Mme Karin Male. \u00ab\u00a0Wow, Madame Male, cela fait 35 ans que vous travaillez pour les \u00e9coles de Lengnau\u00a0\u00bb, dit [&hellip;]","og_url":"https:\/\/www.lengnau.ch\/fr\/2022\/09\/anniversaire-danciennete-2022\/","og_site_name":"Gemeinde Lengnau","article_published_time":"2022-09-06T13:48:50+00:00","article_modified_time":"2022-12-06T09:12:52+00:00","og_image":[{"url":"https:\/\/www.lengnau.ch\/wp-content\/uploads\/2022\/08\/20220525_122008-1024x461.jpg","type":"","width":"","height":""}],"author":"admin","twitter_card":"summary_large_image","schema":{"@context":"https:\/\/schema.org","@graph":[{"@type":"Article","@id":"https:\/\/www.lengnau.ch\/fr\/2022\/09\/anniversaire-danciennete-2022\/#article","isPartOf":{"@id":"https:\/\/www.lengnau.ch\/fr\/2022\/09\/anniversaire-danciennete-2022\/"},"author":{"name":"admin","@id":"https:\/\/www.lengnau.ch\/#\/schema\/person\/e90b6190996ed78e24328e0373d9ad3b"},"headline":"Anniversaire d&rsquo;anciennet\u00e9 2022","datePublished":"2022-09-06T13:48:50+00:00","dateModified":"2022-12-06T09:12:52+00:00","mainEntityOfPage":{"@id":"https:\/\/www.lengnau.ch\/fr\/2022\/09\/anniversaire-danciennete-2022\/"},"wordCount":460,"image":{"@id":"https:\/\/www.lengnau.ch\/fr\/2022\/09\/anniversaire-danciennete-2022\/#primaryimage"},"thumbnailUrl":"https:\/\/www.lengnau.ch\/wp-content\/uploads\/2022\/08\/20220525_122008-1024x461.jpg","articleSection":["Aktuelles"],"inLanguage":"fr-FR"},{"@type":"WebPage","@id":"https:\/\/www.lengnau.ch\/fr\/2022\/09\/anniversaire-danciennete-2022\/","url":"https:\/\/www.lengnau.ch\/fr\/2022\/09\/anniversaire-danciennete-2022\/","name":"Anniversaire d'anciennet\u00e9 2022 - Gemeinde Lengnau","isPartOf":{"@id":"https:\/\/www.lengnau.ch\/#website"},"primaryImageOfPage":{"@id":"https:\/\/www.lengnau.ch\/fr\/2022\/09\/anniversaire-danciennete-2022\/#primaryimage"},"image":{"@id":"https:\/\/www.lengnau.ch\/fr\/2022\/09\/anniversaire-danciennete-2022\/#primaryimage"},"thumbnailUrl":"https:\/\/www.lengnau.ch\/wp-content\/uploads\/2022\/08\/20220525_122008-1024x461.jpg","datePublished":"2022-09-06T13:48:50+00:00","dateModified":"2022-12-06T09:12:52+00:00","author":{"@id":"https:\/\/www.lengnau.ch\/#\/schema\/person\/e90b6190996ed78e24328e0373d9ad3b"},"breadcrumb":{"@id":"https:\/\/www.lengnau.ch\/fr\/2022\/09\/anniversaire-danciennete-2022\/#breadcrumb"},"inLanguage":"fr-FR","potentialAction":[{"@type":"ReadAction","target":["https:\/\/www.lengnau.ch\/fr\/2022\/09\/anniversaire-danciennete-2022\/"]}]},{"@type":"ImageObject","inLanguage":"fr-FR","@id":"https:\/\/www.lengnau.ch\/fr\/2022\/09\/anniversaire-danciennete-2022\/#primaryimage","url":"https:\/\/www.lengnau.ch\/wp-content\/uploads\/2022\/08\/20220525_122008-1024x461.jpg","contentUrl":"https:\/\/www.lengnau.ch\/wp-content\/uploads\/2022\/08\/20220525_122008-1024x461.jpg"},{"@type":"BreadcrumbList","@id":"https:\/\/www.lengnau.ch\/fr\/2022\/09\/anniversaire-danciennete-2022\/#breadcrumb","itemListElement":[{"@type":"ListItem","position":1,"name":"Home","item":"https:\/\/www.lengnau.ch\/fr\/"},{"@type":"ListItem","position":2,"name":"Anniversaire d&#8217;anciennet\u00e9 2022"}]},{"@type":"WebSite","@id":"https:\/\/www.lengnau.ch\/#website","url":"https:\/\/www.lengnau.ch\/","name":"Gemeinde Lengnau","description":"","potentialAction":[{"@type":"SearchAction","target":{"@type":"EntryPoint","urlTemplate":"https:\/\/www.lengnau.ch\/?s={search_term_string}"},"query-input":{"@type":"PropertyValueSpecification","valueRequired":true,"valueName":"search_term_string"}}],"inLanguage":"fr-FR"},{"@type":"Person","@id":"https:\/\/www.lengnau.ch\/#\/schema\/person\/e90b6190996ed78e24328e0373d9ad3b","name":"admin","url":"https:\/\/www.lengnau.ch\/fr\/author\/rettenm\/"}]}},"publishpress_future_action":{"enabled":false,"date":"2026-05-06 23:39:38","action":"change-status","newStatus":"draft","terms":[],"taxonomy":"category","extraData":[]},"publishpress_future_workflow_manual_trigger":{"enabledWorkflows":[]},"_links":{"self":[{"href":"https:\/\/www.lengnau.ch\/fr\/wp-json\/wp\/v2\/posts\/6064","targetHints":{"allow":["GET"]}}],"collection":[{"href":"https:\/\/www.lengnau.ch\/fr\/wp-json\/wp\/v2\/posts"}],"about":[{"href":"https:\/\/www.lengnau.ch\/fr\/wp-json\/wp\/v2\/types\/post"}],"author":[{"embeddable":true,"href":"https:\/\/www.lengnau.ch\/fr\/wp-json\/wp\/v2\/users\/1"}],"replies":[{"embeddable":true,"href":"https:\/\/www.lengnau.ch\/fr\/wp-json\/wp\/v2\/comments?post=6064"}],"version-history":[{"count":4,"href":"https:\/\/www.lengnau.ch\/fr\/wp-json\/wp\/v2\/posts\/6064\/revisions"}],"predecessor-version":[{"id":8373,"href":"https:\/\/www.lengnau.ch\/fr\/wp-json\/wp\/v2\/posts\/6064\/revisions\/8373"}],"wp:attachment":[{"href":"https:\/\/www.lengnau.ch\/fr\/wp-json\/wp\/v2\/media?parent=6064"}],"wp:term":[{"taxonomy":"category","embeddable":true,"href":"https:\/\/www.lengnau.ch\/fr\/wp-json\/wp\/v2\/categories?post=6064"},{"taxonomy":"post_tag","embeddable":true,"href":"https:\/\/www.lengnau.ch\/fr\/wp-json\/wp\/v2\/tags?post=6064"}],"curies":[{"name":"wp","href":"https:\/\/api.w.org\/{rel}","templated":true}]}}