{"id":19568,"date":"2026-04-30T06:00:39","date_gmt":"2026-04-30T04:00:39","guid":{"rendered":"https:\/\/www.lengnau.ch\/2026\/04\/neophytes-envahissantes-2\/"},"modified":"2026-04-30T06:00:39","modified_gmt":"2026-04-30T04:00:39","slug":"neophytes-envahissantes-2","status":"publish","type":"post","link":"https:\/\/www.lengnau.ch\/fr\/2026\/04\/neophytes-envahissantes-2\/","title":{"rendered":"N\u00e9ophytes envahissantes"},"content":{"rendered":"<p><strong>De nombreuses plantes import\u00e9es font le bonheur de nos jardins et ne posent aucun probl\u00e8me. Mais quelques-uns se reproduisent en masse et deviennent un probl\u00e8me pour notre flore et notre faune ! La lutte contre ces n\u00e9ophytes envahissantes est l&rsquo;objectif du projet de sacs \u00e0 n\u00e9ophytes men\u00e9 par 25 communes du Seeland. Si la population aide \u00e0 enlever les plantes nuisibles et \u00e0 les mettre dans le sac \u00e0 n\u00e9ophytes, il y a une chance de tenir les plantes ind\u00e9sirables en \u00e9chec.<\/strong><\/p>\n<p>Les n\u00e9ophytes envahissantes sont des esp\u00e8ces v\u00e9g\u00e9tales \u00e9trang\u00e8res qui se propagent fortement dans notre pays. Ils \u00e9vincent les esp\u00e8ces indig\u00e8nes et nuisent \u00e0 la biodiversit\u00e9. Certains d&rsquo;entre eux peuvent \u00e9galement causer des probl\u00e8mes de sant\u00e9. Parce qu&rsquo;il est important de lutter syst\u00e9matiquement contre les n\u00e9ophytes, 25 communes du Seeland participent d\u00e9j\u00e0 au projet de sacs \u00e0 n\u00e9ophytes. Les sacs sp\u00e9ciaux peuvent \u00eatre obtenus gratuitement aupr\u00e8s des communes. Les sacs remplis de ces plantes ind\u00e9sirables sont jet\u00e9s gratuitement avec les ordures m\u00e9nag\u00e8res ordinaires et partent \u00e0 l&rsquo;incin\u00e9ration.<\/p>\n<p>Un d\u00e9pliant pr\u00e9sentant les 10 principales n\u00e9ophytes envahissantes est distribu\u00e9 avec chaque sac. Cela devrait permettre aux non-initi\u00e9s de mettre les bonnes plantes dans le sac ! Il est important d&rsquo;\u00e9liminer syst\u00e9matiquement les n\u00e9ophytes envahissantes avant qu&rsquo;elles ne se reproduisent.<\/p>\n<p><strong>Le sac-poubelle pour l&rsquo;\u00e9limination gratuite des n\u00e9ophytes envahissantes et des plantes probl\u00e9matiques, y compris <a href=\"https:\/\/www.lengnau.ch\/wp-content\/uploads\/2025\/05\/INFOBLATT_2025_Lengnau_Neophyten_Sack.pdf\" target=\"_blank\" rel=\"noopener\">le d\u00e9pliant<\/a> contenant des informations sur les plantes \u00e0 combattre, peut \u00eatre obtenu aupr\u00e8s de la commune municipale de Lengnau, d\u00e9partement de la construction et de la planification, Brunnenplatz 2, ou aupr\u00e8s du Werkhof de la commune municipale de Lengnau, Rolliweg 3.<\/strong><\/p>\n<p>\u200b<\/p>\n<table style=\"width: 100%; border-collapse: collapse;\" border=\"0\">\n<tbody>\n<tr>\n<td style=\"width: 43.1452%;\">Afin de permettre \u00e0 la population de conna\u00eetre les principales n\u00e9ophytes envahissantes telles que la verge d&rsquo;or du Canada, le laurier-cerise, l&rsquo;herbe professionnelle annuelle, l&rsquo;arbuste \u00e0 papillons, la ronce d&rsquo;Arm\u00e9nie ou le s\u00e9ne\u00e7on africain, une exposition de ces plantes, accompagn\u00e9e d&rsquo;informations appropri\u00e9es, est organis\u00e9e dans plusieurs communes.<\/td>\n<td style=\"width: 56.8548%;\">\n<figure id=\"attachment_19532\" aria-describedby=\"caption-attachment-19532\" style=\"width: 349px\" class=\"wp-caption alignright\"><img loading=\"lazy\" decoding=\"async\" class=\"wp-image-19532\" src=\"https:\/\/www.lengnau.ch\/wp-content\/uploads\/2026\/04\/Bild-Neophytensackausstellung-Buero-Kappeler-300x202.jpg\" alt=\"\" width=\"349\" height=\"235\" srcset=\"https:\/\/www.lengnau.ch\/wp-content\/uploads\/2026\/04\/Bild-Neophytensackausstellung-Buero-Kappeler-300x202.jpg 300w, https:\/\/www.lengnau.ch\/wp-content\/uploads\/2026\/04\/Bild-Neophytensackausstellung-Buero-Kappeler.jpg 613w\" sizes=\"auto, (max-width: 349px) 100vw, 349px\" \/><figcaption id=\"caption-attachment-19532\" class=\"wp-caption-text\">Exposition de n\u00e9ophytes \u00e0 Nidau en 2025 (photo : B\u00fcro Kappeler)<\/figcaption><\/figure>\n<p>&nbsp;<\/td>\n<\/tr>\n<\/tbody>\n<\/table>\n<hr>\n<p><strong>Les expositions de n\u00e9ophytes sont :<\/strong><\/p>\n<table style=\"width: 100%; border-collapse: collapse;\" border=\"0\">\n<tbody>\n<tr>\n<td style=\"width: 43.0471%;\">du 4 mai au 21 juin 2026<br \/>\ndu 29 juin au 11 septembre 2026<\/td>\n<td style=\"width: 56.635%;\">Safnern et Nidau<br \/>\nIpsach et Pieterlen<\/td>\n<\/tr>\n<\/tbody>\n<\/table>\n<hr>\n<p>Vous trouverez \u00e9galement le d\u00e9pliant et d&rsquo;autres informations sous <a href=\"https:\/\/www.lengnau.ch\/fr\/themes\/umwelt\/naturschutz\/\" target=\"_blank\" rel=\"noopener\">Protection de la nature et du paysage<\/a>.<\/p>\n<p>Si de grands lauriers-cerises ou des arbustes \u00e0 papillons sont arrach\u00e9s, les sacs \u00e0 n\u00e9ophytes ne conviennent pas pour l&rsquo;\u00e9limination. L&rsquo;administration communale ou le Werkhof peuvent vous aider dans ce cas<a href=\"https:\/\/www.lengnau.ch\/fr\/verwaltung-politik-2\/gemeindeverwaltung\/departement-de-la-construction-et-des-travaux\/\" target=\"_blank\" rel=\"noopener\">(d\u00e9partement de la construction et de la planification<\/a> \/ <a href=\"https:\/\/www.lengnau.ch\/fr\/verwaltung-politik-2\/gemeindeverwaltung\/werkhof\/\" target=\"_blank\" rel=\"noopener\">Werkhof<\/a>).<\/p>\n<p><strong>La population est invit\u00e9e \u00e0 participer \u00e0 la lutte contre les n\u00e9ophytes envahissantes &#8211; c&rsquo;est la seule fa\u00e7on d&#8217;emp\u00eacher leur propagation !<\/strong><\/p>\n<p>Vous avez des questions ? Le <a href=\"https:\/\/www.lengnau.ch\/fr\/verwaltung-politik-2\/gemeindeverwaltung\/departement-de-la-construction-et-des-travaux\/\" target=\"_blank\" rel=\"noopener\">service de construction et de planification<\/a> est toujours \u00e0 votre disposition.<\/p>\n<p>Nous vous remercions d&rsquo;ores et d\u00e9j\u00e0 pour la lutte commune contre les n\u00e9ophytes et les plantes probl\u00e9matiques \u00e0 Lengnau BE !<\/p>\n","protected":false},"excerpt":{"rendered":"<p>De nombreuses plantes import\u00e9es font le bonheur de nos jardins et ne posent aucun probl\u00e8me. Mais quelques-uns se reproduisent en masse et deviennent un probl\u00e8me pour notre flore et notre faune ! La lutte contre ces n\u00e9ophytes envahissantes est l&rsquo;objectif du projet de sacs \u00e0 n\u00e9ophytes men\u00e9 par 25 communes du Seeland. Si la population [&hellip;]<\/p>\n","protected":false},"author":24,"featured_media":0,"comment_status":"closed","ping_status":"open","sticky":false,"template":"","format":"standard","meta":{"_acf_changed":false,"_relevanssi_hide_post":"","_relevanssi_hide_content":"","_relevanssi_pin_for_all":"","_relevanssi_pin_keywords":"","_relevanssi_unpin_keywords":"","_relevanssi_related_keywords":"","_relevanssi_related_include_ids":"","_relevanssi_related_exclude_ids":"","_relevanssi_related_no_append":"","_relevanssi_related_not_related":"","_relevanssi_related_posts":"","_relevanssi_noindex_reason":"","footnotes":""},"categories":[74,28,76],"tags":[],"class_list":["post-19568","post","type-post","status-publish","format-standard","hentry","category-aktuelles","category-frontseite","category-medienmitteilungen"],"acf":[],"yoast_head":"<!-- This site is optimized with the Yoast SEO plugin v27.4 - https:\/\/yoast.com\/product\/yoast-seo-wordpress\/ -->\n<title>N\u00e9ophytes envahissantes - Gemeinde Lengnau<\/title>\n<meta name=\"robots\" content=\"index, follow, max-snippet:-1, max-image-preview:large, max-video-preview:-1\" \/>\n<link rel=\"canonical\" href=\"https:\/\/www.lengnau.ch\/fr\/2026\/04\/neophytes-envahissantes-2\/\" \/>\n<meta property=\"og:locale\" content=\"fr_FR\" \/>\n<meta property=\"og:type\" content=\"article\" \/>\n<meta property=\"og:title\" content=\"N\u00e9ophytes envahissantes - Gemeinde Lengnau\" \/>\n<meta property=\"og:description\" content=\"De nombreuses plantes import\u00e9es font le bonheur de nos jardins et ne posent aucun probl\u00e8me. Mais quelques-uns se reproduisent en masse et deviennent un probl\u00e8me pour notre flore et notre faune ! La lutte contre ces n\u00e9ophytes envahissantes est l&rsquo;objectif du projet de sacs \u00e0 n\u00e9ophytes men\u00e9 par 25 communes du Seeland. Si la population [&hellip;]\" \/>\n<meta property=\"og:url\" content=\"https:\/\/www.lengnau.ch\/fr\/2026\/04\/neophytes-envahissantes-2\/\" \/>\n<meta property=\"og:site_name\" content=\"Gemeinde Lengnau\" \/>\n<meta property=\"article:published_time\" content=\"2026-04-30T04:00:39+00:00\" \/>\n<meta property=\"og:image\" content=\"https:\/\/www.lengnau.ch\/wp-content\/uploads\/2026\/04\/Bild-Neophytensackausstellung-Buero-Kappeler.jpg\" \/>\n\t<meta property=\"og:image:width\" content=\"613\" \/>\n\t<meta property=\"og:image:height\" content=\"412\" \/>\n\t<meta property=\"og:image:type\" content=\"image\/jpeg\" \/>\n<meta name=\"author\" content=\"Sophie Wyss\" \/>\n<meta name=\"twitter:card\" content=\"summary_large_image\" \/>\n<script type=\"application\/ld+json\" class=\"yoast-schema-graph\">{\"@context\":\"https:\\\/\\\/schema.org\",\"@graph\":[{\"@type\":\"Article\",\"@id\":\"https:\\\/\\\/www.lengnau.ch\\\/fr\\\/2026\\\/04\\\/neophytes-envahissantes-2\\\/#article\",\"isPartOf\":{\"@id\":\"https:\\\/\\\/www.lengnau.ch\\\/fr\\\/2026\\\/04\\\/neophytes-envahissantes-2\\\/\"},\"author\":{\"name\":\"Sophie Wyss\",\"@id\":\"https:\\\/\\\/www.lengnau.ch\\\/#\\\/schema\\\/person\\\/7f567e5af1bb930e58509082c09f8956\"},\"headline\":\"N\u00e9ophytes envahissantes\",\"datePublished\":\"2026-04-30T04:00:39+00:00\",\"mainEntityOfPage\":{\"@id\":\"https:\\\/\\\/www.lengnau.ch\\\/fr\\\/2026\\\/04\\\/neophytes-envahissantes-2\\\/\"},\"wordCount\":502,\"image\":{\"@id\":\"https:\\\/\\\/www.lengnau.ch\\\/fr\\\/2026\\\/04\\\/neophytes-envahissantes-2\\\/#primaryimage\"},\"thumbnailUrl\":\"https:\\\/\\\/www.lengnau.ch\\\/wp-content\\\/uploads\\\/2026\\\/04\\\/Bild-Neophytensackausstellung-Buero-Kappeler-300x202.jpg\",\"articleSection\":[\"Aktuelles\",\"Frontseite\",\"Medienmitteilungen\"],\"inLanguage\":\"fr-FR\"},{\"@type\":\"WebPage\",\"@id\":\"https:\\\/\\\/www.lengnau.ch\\\/fr\\\/2026\\\/04\\\/neophytes-envahissantes-2\\\/\",\"url\":\"https:\\\/\\\/www.lengnau.ch\\\/fr\\\/2026\\\/04\\\/neophytes-envahissantes-2\\\/\",\"name\":\"N\u00e9ophytes envahissantes - Gemeinde Lengnau\",\"isPartOf\":{\"@id\":\"https:\\\/\\\/www.lengnau.ch\\\/#website\"},\"primaryImageOfPage\":{\"@id\":\"https:\\\/\\\/www.lengnau.ch\\\/fr\\\/2026\\\/04\\\/neophytes-envahissantes-2\\\/#primaryimage\"},\"image\":{\"@id\":\"https:\\\/\\\/www.lengnau.ch\\\/fr\\\/2026\\\/04\\\/neophytes-envahissantes-2\\\/#primaryimage\"},\"thumbnailUrl\":\"https:\\\/\\\/www.lengnau.ch\\\/wp-content\\\/uploads\\\/2026\\\/04\\\/Bild-Neophytensackausstellung-Buero-Kappeler-300x202.jpg\",\"datePublished\":\"2026-04-30T04:00:39+00:00\",\"author\":{\"@id\":\"https:\\\/\\\/www.lengnau.ch\\\/#\\\/schema\\\/person\\\/7f567e5af1bb930e58509082c09f8956\"},\"breadcrumb\":{\"@id\":\"https:\\\/\\\/www.lengnau.ch\\\/fr\\\/2026\\\/04\\\/neophytes-envahissantes-2\\\/#breadcrumb\"},\"inLanguage\":\"fr-FR\",\"potentialAction\":[{\"@type\":\"ReadAction\",\"target\":[\"https:\\\/\\\/www.lengnau.ch\\\/fr\\\/2026\\\/04\\\/neophytes-envahissantes-2\\\/\"]}]},{\"@type\":\"ImageObject\",\"inLanguage\":\"fr-FR\",\"@id\":\"https:\\\/\\\/www.lengnau.ch\\\/fr\\\/2026\\\/04\\\/neophytes-envahissantes-2\\\/#primaryimage\",\"url\":\"https:\\\/\\\/www.lengnau.ch\\\/wp-content\\\/uploads\\\/2026\\\/04\\\/Bild-Neophytensackausstellung-Buero-Kappeler-300x202.jpg\",\"contentUrl\":\"https:\\\/\\\/www.lengnau.ch\\\/wp-content\\\/uploads\\\/2026\\\/04\\\/Bild-Neophytensackausstellung-Buero-Kappeler-300x202.jpg\"},{\"@type\":\"BreadcrumbList\",\"@id\":\"https:\\\/\\\/www.lengnau.ch\\\/fr\\\/2026\\\/04\\\/neophytes-envahissantes-2\\\/#breadcrumb\",\"itemListElement\":[{\"@type\":\"ListItem\",\"position\":1,\"name\":\"Home\",\"item\":\"https:\\\/\\\/www.lengnau.ch\\\/fr\\\/\"},{\"@type\":\"ListItem\",\"position\":2,\"name\":\"N\u00e9ophytes envahissantes\"}]},{\"@type\":\"WebSite\",\"@id\":\"https:\\\/\\\/www.lengnau.ch\\\/#website\",\"url\":\"https:\\\/\\\/www.lengnau.ch\\\/\",\"name\":\"Gemeinde Lengnau\",\"description\":\"\",\"potentialAction\":[{\"@type\":\"SearchAction\",\"target\":{\"@type\":\"EntryPoint\",\"urlTemplate\":\"https:\\\/\\\/www.lengnau.ch\\\/?s={search_term_string}\"},\"query-input\":{\"@type\":\"PropertyValueSpecification\",\"valueRequired\":true,\"valueName\":\"search_term_string\"}}],\"inLanguage\":\"fr-FR\"},{\"@type\":\"Person\",\"@id\":\"https:\\\/\\\/www.lengnau.ch\\\/#\\\/schema\\\/person\\\/7f567e5af1bb930e58509082c09f8956\",\"name\":\"Sophie Wyss\",\"url\":\"https:\\\/\\\/www.lengnau.ch\\\/fr\\\/author\\\/sophie-wysslengnau-ch\\\/\"}]}<\/script>\n<!-- \/ Yoast SEO plugin. -->","yoast_head_json":{"title":"N\u00e9ophytes envahissantes - Gemeinde Lengnau","robots":{"index":"index","follow":"follow","max-snippet":"max-snippet:-1","max-image-preview":"max-image-preview:large","max-video-preview":"max-video-preview:-1"},"canonical":"https:\/\/www.lengnau.ch\/fr\/2026\/04\/neophytes-envahissantes-2\/","og_locale":"fr_FR","og_type":"article","og_title":"N\u00e9ophytes envahissantes - Gemeinde Lengnau","og_description":"De nombreuses plantes import\u00e9es font le bonheur de nos jardins et ne posent aucun probl\u00e8me. Mais quelques-uns se reproduisent en masse et deviennent un probl\u00e8me pour notre flore et notre faune ! La lutte contre ces n\u00e9ophytes envahissantes est l&rsquo;objectif du projet de sacs \u00e0 n\u00e9ophytes men\u00e9 par 25 communes du Seeland. Si la population [&hellip;]","og_url":"https:\/\/www.lengnau.ch\/fr\/2026\/04\/neophytes-envahissantes-2\/","og_site_name":"Gemeinde Lengnau","article_published_time":"2026-04-30T04:00:39+00:00","og_image":[{"width":613,"height":412,"url":"https:\/\/www.lengnau.ch\/wp-content\/uploads\/2026\/04\/Bild-Neophytensackausstellung-Buero-Kappeler.jpg","type":"image\/jpeg"}],"author":"Sophie Wyss","twitter_card":"summary_large_image","schema":{"@context":"https:\/\/schema.org","@graph":[{"@type":"Article","@id":"https:\/\/www.lengnau.ch\/fr\/2026\/04\/neophytes-envahissantes-2\/#article","isPartOf":{"@id":"https:\/\/www.lengnau.ch\/fr\/2026\/04\/neophytes-envahissantes-2\/"},"author":{"name":"Sophie Wyss","@id":"https:\/\/www.lengnau.ch\/#\/schema\/person\/7f567e5af1bb930e58509082c09f8956"},"headline":"N\u00e9ophytes envahissantes","datePublished":"2026-04-30T04:00:39+00:00","mainEntityOfPage":{"@id":"https:\/\/www.lengnau.ch\/fr\/2026\/04\/neophytes-envahissantes-2\/"},"wordCount":502,"image":{"@id":"https:\/\/www.lengnau.ch\/fr\/2026\/04\/neophytes-envahissantes-2\/#primaryimage"},"thumbnailUrl":"https:\/\/www.lengnau.ch\/wp-content\/uploads\/2026\/04\/Bild-Neophytensackausstellung-Buero-Kappeler-300x202.jpg","articleSection":["Aktuelles","Frontseite","Medienmitteilungen"],"inLanguage":"fr-FR"},{"@type":"WebPage","@id":"https:\/\/www.lengnau.ch\/fr\/2026\/04\/neophytes-envahissantes-2\/","url":"https:\/\/www.lengnau.ch\/fr\/2026\/04\/neophytes-envahissantes-2\/","name":"N\u00e9ophytes envahissantes - Gemeinde Lengnau","isPartOf":{"@id":"https:\/\/www.lengnau.ch\/#website"},"primaryImageOfPage":{"@id":"https:\/\/www.lengnau.ch\/fr\/2026\/04\/neophytes-envahissantes-2\/#primaryimage"},"image":{"@id":"https:\/\/www.lengnau.ch\/fr\/2026\/04\/neophytes-envahissantes-2\/#primaryimage"},"thumbnailUrl":"https:\/\/www.lengnau.ch\/wp-content\/uploads\/2026\/04\/Bild-Neophytensackausstellung-Buero-Kappeler-300x202.jpg","datePublished":"2026-04-30T04:00:39+00:00","author":{"@id":"https:\/\/www.lengnau.ch\/#\/schema\/person\/7f567e5af1bb930e58509082c09f8956"},"breadcrumb":{"@id":"https:\/\/www.lengnau.ch\/fr\/2026\/04\/neophytes-envahissantes-2\/#breadcrumb"},"inLanguage":"fr-FR","potentialAction":[{"@type":"ReadAction","target":["https:\/\/www.lengnau.ch\/fr\/2026\/04\/neophytes-envahissantes-2\/"]}]},{"@type":"ImageObject","inLanguage":"fr-FR","@id":"https:\/\/www.lengnau.ch\/fr\/2026\/04\/neophytes-envahissantes-2\/#primaryimage","url":"https:\/\/www.lengnau.ch\/wp-content\/uploads\/2026\/04\/Bild-Neophytensackausstellung-Buero-Kappeler-300x202.jpg","contentUrl":"https:\/\/www.lengnau.ch\/wp-content\/uploads\/2026\/04\/Bild-Neophytensackausstellung-Buero-Kappeler-300x202.jpg"},{"@type":"BreadcrumbList","@id":"https:\/\/www.lengnau.ch\/fr\/2026\/04\/neophytes-envahissantes-2\/#breadcrumb","itemListElement":[{"@type":"ListItem","position":1,"name":"Home","item":"https:\/\/www.lengnau.ch\/fr\/"},{"@type":"ListItem","position":2,"name":"N\u00e9ophytes envahissantes"}]},{"@type":"WebSite","@id":"https:\/\/www.lengnau.ch\/#website","url":"https:\/\/www.lengnau.ch\/","name":"Gemeinde Lengnau","description":"","potentialAction":[{"@type":"SearchAction","target":{"@type":"EntryPoint","urlTemplate":"https:\/\/www.lengnau.ch\/?s={search_term_string}"},"query-input":{"@type":"PropertyValueSpecification","valueRequired":true,"valueName":"search_term_string"}}],"inLanguage":"fr-FR"},{"@type":"Person","@id":"https:\/\/www.lengnau.ch\/#\/schema\/person\/7f567e5af1bb930e58509082c09f8956","name":"Sophie Wyss","url":"https:\/\/www.lengnau.ch\/fr\/author\/sophie-wysslengnau-ch\/"}]}},"publishpress_future_action":{"enabled":false,"date":"2026-05-07 09:11:04","action":"change-status","newStatus":"draft","terms":[],"taxonomy":"category","extraData":[]},"publishpress_future_workflow_manual_trigger":{"enabledWorkflows":[]},"_links":{"self":[{"href":"https:\/\/www.lengnau.ch\/fr\/wp-json\/wp\/v2\/posts\/19568","targetHints":{"allow":["GET"]}}],"collection":[{"href":"https:\/\/www.lengnau.ch\/fr\/wp-json\/wp\/v2\/posts"}],"about":[{"href":"https:\/\/www.lengnau.ch\/fr\/wp-json\/wp\/v2\/types\/post"}],"author":[{"embeddable":true,"href":"https:\/\/www.lengnau.ch\/fr\/wp-json\/wp\/v2\/users\/24"}],"replies":[{"embeddable":true,"href":"https:\/\/www.lengnau.ch\/fr\/wp-json\/wp\/v2\/comments?post=19568"}],"version-history":[{"count":0,"href":"https:\/\/www.lengnau.ch\/fr\/wp-json\/wp\/v2\/posts\/19568\/revisions"}],"wp:attachment":[{"href":"https:\/\/www.lengnau.ch\/fr\/wp-json\/wp\/v2\/media?parent=19568"}],"wp:term":[{"taxonomy":"category","embeddable":true,"href":"https:\/\/www.lengnau.ch\/fr\/wp-json\/wp\/v2\/categories?post=19568"},{"taxonomy":"post_tag","embeddable":true,"href":"https:\/\/www.lengnau.ch\/fr\/wp-json\/wp\/v2\/tags?post=19568"}],"curies":[{"name":"wp","href":"https:\/\/api.w.org\/{rel}","templated":true}]}}