{"id":19566,"date":"2026-04-30T06:00:09","date_gmt":"2026-04-30T04:00:09","guid":{"rendered":"https:\/\/www.lengnau.ch\/2026\/04\/eliminer-correctement\/"},"modified":"2026-04-30T06:00:09","modified_gmt":"2026-04-30T04:00:09","slug":"eliminer-correctement","status":"publish","type":"post","link":"https:\/\/www.lengnau.ch\/fr\/2026\/04\/eliminer-correctement\/","title":{"rendered":"\u00c9liminer correctement"},"content":{"rendered":"<p><strong>Notre gestion des d\u00e9chets ne commence pas au moment de leur \u00e9limination, mais d\u00e8s l&rsquo;achat. En consommant de mani\u00e8re consciente et en triant correctement les d\u00e9chets, vous apportez une contribution importante \u00e0 l&rsquo;environnement, aux ressources et \u00e0 la propret\u00e9 de la ville.<\/strong><\/p>\n<p>Vous trouverez ci-dessous un r\u00e9sum\u00e9 des principales dispositions et consignes relatives \u00e0 la gestion des d\u00e9chets dans la commune de Lengnau BE :<\/p>\n<table style=\"width: 100%; border-collapse: collapse;\" border=\"0\">\n<tbody>\n<tr>\n<td style=\"width: 50%;\">Le <strong>ramassage des ordures et des encombrants<\/strong> a lieu tous les jeudis. Les sacs \u00e0 ordures doivent \u00eatre d\u00e9pos\u00e9s dans les conteneurs \u00e0 ordures noirs ou dans les conteneurs souterrains. Seuls les sacs \u00e0 ordures officiels de Lengnau ou les sacs \u00e0 ordures noirs de 110 litres munis de vignettes vertes de la commune de Lengnau BE peuvent \u00eatre utilis\u00e9s (disponibles dans les <a href=\"https:\/\/www.lengnau.ch\/fr\/themes\/abfall\/wie-entsorge-ich-was\/\" target=\"_blank\" rel=\"noopener\">points de vente<\/a> habituels de Lengnau BE).<\/td>\n<td style=\"width: 50%;\"><img loading=\"lazy\" decoding=\"async\" class=\"size-medium wp-image-19548 alignright\" src=\"https:\/\/www.lengnau.ch\/wp-content\/uploads\/2026\/04\/Sperrgut-und-Gebuehrenmarke_Bericht-LN-02_2026-300x225.jpg\" alt=\"\" width=\"300\" height=\"225\" srcset=\"https:\/\/www.lengnau.ch\/wp-content\/uploads\/2026\/04\/Sperrgut-und-Gebuehrenmarke_Bericht-LN-02_2026-300x225.jpg 300w, https:\/\/www.lengnau.ch\/wp-content\/uploads\/2026\/04\/Sperrgut-und-Gebuehrenmarke_Bericht-LN-02_2026-1024x768.jpg 1024w, https:\/\/www.lengnau.ch\/wp-content\/uploads\/2026\/04\/Sperrgut-und-Gebuehrenmarke_Bericht-LN-02_2026-768x576.jpg 768w, https:\/\/www.lengnau.ch\/wp-content\/uploads\/2026\/04\/Sperrgut-und-Gebuehrenmarke_Bericht-LN-02_2026.jpg 1280w\" sizes=\"auto, (max-width: 300px) 100vw, 300px\" \/><\/td>\n<\/tr>\n<\/tbody>\n<\/table>\n<p>Les objets encombrants d&rsquo;un poids maximal de 25 kg par unit\u00e9 doivent \u00eatre pr\u00e9sent\u00e9s en ballots aux endroits o\u00f9 ont lieu les collectes sp\u00e9ciales (verre usag\u00e9, d\u00e9chets verts, fer blanc, ferraille, papier, carton et plastique m\u00e9nager). Les encombrants ne doivent pas \u00eatre d\u00e9pos\u00e9s devant les conteneurs \u00e0 ordures noirs ou les conteneurs souterrains.<\/p>\n<p><strong>Important :<\/strong> tous les d\u00e9chets ne doivent \u00eatre d\u00e9pos\u00e9s que le jour de la collecte. En ce qui concerne les d\u00e9chets encombrants, il faut veiller \u00e0 les pr\u00e9senter avec les \u00e9tiquettes prescrites pour les d\u00e9chets encombrants (\u00e9tiquette de redevance bleue).  <strong>Les infractions, notamment le d\u00e9p\u00f4t ill\u00e9gal de d\u00e9chets, sont sanctionn\u00e9es et donnent lieu \u00e0 des amendes.<\/strong><\/p>\n<hr>\n<p><strong>Emballages<br \/>\n<\/strong>Pour les collectes sp\u00e9ciales de verre usag\u00e9, de fer blanc, de ferraille et de carton, il faut veiller \u00e0 ce que l&#8217;emballage soit appropri\u00e9 et stable (p. ex. caisses robustes, bo\u00eetes en plastique ou fagots bien ficel\u00e9s) et qu&rsquo;il r\u00e9siste \u00e0 toutes les conditions m\u00e9t\u00e9orologiques.<\/p>\n<hr>\n<p><strong>Werkhof &#8211; possibilit\u00e9s suppl\u00e9mentaires d&rsquo;\u00e9limination des d\u00e9chets<\/strong><br \/>\nEn plus des collectes \u00e0 domicile, les d\u00e9chets suivants peuvent \u00eatre d\u00e9pos\u00e9s au Werkhof :<\/p>\n<ul>\n<li><strong>les batteries : <\/strong>Petites batteries, batteries automobiles<\/li>\n<li><strong>Ferraille et m\u00e9taux : <\/strong>petites quantit\u00e9s<\/li>\n<li><strong>Chauffe-eau : <\/strong>Remise payante et selon la taille<\/li>\n<li><strong>Appareils \u00e9lectriques :<\/strong> t\u00e9l\u00e9viseurs, ordinateurs et petits appareils<\/li>\n<li><strong>Poisons et solvants :<\/strong> peintures, vernis, produits de nettoyage et phytosanitaires, etc.<\/li>\n<li><strong>Tubes fluorescents :<\/strong> emball\u00e9s avec pr\u00e9caution (pour \u00e9viter la casse)<\/li>\n<li><strong>Huile :<\/strong> huile de m\u00e9nage, huile de cuisine ou huile de moteur (\u00e0 apporter dans des r\u00e9cipients ferm\u00e9s)<\/li>\n<li><strong>D\u00e9chets de construction : <\/strong>jusqu&rsquo;\u00e0 250 litres (plus avec inscription et contre paiement)<\/li>\n<\/ul>\n<p>Vous trouverez ici les <strong><a href=\"https:\/\/www.lengnau.ch\/fr\/verwaltung-politik-2\/gemeindeverwaltung\/werkhof\/\" target=\"_blank\" rel=\"noopener\">Horaires d&rsquo;ouverture du centre d&rsquo;entretien<\/a><br \/>\n<\/strong><\/p>\n<hr>\n<p><strong>Une gestion des d\u00e9chets qui fonctionne et qui respecte l&rsquo;environnement n&rsquo;est possible qu&rsquo;avec l&rsquo;aide de tous. Merci de votre contribution \u00e0 un Lengnau BE propre et agr\u00e9able \u00e0 vivre !<\/strong><\/p>\n<p>Pour plus d&rsquo;informations, consultez la rubrique <a href=\"https:\/\/www.lengnau.ch\/fr\/themes\/abfall\/wie-entsorge-ich-was\/\" target=\"_blank\" rel=\"noopener\">D\u00e9chets &#8211; Comment se d\u00e9barrasser de quoi ?<\/a><\/p>\n<p>Vous avez des questions ? Le <a href=\"https:\/\/www.lengnau.ch\/fr\/verwaltung-politik-2\/gemeindeverwaltung\/departement-de-la-construction-et-des-travaux\/\" target=\"_blank\" rel=\"noopener\">service de construction et de planification<\/a> est toujours \u00e0 votre disposition.<\/p>\n","protected":false},"excerpt":{"rendered":"<p>Notre gestion des d\u00e9chets ne commence pas au moment de leur \u00e9limination, mais d\u00e8s l&rsquo;achat. En consommant de mani\u00e8re consciente et en triant correctement les d\u00e9chets, vous apportez une contribution importante \u00e0 l&rsquo;environnement, aux ressources et \u00e0 la propret\u00e9 de la ville. Vous trouverez ci-dessous un r\u00e9sum\u00e9 des principales dispositions et consignes relatives \u00e0 la [&hellip;]<\/p>\n","protected":false},"author":24,"featured_media":0,"comment_status":"closed","ping_status":"open","sticky":false,"template":"","format":"standard","meta":{"_acf_changed":false,"_relevanssi_hide_post":"","_relevanssi_hide_content":"","_relevanssi_pin_for_all":"","_relevanssi_pin_keywords":"","_relevanssi_unpin_keywords":"","_relevanssi_related_keywords":"","_relevanssi_related_include_ids":"","_relevanssi_related_exclude_ids":"","_relevanssi_related_no_append":"","_relevanssi_related_not_related":"","_relevanssi_related_posts":"","_relevanssi_noindex_reason":"","footnotes":""},"categories":[74,28,76],"tags":[],"class_list":["post-19566","post","type-post","status-publish","format-standard","hentry","category-aktuelles","category-frontseite","category-medienmitteilungen"],"acf":[],"yoast_head":"<!-- This site is optimized with the Yoast SEO plugin v27.4 - https:\/\/yoast.com\/product\/yoast-seo-wordpress\/ -->\n<title>\u00c9liminer correctement - Gemeinde Lengnau<\/title>\n<meta name=\"robots\" content=\"index, follow, max-snippet:-1, max-image-preview:large, max-video-preview:-1\" \/>\n<link rel=\"canonical\" href=\"https:\/\/www.lengnau.ch\/fr\/2026\/04\/eliminer-correctement\/\" \/>\n<meta property=\"og:locale\" content=\"fr_FR\" \/>\n<meta property=\"og:type\" content=\"article\" \/>\n<meta property=\"og:title\" content=\"\u00c9liminer correctement - Gemeinde Lengnau\" \/>\n<meta property=\"og:description\" content=\"Notre gestion des d\u00e9chets ne commence pas au moment de leur \u00e9limination, mais d\u00e8s l&rsquo;achat. En consommant de mani\u00e8re consciente et en triant correctement les d\u00e9chets, vous apportez une contribution importante \u00e0 l&rsquo;environnement, aux ressources et \u00e0 la propret\u00e9 de la ville. Vous trouverez ci-dessous un r\u00e9sum\u00e9 des principales dispositions et consignes relatives \u00e0 la [&hellip;]\" \/>\n<meta property=\"og:url\" content=\"https:\/\/www.lengnau.ch\/fr\/2026\/04\/eliminer-correctement\/\" \/>\n<meta property=\"og:site_name\" content=\"Gemeinde Lengnau\" \/>\n<meta property=\"article:published_time\" content=\"2026-04-30T04:00:09+00:00\" \/>\n<meta property=\"og:image\" content=\"https:\/\/www.lengnau.ch\/wp-content\/uploads\/2026\/04\/Sperrgut-und-Gebuehrenmarke_Bericht-LN-02_2026.jpg\" \/>\n\t<meta property=\"og:image:width\" content=\"1280\" \/>\n\t<meta property=\"og:image:height\" content=\"960\" \/>\n\t<meta property=\"og:image:type\" content=\"image\/jpeg\" \/>\n<meta name=\"author\" content=\"Sophie Wyss\" \/>\n<meta name=\"twitter:card\" content=\"summary_large_image\" \/>\n<script type=\"application\/ld+json\" class=\"yoast-schema-graph\">{\"@context\":\"https:\\\/\\\/schema.org\",\"@graph\":[{\"@type\":\"Article\",\"@id\":\"https:\\\/\\\/www.lengnau.ch\\\/fr\\\/2026\\\/04\\\/eliminer-correctement\\\/#article\",\"isPartOf\":{\"@id\":\"https:\\\/\\\/www.lengnau.ch\\\/fr\\\/2026\\\/04\\\/eliminer-correctement\\\/\"},\"author\":{\"name\":\"Sophie Wyss\",\"@id\":\"https:\\\/\\\/www.lengnau.ch\\\/#\\\/schema\\\/person\\\/7f567e5af1bb930e58509082c09f8956\"},\"headline\":\"\u00c9liminer correctement\",\"datePublished\":\"2026-04-30T04:00:09+00:00\",\"mainEntityOfPage\":{\"@id\":\"https:\\\/\\\/www.lengnau.ch\\\/fr\\\/2026\\\/04\\\/eliminer-correctement\\\/\"},\"wordCount\":486,\"image\":{\"@id\":\"https:\\\/\\\/www.lengnau.ch\\\/fr\\\/2026\\\/04\\\/eliminer-correctement\\\/#primaryimage\"},\"thumbnailUrl\":\"https:\\\/\\\/www.lengnau.ch\\\/wp-content\\\/uploads\\\/2026\\\/04\\\/Sperrgut-und-Gebuehrenmarke_Bericht-LN-02_2026-300x225.jpg\",\"articleSection\":[\"Aktuelles\",\"Frontseite\",\"Medienmitteilungen\"],\"inLanguage\":\"fr-FR\"},{\"@type\":\"WebPage\",\"@id\":\"https:\\\/\\\/www.lengnau.ch\\\/fr\\\/2026\\\/04\\\/eliminer-correctement\\\/\",\"url\":\"https:\\\/\\\/www.lengnau.ch\\\/fr\\\/2026\\\/04\\\/eliminer-correctement\\\/\",\"name\":\"\u00c9liminer correctement - Gemeinde Lengnau\",\"isPartOf\":{\"@id\":\"https:\\\/\\\/www.lengnau.ch\\\/#website\"},\"primaryImageOfPage\":{\"@id\":\"https:\\\/\\\/www.lengnau.ch\\\/fr\\\/2026\\\/04\\\/eliminer-correctement\\\/#primaryimage\"},\"image\":{\"@id\":\"https:\\\/\\\/www.lengnau.ch\\\/fr\\\/2026\\\/04\\\/eliminer-correctement\\\/#primaryimage\"},\"thumbnailUrl\":\"https:\\\/\\\/www.lengnau.ch\\\/wp-content\\\/uploads\\\/2026\\\/04\\\/Sperrgut-und-Gebuehrenmarke_Bericht-LN-02_2026-300x225.jpg\",\"datePublished\":\"2026-04-30T04:00:09+00:00\",\"author\":{\"@id\":\"https:\\\/\\\/www.lengnau.ch\\\/#\\\/schema\\\/person\\\/7f567e5af1bb930e58509082c09f8956\"},\"breadcrumb\":{\"@id\":\"https:\\\/\\\/www.lengnau.ch\\\/fr\\\/2026\\\/04\\\/eliminer-correctement\\\/#breadcrumb\"},\"inLanguage\":\"fr-FR\",\"potentialAction\":[{\"@type\":\"ReadAction\",\"target\":[\"https:\\\/\\\/www.lengnau.ch\\\/fr\\\/2026\\\/04\\\/eliminer-correctement\\\/\"]}]},{\"@type\":\"ImageObject\",\"inLanguage\":\"fr-FR\",\"@id\":\"https:\\\/\\\/www.lengnau.ch\\\/fr\\\/2026\\\/04\\\/eliminer-correctement\\\/#primaryimage\",\"url\":\"https:\\\/\\\/www.lengnau.ch\\\/wp-content\\\/uploads\\\/2026\\\/04\\\/Sperrgut-und-Gebuehrenmarke_Bericht-LN-02_2026-300x225.jpg\",\"contentUrl\":\"https:\\\/\\\/www.lengnau.ch\\\/wp-content\\\/uploads\\\/2026\\\/04\\\/Sperrgut-und-Gebuehrenmarke_Bericht-LN-02_2026-300x225.jpg\"},{\"@type\":\"BreadcrumbList\",\"@id\":\"https:\\\/\\\/www.lengnau.ch\\\/fr\\\/2026\\\/04\\\/eliminer-correctement\\\/#breadcrumb\",\"itemListElement\":[{\"@type\":\"ListItem\",\"position\":1,\"name\":\"Home\",\"item\":\"https:\\\/\\\/www.lengnau.ch\\\/fr\\\/\"},{\"@type\":\"ListItem\",\"position\":2,\"name\":\"\u00c9liminer correctement\"}]},{\"@type\":\"WebSite\",\"@id\":\"https:\\\/\\\/www.lengnau.ch\\\/#website\",\"url\":\"https:\\\/\\\/www.lengnau.ch\\\/\",\"name\":\"Gemeinde Lengnau\",\"description\":\"\",\"potentialAction\":[{\"@type\":\"SearchAction\",\"target\":{\"@type\":\"EntryPoint\",\"urlTemplate\":\"https:\\\/\\\/www.lengnau.ch\\\/?s={search_term_string}\"},\"query-input\":{\"@type\":\"PropertyValueSpecification\",\"valueRequired\":true,\"valueName\":\"search_term_string\"}}],\"inLanguage\":\"fr-FR\"},{\"@type\":\"Person\",\"@id\":\"https:\\\/\\\/www.lengnau.ch\\\/#\\\/schema\\\/person\\\/7f567e5af1bb930e58509082c09f8956\",\"name\":\"Sophie Wyss\",\"url\":\"https:\\\/\\\/www.lengnau.ch\\\/fr\\\/author\\\/sophie-wysslengnau-ch\\\/\"}]}<\/script>\n<!-- \/ Yoast SEO plugin. -->","yoast_head_json":{"title":"\u00c9liminer correctement - Gemeinde Lengnau","robots":{"index":"index","follow":"follow","max-snippet":"max-snippet:-1","max-image-preview":"max-image-preview:large","max-video-preview":"max-video-preview:-1"},"canonical":"https:\/\/www.lengnau.ch\/fr\/2026\/04\/eliminer-correctement\/","og_locale":"fr_FR","og_type":"article","og_title":"\u00c9liminer correctement - Gemeinde Lengnau","og_description":"Notre gestion des d\u00e9chets ne commence pas au moment de leur \u00e9limination, mais d\u00e8s l&rsquo;achat. En consommant de mani\u00e8re consciente et en triant correctement les d\u00e9chets, vous apportez une contribution importante \u00e0 l&rsquo;environnement, aux ressources et \u00e0 la propret\u00e9 de la ville. Vous trouverez ci-dessous un r\u00e9sum\u00e9 des principales dispositions et consignes relatives \u00e0 la [&hellip;]","og_url":"https:\/\/www.lengnau.ch\/fr\/2026\/04\/eliminer-correctement\/","og_site_name":"Gemeinde Lengnau","article_published_time":"2026-04-30T04:00:09+00:00","og_image":[{"width":1280,"height":960,"url":"https:\/\/www.lengnau.ch\/wp-content\/uploads\/2026\/04\/Sperrgut-und-Gebuehrenmarke_Bericht-LN-02_2026.jpg","type":"image\/jpeg"}],"author":"Sophie Wyss","twitter_card":"summary_large_image","schema":{"@context":"https:\/\/schema.org","@graph":[{"@type":"Article","@id":"https:\/\/www.lengnau.ch\/fr\/2026\/04\/eliminer-correctement\/#article","isPartOf":{"@id":"https:\/\/www.lengnau.ch\/fr\/2026\/04\/eliminer-correctement\/"},"author":{"name":"Sophie Wyss","@id":"https:\/\/www.lengnau.ch\/#\/schema\/person\/7f567e5af1bb930e58509082c09f8956"},"headline":"\u00c9liminer correctement","datePublished":"2026-04-30T04:00:09+00:00","mainEntityOfPage":{"@id":"https:\/\/www.lengnau.ch\/fr\/2026\/04\/eliminer-correctement\/"},"wordCount":486,"image":{"@id":"https:\/\/www.lengnau.ch\/fr\/2026\/04\/eliminer-correctement\/#primaryimage"},"thumbnailUrl":"https:\/\/www.lengnau.ch\/wp-content\/uploads\/2026\/04\/Sperrgut-und-Gebuehrenmarke_Bericht-LN-02_2026-300x225.jpg","articleSection":["Aktuelles","Frontseite","Medienmitteilungen"],"inLanguage":"fr-FR"},{"@type":"WebPage","@id":"https:\/\/www.lengnau.ch\/fr\/2026\/04\/eliminer-correctement\/","url":"https:\/\/www.lengnau.ch\/fr\/2026\/04\/eliminer-correctement\/","name":"\u00c9liminer correctement - Gemeinde Lengnau","isPartOf":{"@id":"https:\/\/www.lengnau.ch\/#website"},"primaryImageOfPage":{"@id":"https:\/\/www.lengnau.ch\/fr\/2026\/04\/eliminer-correctement\/#primaryimage"},"image":{"@id":"https:\/\/www.lengnau.ch\/fr\/2026\/04\/eliminer-correctement\/#primaryimage"},"thumbnailUrl":"https:\/\/www.lengnau.ch\/wp-content\/uploads\/2026\/04\/Sperrgut-und-Gebuehrenmarke_Bericht-LN-02_2026-300x225.jpg","datePublished":"2026-04-30T04:00:09+00:00","author":{"@id":"https:\/\/www.lengnau.ch\/#\/schema\/person\/7f567e5af1bb930e58509082c09f8956"},"breadcrumb":{"@id":"https:\/\/www.lengnau.ch\/fr\/2026\/04\/eliminer-correctement\/#breadcrumb"},"inLanguage":"fr-FR","potentialAction":[{"@type":"ReadAction","target":["https:\/\/www.lengnau.ch\/fr\/2026\/04\/eliminer-correctement\/"]}]},{"@type":"ImageObject","inLanguage":"fr-FR","@id":"https:\/\/www.lengnau.ch\/fr\/2026\/04\/eliminer-correctement\/#primaryimage","url":"https:\/\/www.lengnau.ch\/wp-content\/uploads\/2026\/04\/Sperrgut-und-Gebuehrenmarke_Bericht-LN-02_2026-300x225.jpg","contentUrl":"https:\/\/www.lengnau.ch\/wp-content\/uploads\/2026\/04\/Sperrgut-und-Gebuehrenmarke_Bericht-LN-02_2026-300x225.jpg"},{"@type":"BreadcrumbList","@id":"https:\/\/www.lengnau.ch\/fr\/2026\/04\/eliminer-correctement\/#breadcrumb","itemListElement":[{"@type":"ListItem","position":1,"name":"Home","item":"https:\/\/www.lengnau.ch\/fr\/"},{"@type":"ListItem","position":2,"name":"\u00c9liminer correctement"}]},{"@type":"WebSite","@id":"https:\/\/www.lengnau.ch\/#website","url":"https:\/\/www.lengnau.ch\/","name":"Gemeinde Lengnau","description":"","potentialAction":[{"@type":"SearchAction","target":{"@type":"EntryPoint","urlTemplate":"https:\/\/www.lengnau.ch\/?s={search_term_string}"},"query-input":{"@type":"PropertyValueSpecification","valueRequired":true,"valueName":"search_term_string"}}],"inLanguage":"fr-FR"},{"@type":"Person","@id":"https:\/\/www.lengnau.ch\/#\/schema\/person\/7f567e5af1bb930e58509082c09f8956","name":"Sophie Wyss","url":"https:\/\/www.lengnau.ch\/fr\/author\/sophie-wysslengnau-ch\/"}]}},"publishpress_future_action":{"enabled":false,"date":"2026-05-07 09:11:04","action":"change-status","newStatus":"draft","terms":[],"taxonomy":"category","extraData":[]},"publishpress_future_workflow_manual_trigger":{"enabledWorkflows":[]},"_links":{"self":[{"href":"https:\/\/www.lengnau.ch\/fr\/wp-json\/wp\/v2\/posts\/19566","targetHints":{"allow":["GET"]}}],"collection":[{"href":"https:\/\/www.lengnau.ch\/fr\/wp-json\/wp\/v2\/posts"}],"about":[{"href":"https:\/\/www.lengnau.ch\/fr\/wp-json\/wp\/v2\/types\/post"}],"author":[{"embeddable":true,"href":"https:\/\/www.lengnau.ch\/fr\/wp-json\/wp\/v2\/users\/24"}],"replies":[{"embeddable":true,"href":"https:\/\/www.lengnau.ch\/fr\/wp-json\/wp\/v2\/comments?post=19566"}],"version-history":[{"count":0,"href":"https:\/\/www.lengnau.ch\/fr\/wp-json\/wp\/v2\/posts\/19566\/revisions"}],"wp:attachment":[{"href":"https:\/\/www.lengnau.ch\/fr\/wp-json\/wp\/v2\/media?parent=19566"}],"wp:term":[{"taxonomy":"category","embeddable":true,"href":"https:\/\/www.lengnau.ch\/fr\/wp-json\/wp\/v2\/categories?post=19566"},{"taxonomy":"post_tag","embeddable":true,"href":"https:\/\/www.lengnau.ch\/fr\/wp-json\/wp\/v2\/tags?post=19566"}],"curies":[{"name":"wp","href":"https:\/\/api.w.org\/{rel}","templated":true}]}}