{"id":19202,"date":"2026-03-12T16:09:46","date_gmt":"2026-03-12T15:09:46","guid":{"rendered":"https:\/\/www.lengnau.ch\/2026\/03\/apportez-plus-de-biodiversite-dans-votre-jardin\/"},"modified":"2026-03-12T16:09:46","modified_gmt":"2026-03-12T15:09:46","slug":"apportez-plus-de-biodiversite-dans-votre-jardin","status":"publish","type":"post","link":"https:\/\/www.lengnau.ch\/fr\/2026\/03\/apportez-plus-de-biodiversite-dans-votre-jardin\/","title":{"rendered":"Apportez plus de biodiversit\u00e9 dans votre jardin"},"content":{"rendered":"<p>Les jardins priv\u00e9s de Suisse couvrent au total une surface \u00e0 peu pr\u00e8s \u00e9quivalente \u00e0 celle du lac de Constance ou trois fois plus grande que le parc national : un \u00e9norme potentiel pour la biodiversit\u00e9 si l&rsquo;am\u00e9nagement et l&rsquo;entretien sont proches de la nature ! Avec BONJOUR NATURE, Pro Natura propose aux particuliers des conseils gratuits par t\u00e9l\u00e9phone ou directement sur place, par exemple pour am\u00e9nager une haie sauvage, une prairie fleurie, un \u00e9tang ou de simples tas de pierres. Aucune connaissance pr\u00e9alable n&rsquo;est requise : m\u00eame de petites mesures peuvent faire une grande diff\u00e9rence.<\/p>\n<p><strong>Certification et \u00e9v\u00e9nements<br \/>\n<\/strong>Les jardins respectueux de la nature peuvent \u00eatre certifi\u00e9s sur demande et recevoir un \u00e0 trois papillons. Une jolie plaque rend l&rsquo;engagement visible et incite le voisinage \u00e0 suivre l&rsquo;exemple. Les jardins particuli\u00e8rement accueillants pour la faune et la flore sauvages peuvent ouvrir leurs portes pour des visites et des \u00e9v\u00e9nements.<\/p>\n<p>La promotion de la nature dans les villages et les villes ne profite pas seulement \u00e0 la biodiversit\u00e9, mais am\u00e9liore \u00e9galement notre qualit\u00e9 de vie. Elle apporte plus de bien-\u00eatre, am\u00e9liore l&rsquo;air que nous respirons et cr\u00e9e un climat agr\u00e9able.<\/p>\n<p>Participez \u00e0 ce projet et devenez membre d&rsquo;un mouvement \u00e0 l&rsquo;\u00e9chelle nationale qui rend visible la valeur des jardins naturels. Ensemble, nous pouvons cr\u00e9er pas \u00e0 pas une mosa\u00efque pleine de vie dans notre communaut\u00e9. Inscrivez-vous d\u00e8s maintenant et dites \u00ab\u00a0Bonjour\u00a0\u00bb \u00e0 la nature \u00e0 votre porte ! D&rsquo;ailleurs, gr\u00e2ce \u00e0 un test pratique en ligne, vous pouvez v\u00e9rifier vous-m\u00eame le caract\u00e8re \u00e9cologique de votre jardin. Informations et inscription : <a href=\"https:\/\/www.pronatura.ch\/de\/bonjournature\" target=\"_blank\" rel=\"noopener\">BONJOUR NATURE de Pro Natura<\/a><\/p>\n<p><strong>Liens importants<br \/>\n<\/strong><a href=\"https:\/\/www.pronatura.ch\/de\/bonjournature\" target=\"_blank\" rel=\"noopener\" data-entity-type=\"node\" data-entity-uuid=\"31a78d12-22fe-4ace-851a-2697ae3f4c24\" data-entity-substitution=\"canonical\">Page du projet BONJOUR NATURE<\/a><br \/>\n<a href=\"https:\/\/www.pronatura.ch\/de\/gartenberatung\" target=\"_blank\" rel=\"noopener\">Page d&rsquo;inscription aux consultations de jardinage<\/a><br \/>\n<a href=\"https:\/\/www.pronatura.ch\/de\/zertifizierung\" target=\"_blank\" rel=\"noopener\">Page d&rsquo;inscription Certifications<\/a><\/p>\n<p>Image de fond pour l&rsquo;encadr\u00e9 \u00ab\u00a0Nouvelles\u00a0\u00bb : Matthias Sorg \/ <a href=\"https:\/\/www.pronatura.ch\/de\/bonjour-nature-informationen-fuer-medienschaffende-und-gemeinden?utm_source=Tempor%C3%A4re+Audience%3A+Gemeinden+Schweiz&amp;utm_campaign=c75fd9d205-EMAIL_CAMPAIGN_2026_03_02_11_55_COPY_03&amp;utm_medium=email&amp;utm_term=0_-b77ea8ec13-447053394&amp;mc_cid=c75fd9d205&amp;mc_eid=e5e66af0b8\" target=\"_blank\" rel=\"noopener\">Pro Natura &#8211; Projet \u00ab\u00a0BONJOUR NATURE\u00a0\u00bb.<\/a><\/p>\n","protected":false},"excerpt":{"rendered":"<p>Les jardins priv\u00e9s de Suisse couvrent au total une surface \u00e0 peu pr\u00e8s \u00e9quivalente \u00e0 celle du lac de Constance ou trois fois plus grande que le parc national : un \u00e9norme potentiel pour la biodiversit\u00e9 si l&rsquo;am\u00e9nagement et l&rsquo;entretien sont proches de la nature ! Avec BONJOUR NATURE, Pro Natura propose aux particuliers des [&hellip;]<\/p>\n","protected":false},"author":24,"featured_media":0,"comment_status":"closed","ping_status":"open","sticky":false,"template":"","format":"standard","meta":{"_acf_changed":false,"_relevanssi_hide_post":"","_relevanssi_hide_content":"","_relevanssi_pin_for_all":"","_relevanssi_pin_keywords":"","_relevanssi_unpin_keywords":"","_relevanssi_related_keywords":"","_relevanssi_related_include_ids":"","_relevanssi_related_exclude_ids":"","_relevanssi_related_no_append":"","_relevanssi_related_not_related":"","_relevanssi_related_posts":"","_relevanssi_noindex_reason":"","footnotes":""},"categories":[1],"tags":[],"class_list":["post-19202","post","type-post","status-publish","format-standard","hentry","category-unkategorisiert"],"acf":[],"yoast_head":"<!-- This site is optimized with the Yoast SEO plugin v27.4 - https:\/\/yoast.com\/product\/yoast-seo-wordpress\/ -->\n<title>Apportez plus de biodiversit\u00e9 dans votre jardin - Gemeinde Lengnau<\/title>\n<meta name=\"robots\" content=\"index, follow, max-snippet:-1, max-image-preview:large, max-video-preview:-1\" \/>\n<link rel=\"canonical\" href=\"https:\/\/www.lengnau.ch\/fr\/2026\/03\/apportez-plus-de-biodiversite-dans-votre-jardin\/\" \/>\n<meta property=\"og:locale\" content=\"fr_FR\" \/>\n<meta property=\"og:type\" content=\"article\" \/>\n<meta property=\"og:title\" content=\"Apportez plus de biodiversit\u00e9 dans votre jardin - Gemeinde Lengnau\" \/>\n<meta property=\"og:description\" content=\"Les jardins priv\u00e9s de Suisse couvrent au total une surface \u00e0 peu pr\u00e8s \u00e9quivalente \u00e0 celle du lac de Constance ou trois fois plus grande que le parc national : un \u00e9norme potentiel pour la biodiversit\u00e9 si l&rsquo;am\u00e9nagement et l&rsquo;entretien sont proches de la nature ! Avec BONJOUR NATURE, Pro Natura propose aux particuliers des [&hellip;]\" \/>\n<meta property=\"og:url\" content=\"https:\/\/www.lengnau.ch\/fr\/2026\/03\/apportez-plus-de-biodiversite-dans-votre-jardin\/\" \/>\n<meta property=\"og:site_name\" content=\"Gemeinde Lengnau\" \/>\n<meta property=\"article:published_time\" content=\"2026-03-12T15:09:46+00:00\" \/>\n<meta name=\"author\" content=\"Sophie Wyss\" \/>\n<meta name=\"twitter:card\" content=\"summary_large_image\" \/>\n<script type=\"application\/ld+json\" class=\"yoast-schema-graph\">{\"@context\":\"https:\\\/\\\/schema.org\",\"@graph\":[{\"@type\":\"Article\",\"@id\":\"https:\\\/\\\/www.lengnau.ch\\\/fr\\\/2026\\\/03\\\/apportez-plus-de-biodiversite-dans-votre-jardin\\\/#article\",\"isPartOf\":{\"@id\":\"https:\\\/\\\/www.lengnau.ch\\\/fr\\\/2026\\\/03\\\/apportez-plus-de-biodiversite-dans-votre-jardin\\\/\"},\"author\":{\"name\":\"Sophie Wyss\",\"@id\":\"https:\\\/\\\/www.lengnau.ch\\\/#\\\/schema\\\/person\\\/7f567e5af1bb930e58509082c09f8956\"},\"headline\":\"Apportez plus de biodiversit\u00e9 dans votre jardin\",\"datePublished\":\"2026-03-12T15:09:46+00:00\",\"mainEntityOfPage\":{\"@id\":\"https:\\\/\\\/www.lengnau.ch\\\/fr\\\/2026\\\/03\\\/apportez-plus-de-biodiversite-dans-votre-jardin\\\/\"},\"wordCount\":312,\"articleSection\":[\"Unkategorisiert\"],\"inLanguage\":\"fr-FR\"},{\"@type\":\"WebPage\",\"@id\":\"https:\\\/\\\/www.lengnau.ch\\\/fr\\\/2026\\\/03\\\/apportez-plus-de-biodiversite-dans-votre-jardin\\\/\",\"url\":\"https:\\\/\\\/www.lengnau.ch\\\/fr\\\/2026\\\/03\\\/apportez-plus-de-biodiversite-dans-votre-jardin\\\/\",\"name\":\"Apportez plus de biodiversit\u00e9 dans votre jardin - Gemeinde Lengnau\",\"isPartOf\":{\"@id\":\"https:\\\/\\\/www.lengnau.ch\\\/#website\"},\"datePublished\":\"2026-03-12T15:09:46+00:00\",\"author\":{\"@id\":\"https:\\\/\\\/www.lengnau.ch\\\/#\\\/schema\\\/person\\\/7f567e5af1bb930e58509082c09f8956\"},\"breadcrumb\":{\"@id\":\"https:\\\/\\\/www.lengnau.ch\\\/fr\\\/2026\\\/03\\\/apportez-plus-de-biodiversite-dans-votre-jardin\\\/#breadcrumb\"},\"inLanguage\":\"fr-FR\",\"potentialAction\":[{\"@type\":\"ReadAction\",\"target\":[\"https:\\\/\\\/www.lengnau.ch\\\/fr\\\/2026\\\/03\\\/apportez-plus-de-biodiversite-dans-votre-jardin\\\/\"]}]},{\"@type\":\"BreadcrumbList\",\"@id\":\"https:\\\/\\\/www.lengnau.ch\\\/fr\\\/2026\\\/03\\\/apportez-plus-de-biodiversite-dans-votre-jardin\\\/#breadcrumb\",\"itemListElement\":[{\"@type\":\"ListItem\",\"position\":1,\"name\":\"Home\",\"item\":\"https:\\\/\\\/www.lengnau.ch\\\/fr\\\/\"},{\"@type\":\"ListItem\",\"position\":2,\"name\":\"Apportez plus de biodiversit\u00e9 dans votre jardin\"}]},{\"@type\":\"WebSite\",\"@id\":\"https:\\\/\\\/www.lengnau.ch\\\/#website\",\"url\":\"https:\\\/\\\/www.lengnau.ch\\\/\",\"name\":\"Gemeinde Lengnau\",\"description\":\"\",\"potentialAction\":[{\"@type\":\"SearchAction\",\"target\":{\"@type\":\"EntryPoint\",\"urlTemplate\":\"https:\\\/\\\/www.lengnau.ch\\\/?s={search_term_string}\"},\"query-input\":{\"@type\":\"PropertyValueSpecification\",\"valueRequired\":true,\"valueName\":\"search_term_string\"}}],\"inLanguage\":\"fr-FR\"},{\"@type\":\"Person\",\"@id\":\"https:\\\/\\\/www.lengnau.ch\\\/#\\\/schema\\\/person\\\/7f567e5af1bb930e58509082c09f8956\",\"name\":\"Sophie Wyss\",\"url\":\"https:\\\/\\\/www.lengnau.ch\\\/fr\\\/author\\\/sophie-wysslengnau-ch\\\/\"}]}<\/script>\n<!-- \/ Yoast SEO plugin. -->","yoast_head_json":{"title":"Apportez plus de biodiversit\u00e9 dans votre jardin - Gemeinde Lengnau","robots":{"index":"index","follow":"follow","max-snippet":"max-snippet:-1","max-image-preview":"max-image-preview:large","max-video-preview":"max-video-preview:-1"},"canonical":"https:\/\/www.lengnau.ch\/fr\/2026\/03\/apportez-plus-de-biodiversite-dans-votre-jardin\/","og_locale":"fr_FR","og_type":"article","og_title":"Apportez plus de biodiversit\u00e9 dans votre jardin - Gemeinde Lengnau","og_description":"Les jardins priv\u00e9s de Suisse couvrent au total une surface \u00e0 peu pr\u00e8s \u00e9quivalente \u00e0 celle du lac de Constance ou trois fois plus grande que le parc national : un \u00e9norme potentiel pour la biodiversit\u00e9 si l&rsquo;am\u00e9nagement et l&rsquo;entretien sont proches de la nature ! Avec BONJOUR NATURE, Pro Natura propose aux particuliers des [&hellip;]","og_url":"https:\/\/www.lengnau.ch\/fr\/2026\/03\/apportez-plus-de-biodiversite-dans-votre-jardin\/","og_site_name":"Gemeinde Lengnau","article_published_time":"2026-03-12T15:09:46+00:00","author":"Sophie Wyss","twitter_card":"summary_large_image","schema":{"@context":"https:\/\/schema.org","@graph":[{"@type":"Article","@id":"https:\/\/www.lengnau.ch\/fr\/2026\/03\/apportez-plus-de-biodiversite-dans-votre-jardin\/#article","isPartOf":{"@id":"https:\/\/www.lengnau.ch\/fr\/2026\/03\/apportez-plus-de-biodiversite-dans-votre-jardin\/"},"author":{"name":"Sophie Wyss","@id":"https:\/\/www.lengnau.ch\/#\/schema\/person\/7f567e5af1bb930e58509082c09f8956"},"headline":"Apportez plus de biodiversit\u00e9 dans votre jardin","datePublished":"2026-03-12T15:09:46+00:00","mainEntityOfPage":{"@id":"https:\/\/www.lengnau.ch\/fr\/2026\/03\/apportez-plus-de-biodiversite-dans-votre-jardin\/"},"wordCount":312,"articleSection":["Unkategorisiert"],"inLanguage":"fr-FR"},{"@type":"WebPage","@id":"https:\/\/www.lengnau.ch\/fr\/2026\/03\/apportez-plus-de-biodiversite-dans-votre-jardin\/","url":"https:\/\/www.lengnau.ch\/fr\/2026\/03\/apportez-plus-de-biodiversite-dans-votre-jardin\/","name":"Apportez plus de biodiversit\u00e9 dans votre jardin - Gemeinde Lengnau","isPartOf":{"@id":"https:\/\/www.lengnau.ch\/#website"},"datePublished":"2026-03-12T15:09:46+00:00","author":{"@id":"https:\/\/www.lengnau.ch\/#\/schema\/person\/7f567e5af1bb930e58509082c09f8956"},"breadcrumb":{"@id":"https:\/\/www.lengnau.ch\/fr\/2026\/03\/apportez-plus-de-biodiversite-dans-votre-jardin\/#breadcrumb"},"inLanguage":"fr-FR","potentialAction":[{"@type":"ReadAction","target":["https:\/\/www.lengnau.ch\/fr\/2026\/03\/apportez-plus-de-biodiversite-dans-votre-jardin\/"]}]},{"@type":"BreadcrumbList","@id":"https:\/\/www.lengnau.ch\/fr\/2026\/03\/apportez-plus-de-biodiversite-dans-votre-jardin\/#breadcrumb","itemListElement":[{"@type":"ListItem","position":1,"name":"Home","item":"https:\/\/www.lengnau.ch\/fr\/"},{"@type":"ListItem","position":2,"name":"Apportez plus de biodiversit\u00e9 dans votre jardin"}]},{"@type":"WebSite","@id":"https:\/\/www.lengnau.ch\/#website","url":"https:\/\/www.lengnau.ch\/","name":"Gemeinde Lengnau","description":"","potentialAction":[{"@type":"SearchAction","target":{"@type":"EntryPoint","urlTemplate":"https:\/\/www.lengnau.ch\/?s={search_term_string}"},"query-input":{"@type":"PropertyValueSpecification","valueRequired":true,"valueName":"search_term_string"}}],"inLanguage":"fr-FR"},{"@type":"Person","@id":"https:\/\/www.lengnau.ch\/#\/schema\/person\/7f567e5af1bb930e58509082c09f8956","name":"Sophie Wyss","url":"https:\/\/www.lengnau.ch\/fr\/author\/sophie-wysslengnau-ch\/"}]}},"publishpress_future_action":{"enabled":false,"date":"2026-05-04 14:13:50","action":"change-status","newStatus":"draft","terms":[],"taxonomy":"category","extraData":[]},"publishpress_future_workflow_manual_trigger":{"enabledWorkflows":[]},"_links":{"self":[{"href":"https:\/\/www.lengnau.ch\/fr\/wp-json\/wp\/v2\/posts\/19202","targetHints":{"allow":["GET"]}}],"collection":[{"href":"https:\/\/www.lengnau.ch\/fr\/wp-json\/wp\/v2\/posts"}],"about":[{"href":"https:\/\/www.lengnau.ch\/fr\/wp-json\/wp\/v2\/types\/post"}],"author":[{"embeddable":true,"href":"https:\/\/www.lengnau.ch\/fr\/wp-json\/wp\/v2\/users\/24"}],"replies":[{"embeddable":true,"href":"https:\/\/www.lengnau.ch\/fr\/wp-json\/wp\/v2\/comments?post=19202"}],"version-history":[{"count":0,"href":"https:\/\/www.lengnau.ch\/fr\/wp-json\/wp\/v2\/posts\/19202\/revisions"}],"wp:attachment":[{"href":"https:\/\/www.lengnau.ch\/fr\/wp-json\/wp\/v2\/media?parent=19202"}],"wp:term":[{"taxonomy":"category","embeddable":true,"href":"https:\/\/www.lengnau.ch\/fr\/wp-json\/wp\/v2\/categories?post=19202"},{"taxonomy":"post_tag","embeddable":true,"href":"https:\/\/www.lengnau.ch\/fr\/wp-json\/wp\/v2\/tags?post=19202"}],"curies":[{"name":"wp","href":"https:\/\/api.w.org\/{rel}","templated":true}]}}