{"id":19063,"date":"2026-03-08T12:33:03","date_gmt":"2026-03-08T11:33:03","guid":{"rendered":"https:\/\/www.lengnau.ch\/?p=19063"},"modified":"2026-03-10T08:20:28","modified_gmt":"2026-03-10T07:20:28","slug":"resultats-de-la-votation-populaire-federale-du-08-03-2026","status":"publish","type":"post","link":"https:\/\/www.lengnau.ch\/fr\/2026\/03\/resultats-de-la-votation-populaire-federale-du-08-03-2026\/","title":{"rendered":"R\u00e9sultats de la votation populaire f\u00e9d\u00e9rale du 08.03.2026"},"content":{"rendered":"<div class=\"elementStandard elementContent elementText\">\n<p class=\"description\">R\u00e9sultats de la votation de la commune de Lengnau BE<\/p>\n<\/div>\n<div class=\"elementStandard elementContent elementText elementText_var0\">\n<p>Nombre de votants : 3 356<\/p>\n<p>Participation au vote : 46,3 %<\/p>\n<\/div>\n<div id=\"anchor_184bfc44_Kantonale-Volksabstimmung\" class=\"elementStandard elementContent elementHeadline elementHeadline_var0\">\n<h2>Votation populaire f\u00e9d\u00e9rale<\/h2>\n<h4>1. initiative \u00ab\u00a0L&rsquo;argent liquide, c&rsquo;est la libert\u00e9\u00a0\u00bb et contre-projet direct<\/h4>\n<p><em><strong>A.<\/strong><\/em> <em><strong>Initiative populaire<\/strong><\/em><\/p>\n<p>Voulez-vous accepter l&rsquo;initiative populaire<strong>\u00ab\u00a0Oui \u00e0 une monnaie suisse ind\u00e9pendante et libre, avec des pi\u00e8ces ou des billets (l&rsquo;argent liquide, c&rsquo;est la libert\u00e9)<\/strong>\u00a0\u00bb ?<\/p>\n<p>OUI :\u00a0 746<br \/>\nNON :\u00a0 784<br \/>\nSans r\u00e9ponse :\u00a0 15<\/p>\n<p><em><strong>B. Contre-projet<\/strong><\/em><\/p>\n<p>Voulez-vous accepter l&rsquo;arr\u00eat\u00e9 f\u00e9d\u00e9ral du 17 septembre 2025 sur la <strong>monnaie suisse et l&rsquo;approvisionnement en num\u00e9raire<\/strong>?<\/p>\n<p>OUI :\u00a0 1 080<br \/>\nNON :\u00a0 422<br \/>\nSans r\u00e9ponse :\u00a0 43<\/p>\n<p><em><strong>C. Question subsidiaire<\/strong><\/em><\/p>\n<p>Si l&rsquo;initiative populaire et le contre-projet sont tous deux accept\u00e9s par le peuple et les cantons : La proposition de <em><strong>initiative populaire <\/strong><\/em>ou le <em><strong>contre-projet <\/strong><\/em>entrera-t-il en vigueur ?<\/p>\n<p>Initiative populaire :\u00a0 639<br \/>\nContre-projet :\u00a0 829<br \/>\nSans r\u00e9ponse :\u00a0 77<\/p>\n<h4>2\u00e8me initiative SSR<\/h4>\n<p>Souhaitez-vous soutenir l&rsquo;initiative populaire \u00ab\u00a0<strong>200 francs, c&rsquo;est suffisant ! (Initiative SSR)<\/strong>\u00a0\u00bb accepter ?<\/p>\n<p>OUI :\u00a0 693<br \/>\nNON :\u00a0 854<\/p>\n<h4>3. initiative du Fonds climatique<\/h4>\n<p>Voulez-vous accepter l&rsquo;initiative populaire<strong>\u00ab\u00a0Pour une politique \u00e9nerg\u00e9tique et climatique \u00e9quitable : investir pour la prosp\u00e9rit\u00e9, l&#8217;emploi et l&rsquo;environnement (initiative sur les fonds climatiques)<\/strong>\u00a0\u00bb ?<\/p>\n<p>OUI :\u00a0 346<br \/>\nNON :\u00a0 1 196<\/p>\n<h4>4. loi f\u00e9d\u00e9rale sur l&rsquo;imposition individuelle<\/h4>\n<\/div>\n<p>Voulez-vous accepter la loi f\u00e9d\u00e9rale du 20 juin 2025 sur l&rsquo;<strong>imposition individuelle<\/strong>?<\/p>\n<p>OUI :\u00a0 844<br \/>\nNON :\u00a0 688<\/p>\n<div id=\"anchor_4da624f5_Eidgenoessische-Volksabstimmung\" class=\"elementStandard elementContent elementHeadline elementHeadline_var0\">\n<h2>En savoir plus sur le sujet<\/h2>\n<\/div>\n<div class=\"elementStandard elementLink elementLink_var0 elementLinkList\"><a href=\"https:\/\/www.lengnau.ch\/wp-content\/uploads\/2026\/03\/2543_Lengnau_BE_Protokoll_Eidgenoessische_Volksabstimmung_08_03_2026.pdf\" target=\"_blank\" rel=\"noopener\">Proc\u00e8s-verbal de la votation populaire f\u00e9d\u00e9rale du 08.03.2026<\/a><\/div>\n","protected":false},"excerpt":{"rendered":"<p>R\u00e9sultats de la votation de la commune de Lengnau BE Nombre de votants : 3 356 Participation au vote : 46,3 % Votation populaire f\u00e9d\u00e9rale 1. initiative \u00ab\u00a0L&rsquo;argent liquide, c&rsquo;est la libert\u00e9\u00a0\u00bb et contre-projet direct A. Initiative populaire Voulez-vous accepter l&rsquo;initiative populaire\u00ab\u00a0Oui \u00e0 une monnaie suisse ind\u00e9pendante et libre, avec des pi\u00e8ces ou des billets [&hellip;]<\/p>\n","protected":false},"author":14,"featured_media":0,"comment_status":"closed","ping_status":"open","sticky":false,"template":"","format":"standard","meta":{"_acf_changed":false,"_relevanssi_hide_post":"","_relevanssi_hide_content":"","_relevanssi_pin_for_all":"","_relevanssi_pin_keywords":"","_relevanssi_unpin_keywords":"","_relevanssi_related_keywords":"","_relevanssi_related_include_ids":"","_relevanssi_related_exclude_ids":"","_relevanssi_related_no_append":"","_relevanssi_related_not_related":"","_relevanssi_related_posts":"","_relevanssi_noindex_reason":"","footnotes":""},"categories":[74,28,76],"tags":[],"class_list":["post-19063","post","type-post","status-publish","format-standard","hentry","category-aktuelles","category-frontseite","category-medienmitteilungen"],"acf":[],"yoast_head":"<!-- This site is optimized with the Yoast SEO plugin v27.4 - https:\/\/yoast.com\/product\/yoast-seo-wordpress\/ -->\n<title>R\u00e9sultats de la votation populaire f\u00e9d\u00e9rale du 08.03.2026 - Gemeinde Lengnau<\/title>\n<meta name=\"robots\" content=\"index, follow, max-snippet:-1, max-image-preview:large, max-video-preview:-1\" \/>\n<link rel=\"canonical\" href=\"https:\/\/www.lengnau.ch\/fr\/2026\/03\/resultats-de-la-votation-populaire-federale-du-08-03-2026\/\" \/>\n<meta property=\"og:locale\" content=\"fr_FR\" \/>\n<meta property=\"og:type\" content=\"article\" \/>\n<meta property=\"og:title\" content=\"R\u00e9sultats de la votation populaire f\u00e9d\u00e9rale du 08.03.2026 - Gemeinde Lengnau\" \/>\n<meta property=\"og:description\" content=\"R\u00e9sultats de la votation de la commune de Lengnau BE Nombre de votants : 3 356 Participation au vote : 46,3 % Votation populaire f\u00e9d\u00e9rale 1. initiative \u00ab\u00a0L&rsquo;argent liquide, c&rsquo;est la libert\u00e9\u00a0\u00bb et contre-projet direct A. Initiative populaire Voulez-vous accepter l&rsquo;initiative populaire\u00ab\u00a0Oui \u00e0 une monnaie suisse ind\u00e9pendante et libre, avec des pi\u00e8ces ou des billets [&hellip;]\" \/>\n<meta property=\"og:url\" content=\"https:\/\/www.lengnau.ch\/fr\/2026\/03\/resultats-de-la-votation-populaire-federale-du-08-03-2026\/\" \/>\n<meta property=\"og:site_name\" content=\"Gemeinde Lengnau\" \/>\n<meta property=\"article:published_time\" content=\"2026-03-08T11:33:03+00:00\" \/>\n<meta property=\"article:modified_time\" content=\"2026-03-10T07:20:28+00:00\" \/>\n<meta name=\"author\" content=\"Fabienne Burri\" \/>\n<meta name=\"twitter:card\" content=\"summary_large_image\" \/>\n<script type=\"application\/ld+json\" class=\"yoast-schema-graph\">{\"@context\":\"https:\\\/\\\/schema.org\",\"@graph\":[{\"@type\":\"Article\",\"@id\":\"https:\\\/\\\/www.lengnau.ch\\\/fr\\\/2026\\\/03\\\/resultats-de-la-votation-populaire-federale-du-08-03-2026\\\/#article\",\"isPartOf\":{\"@id\":\"https:\\\/\\\/www.lengnau.ch\\\/fr\\\/2026\\\/03\\\/resultats-de-la-votation-populaire-federale-du-08-03-2026\\\/\"},\"author\":{\"name\":\"Fabienne Burri\",\"@id\":\"https:\\\/\\\/www.lengnau.ch\\\/#\\\/schema\\\/person\\\/3b540f564f973e8fb35e9aaaf540e53c\"},\"headline\":\"R\u00e9sultats de la votation populaire f\u00e9d\u00e9rale du 08.03.2026\",\"datePublished\":\"2026-03-08T11:33:03+00:00\",\"dateModified\":\"2026-03-10T07:20:28+00:00\",\"mainEntityOfPage\":{\"@id\":\"https:\\\/\\\/www.lengnau.ch\\\/fr\\\/2026\\\/03\\\/resultats-de-la-votation-populaire-federale-du-08-03-2026\\\/\"},\"wordCount\":218,\"articleSection\":[\"Aktuelles\",\"Frontseite\",\"Medienmitteilungen\"],\"inLanguage\":\"fr-FR\"},{\"@type\":\"WebPage\",\"@id\":\"https:\\\/\\\/www.lengnau.ch\\\/fr\\\/2026\\\/03\\\/resultats-de-la-votation-populaire-federale-du-08-03-2026\\\/\",\"url\":\"https:\\\/\\\/www.lengnau.ch\\\/fr\\\/2026\\\/03\\\/resultats-de-la-votation-populaire-federale-du-08-03-2026\\\/\",\"name\":\"R\u00e9sultats de la votation populaire f\u00e9d\u00e9rale du 08.03.2026 - Gemeinde Lengnau\",\"isPartOf\":{\"@id\":\"https:\\\/\\\/www.lengnau.ch\\\/#website\"},\"datePublished\":\"2026-03-08T11:33:03+00:00\",\"dateModified\":\"2026-03-10T07:20:28+00:00\",\"author\":{\"@id\":\"https:\\\/\\\/www.lengnau.ch\\\/#\\\/schema\\\/person\\\/3b540f564f973e8fb35e9aaaf540e53c\"},\"breadcrumb\":{\"@id\":\"https:\\\/\\\/www.lengnau.ch\\\/fr\\\/2026\\\/03\\\/resultats-de-la-votation-populaire-federale-du-08-03-2026\\\/#breadcrumb\"},\"inLanguage\":\"fr-FR\",\"potentialAction\":[{\"@type\":\"ReadAction\",\"target\":[\"https:\\\/\\\/www.lengnau.ch\\\/fr\\\/2026\\\/03\\\/resultats-de-la-votation-populaire-federale-du-08-03-2026\\\/\"]}]},{\"@type\":\"BreadcrumbList\",\"@id\":\"https:\\\/\\\/www.lengnau.ch\\\/fr\\\/2026\\\/03\\\/resultats-de-la-votation-populaire-federale-du-08-03-2026\\\/#breadcrumb\",\"itemListElement\":[{\"@type\":\"ListItem\",\"position\":1,\"name\":\"Home\",\"item\":\"https:\\\/\\\/www.lengnau.ch\\\/fr\\\/\"},{\"@type\":\"ListItem\",\"position\":2,\"name\":\"R\u00e9sultats de la votation populaire f\u00e9d\u00e9rale du 08.03.2026\"}]},{\"@type\":\"WebSite\",\"@id\":\"https:\\\/\\\/www.lengnau.ch\\\/#website\",\"url\":\"https:\\\/\\\/www.lengnau.ch\\\/\",\"name\":\"Gemeinde Lengnau\",\"description\":\"\",\"potentialAction\":[{\"@type\":\"SearchAction\",\"target\":{\"@type\":\"EntryPoint\",\"urlTemplate\":\"https:\\\/\\\/www.lengnau.ch\\\/?s={search_term_string}\"},\"query-input\":{\"@type\":\"PropertyValueSpecification\",\"valueRequired\":true,\"valueName\":\"search_term_string\"}}],\"inLanguage\":\"fr-FR\"},{\"@type\":\"Person\",\"@id\":\"https:\\\/\\\/www.lengnau.ch\\\/#\\\/schema\\\/person\\\/3b540f564f973e8fb35e9aaaf540e53c\",\"name\":\"Fabienne Burri\",\"url\":\"https:\\\/\\\/www.lengnau.ch\\\/fr\\\/author\\\/fabienne-burrilengnau-ch\\\/\"}]}<\/script>\n<!-- \/ Yoast SEO plugin. -->","yoast_head_json":{"title":"R\u00e9sultats de la votation populaire f\u00e9d\u00e9rale du 08.03.2026 - Gemeinde Lengnau","robots":{"index":"index","follow":"follow","max-snippet":"max-snippet:-1","max-image-preview":"max-image-preview:large","max-video-preview":"max-video-preview:-1"},"canonical":"https:\/\/www.lengnau.ch\/fr\/2026\/03\/resultats-de-la-votation-populaire-federale-du-08-03-2026\/","og_locale":"fr_FR","og_type":"article","og_title":"R\u00e9sultats de la votation populaire f\u00e9d\u00e9rale du 08.03.2026 - Gemeinde Lengnau","og_description":"R\u00e9sultats de la votation de la commune de Lengnau BE Nombre de votants : 3 356 Participation au vote : 46,3 % Votation populaire f\u00e9d\u00e9rale 1. initiative \u00ab\u00a0L&rsquo;argent liquide, c&rsquo;est la libert\u00e9\u00a0\u00bb et contre-projet direct A. Initiative populaire Voulez-vous accepter l&rsquo;initiative populaire\u00ab\u00a0Oui \u00e0 une monnaie suisse ind\u00e9pendante et libre, avec des pi\u00e8ces ou des billets [&hellip;]","og_url":"https:\/\/www.lengnau.ch\/fr\/2026\/03\/resultats-de-la-votation-populaire-federale-du-08-03-2026\/","og_site_name":"Gemeinde Lengnau","article_published_time":"2026-03-08T11:33:03+00:00","article_modified_time":"2026-03-10T07:20:28+00:00","author":"Fabienne Burri","twitter_card":"summary_large_image","schema":{"@context":"https:\/\/schema.org","@graph":[{"@type":"Article","@id":"https:\/\/www.lengnau.ch\/fr\/2026\/03\/resultats-de-la-votation-populaire-federale-du-08-03-2026\/#article","isPartOf":{"@id":"https:\/\/www.lengnau.ch\/fr\/2026\/03\/resultats-de-la-votation-populaire-federale-du-08-03-2026\/"},"author":{"name":"Fabienne Burri","@id":"https:\/\/www.lengnau.ch\/#\/schema\/person\/3b540f564f973e8fb35e9aaaf540e53c"},"headline":"R\u00e9sultats de la votation populaire f\u00e9d\u00e9rale du 08.03.2026","datePublished":"2026-03-08T11:33:03+00:00","dateModified":"2026-03-10T07:20:28+00:00","mainEntityOfPage":{"@id":"https:\/\/www.lengnau.ch\/fr\/2026\/03\/resultats-de-la-votation-populaire-federale-du-08-03-2026\/"},"wordCount":218,"articleSection":["Aktuelles","Frontseite","Medienmitteilungen"],"inLanguage":"fr-FR"},{"@type":"WebPage","@id":"https:\/\/www.lengnau.ch\/fr\/2026\/03\/resultats-de-la-votation-populaire-federale-du-08-03-2026\/","url":"https:\/\/www.lengnau.ch\/fr\/2026\/03\/resultats-de-la-votation-populaire-federale-du-08-03-2026\/","name":"R\u00e9sultats de la votation populaire f\u00e9d\u00e9rale du 08.03.2026 - Gemeinde Lengnau","isPartOf":{"@id":"https:\/\/www.lengnau.ch\/#website"},"datePublished":"2026-03-08T11:33:03+00:00","dateModified":"2026-03-10T07:20:28+00:00","author":{"@id":"https:\/\/www.lengnau.ch\/#\/schema\/person\/3b540f564f973e8fb35e9aaaf540e53c"},"breadcrumb":{"@id":"https:\/\/www.lengnau.ch\/fr\/2026\/03\/resultats-de-la-votation-populaire-federale-du-08-03-2026\/#breadcrumb"},"inLanguage":"fr-FR","potentialAction":[{"@type":"ReadAction","target":["https:\/\/www.lengnau.ch\/fr\/2026\/03\/resultats-de-la-votation-populaire-federale-du-08-03-2026\/"]}]},{"@type":"BreadcrumbList","@id":"https:\/\/www.lengnau.ch\/fr\/2026\/03\/resultats-de-la-votation-populaire-federale-du-08-03-2026\/#breadcrumb","itemListElement":[{"@type":"ListItem","position":1,"name":"Home","item":"https:\/\/www.lengnau.ch\/fr\/"},{"@type":"ListItem","position":2,"name":"R\u00e9sultats de la votation populaire f\u00e9d\u00e9rale du 08.03.2026"}]},{"@type":"WebSite","@id":"https:\/\/www.lengnau.ch\/#website","url":"https:\/\/www.lengnau.ch\/","name":"Gemeinde Lengnau","description":"","potentialAction":[{"@type":"SearchAction","target":{"@type":"EntryPoint","urlTemplate":"https:\/\/www.lengnau.ch\/?s={search_term_string}"},"query-input":{"@type":"PropertyValueSpecification","valueRequired":true,"valueName":"search_term_string"}}],"inLanguage":"fr-FR"},{"@type":"Person","@id":"https:\/\/www.lengnau.ch\/#\/schema\/person\/3b540f564f973e8fb35e9aaaf540e53c","name":"Fabienne Burri","url":"https:\/\/www.lengnau.ch\/fr\/author\/fabienne-burrilengnau-ch\/"}]}},"publishpress_future_action":{"enabled":false,"date":"2026-05-07 21:41:16","action":"change-status","newStatus":"draft","terms":[],"taxonomy":"category","extraData":[]},"publishpress_future_workflow_manual_trigger":{"enabledWorkflows":[]},"_links":{"self":[{"href":"https:\/\/www.lengnau.ch\/fr\/wp-json\/wp\/v2\/posts\/19063","targetHints":{"allow":["GET"]}}],"collection":[{"href":"https:\/\/www.lengnau.ch\/fr\/wp-json\/wp\/v2\/posts"}],"about":[{"href":"https:\/\/www.lengnau.ch\/fr\/wp-json\/wp\/v2\/types\/post"}],"author":[{"embeddable":true,"href":"https:\/\/www.lengnau.ch\/fr\/wp-json\/wp\/v2\/users\/14"}],"replies":[{"embeddable":true,"href":"https:\/\/www.lengnau.ch\/fr\/wp-json\/wp\/v2\/comments?post=19063"}],"version-history":[{"count":3,"href":"https:\/\/www.lengnau.ch\/fr\/wp-json\/wp\/v2\/posts\/19063\/revisions"}],"predecessor-version":[{"id":19137,"href":"https:\/\/www.lengnau.ch\/fr\/wp-json\/wp\/v2\/posts\/19063\/revisions\/19137"}],"wp:attachment":[{"href":"https:\/\/www.lengnau.ch\/fr\/wp-json\/wp\/v2\/media?parent=19063"}],"wp:term":[{"taxonomy":"category","embeddable":true,"href":"https:\/\/www.lengnau.ch\/fr\/wp-json\/wp\/v2\/categories?post=19063"},{"taxonomy":"post_tag","embeddable":true,"href":"https:\/\/www.lengnau.ch\/fr\/wp-json\/wp\/v2\/tags?post=19063"}],"curies":[{"name":"wp","href":"https:\/\/api.w.org\/{rel}","templated":true}]}}