{"id":18451,"date":"2025-12-04T20:20:34","date_gmt":"2025-12-04T19:20:34","guid":{"rendered":"https:\/\/www.lengnau.ch\/?p=18451"},"modified":"2025-12-05T12:52:13","modified_gmt":"2025-12-05T11:52:13","slug":"assemblee-municipale-du-04-12-2025-decisions","status":"publish","type":"post","link":"https:\/\/www.lengnau.ch\/fr\/2025\/12\/assemblee-municipale-du-04-12-2025-decisions\/","title":{"rendered":"Assembl\u00e9e municipale du 04.12.2025 \/ D\u00e9cisions"},"content":{"rendered":"<div class=\"elementStandard elementContent elementText\">\n<p class=\"description\">Lors de l&rsquo;assembl\u00e9e communale de la commune municipale de Lengnau BE, les d\u00e9cisions suivantes ont \u00e9t\u00e9 prises par 84 votants :<\/p>\n<table style=\"width: 100%; border-collapse: collapse;\" border=\"0\">\n<tbody>\n<tr style=\"height: 23px;\">\n<td style=\"width: 3.04822%; height: 23px;\"><strong>1.<\/strong><\/td>\n<td style=\"width: 96.9517%; height: 23px;\"><strong>Compte administratif \/ Budget 2026 \/ Approbation<\/strong><\/td>\n<\/tr>\n<tr>\n<td style=\"width: 3.04822%;\"><strong> <\/strong><\/td>\n<td style=\"width: 96.9517%;\"><strong>D\u00e9cision (81 voix contre 0)<\/strong><\/td>\n<\/tr>\n<tr>\n<td style=\"width: 3.04822%;\"><strong> <\/strong><\/td>\n<td style=\"width: 96.9517%;\">Le budget 2026 est approuv\u00e9 comme suit :<\/td>\n<\/tr>\n<tr>\n<td style=\"width: 3.04822%;\"><strong> <\/strong><\/td>\n<td style=\"width: 96.9517%;\">a) Approbation du taux d&rsquo;imposition communal de 1,49 (inchang\u00e9) unit\u00e9s du taux cantonal<\/td>\n<\/tr>\n<tr>\n<td style=\"width: 3.04822%;\"><strong> <\/strong><\/td>\n<td style=\"width: 96.9517%;\">b) Approbation de l&rsquo;imp\u00f4t foncier inchang\u00e9 \u00e0 1,1\u2030 de la valeur officielle<\/td>\n<\/tr>\n<tr>\n<td style=\"width: 3.04822%;\"><strong> <\/strong><\/td>\n<td style=\"width: 96.9517%;\">c) Approbation du budget 2026 compos\u00e9 de :<\/td>\n<\/tr>\n<tr>\n<td style=\"width: 3.04822%;\"><strong> <\/strong><\/td>\n<td style=\"width: 96.9517%;\">\n<table style=\"width: 100%; border-collapse: collapse;\" border=\"0\">\n<tbody>\n<tr style=\"height: 23px;\">\n<td style=\"width: 24.0177%; height: 23px;\"><\/td>\n<td style=\"width: 25.7287%; height: 23px; text-align: right;\"><strong>Charges en Fr.<\/strong><\/td>\n<td style=\"width: 24.493%; height: 23px; text-align: right;\"><strong>Recettes en Fr.<\/strong><\/td>\n<\/tr>\n<tr style=\"height: 23px;\">\n<td style=\"width: 24.0177%; height: 23px; vertical-align: top;\">Budget g\u00e9n\u00e9ral<\/td>\n<td style=\"width: 25.7287%; height: 23px; text-align: right; vertical-align: top;\">41&rsquo;804&rsquo;000.00<\/td>\n<td style=\"width: 24.493%; height: 23px; text-align: right; vertical-align: top;\">40&rsquo;344&rsquo;500.00<\/td>\n<\/tr>\n<tr style=\"height: 23px;\">\n<td style=\"width: 24.0177%; height: 23px; vertical-align: top;\">Exc\u00e9dent de charges\/produits<\/td>\n<td style=\"width: 25.7287%; text-align: right; height: 23px; vertical-align: top;\"><\/td>\n<td style=\"width: 24.493%; text-align: right; height: 23px; vertical-align: top;\">1&rsquo;459&rsquo;500.00<\/td>\n<\/tr>\n<tr style=\"height: 23px;\">\n<td style=\"width: 24.0177%; height: 23px; vertical-align: top;\">Budget g\u00e9n\u00e9ral<\/td>\n<td style=\"width: 25.7287%; text-align: right; height: 23px; vertical-align: top;\">30&rsquo;694&rsquo;900.00<\/td>\n<td style=\"width: 24.493%; text-align: right; height: 23px; vertical-align: top;\">29&rsquo;881&rsquo;300.00<\/td>\n<\/tr>\n<tr style=\"height: 23px;\">\n<td style=\"width: 24.0177%; height: 23px; vertical-align: top;\">Exc\u00e9dent de charges\/produits<\/td>\n<td style=\"width: 25.7287%; text-align: right; height: 23px; vertical-align: top;\"><\/td>\n<td style=\"width: 24.493%; text-align: right; height: 23px; vertical-align: top;\">813&rsquo;600.00<\/td>\n<\/tr>\n<tr style=\"height: 23px;\">\n<td style=\"width: 24.0177%; height: 23px; vertical-align: top;\">SF Eau<\/td>\n<td style=\"width: 25.7287%; text-align: right; height: 23px; vertical-align: top;\">1&rsquo;221&rsquo;500.00<\/td>\n<td style=\"width: 24.493%; text-align: right; height: 23px; vertical-align: top;\">1&rsquo;295&rsquo;000.00<\/td>\n<\/tr>\n<tr style=\"height: 23px;\">\n<td style=\"width: 24.0177%; height: 23px; vertical-align: top;\">Exc\u00e9dent de charges\/produits<\/td>\n<td style=\"width: 25.7287%; text-align: right; height: 23px; vertical-align: top;\">73&rsquo;500.00<\/td>\n<td style=\"width: 24.493%; text-align: right; height: 23px; vertical-align: top;\"><\/td>\n<\/tr>\n<tr style=\"height: 23px;\">\n<td style=\"width: 24.0177%; height: 23px; vertical-align: top;\">SF Eaux us\u00e9es<\/td>\n<td style=\"width: 25.7287%; text-align: right; height: 23px; vertical-align: top;\">1&rsquo;559&rsquo;900.00<\/td>\n<td style=\"width: 24.493%; text-align: right; height: 23px; vertical-align: top;\">1&rsquo;627&rsquo;500.00<\/td>\n<\/tr>\n<tr style=\"height: 23px;\">\n<td style=\"width: 24.0177%; height: 23px; vertical-align: top;\">Exc\u00e9dent de charges\/produits<\/td>\n<td style=\"width: 25.7287%; text-align: right; height: 23px; vertical-align: top;\">67&rsquo;600.00<\/td>\n<td style=\"width: 24.493%; text-align: right; height: 23px; vertical-align: top;\"><\/td>\n<\/tr>\n<tr style=\"height: 23px;\">\n<td style=\"width: 24.0177%; height: 23px; vertical-align: top;\">SF D\u00e9chets<\/td>\n<td style=\"width: 25.7287%; text-align: right; height: 23px; vertical-align: top;\">874&rsquo;100.00<\/td>\n<td style=\"width: 24.493%; text-align: right; height: 23px; vertical-align: top;\">843&rsquo;200.00<\/td>\n<\/tr>\n<tr style=\"height: 23px;\">\n<td style=\"width: 24.0177%; height: 23px; vertical-align: top;\">Exc\u00e9dent de charges\/produits<\/td>\n<td style=\"width: 25.7287%; text-align: right; height: 23px; vertical-align: top;\"><\/td>\n<td style=\"width: 24.493%; text-align: right; height: 23px; vertical-align: top;\">30&rsquo;900.00<\/td>\n<\/tr>\n<tr style=\"height: 23px;\">\n<td style=\"width: 24.0177%; height: 23px; vertical-align: top;\">SF \u00c9lectricit\u00e9<\/td>\n<td style=\"width: 25.7287%; text-align: right; height: 23px; vertical-align: top;\">7&rsquo;370&rsquo;400.00<\/td>\n<td style=\"width: 24.493%; text-align: right; height: 23px; vertical-align: top;\">6&rsquo;614&rsquo;300.00<\/td>\n<\/tr>\n<tr style=\"height: 23px;\">\n<td style=\"width: 24.0177%; height: 23px; vertical-align: top;\">Exc\u00e9dent de charges\/produits<\/td>\n<td style=\"width: 25.7287%; text-align: right; height: 23px; vertical-align: top;\"><\/td>\n<td style=\"width: 24.493%; text-align: right; height: 23px; vertical-align: top;\">756&rsquo;100.00<\/td>\n<\/tr>\n<\/tbody>\n<\/table>\n<\/td>\n<\/tr>\n<\/tbody>\n<\/table>\n<\/div>\n<div class=\"elementStandard elementContent elementTable\">\n<table style=\"width: 100%; border-collapse: collapse;\" border=\"0\">\n<tbody>\n<tr style=\"height: 23px;\">\n<td style=\"width: 3.13922%; height: 23px;\"><strong> <\/strong><\/td>\n<td style=\"width: 96.8608%; height: 23px;\"><strong> <\/strong><\/td>\n<\/tr>\n<tr style=\"height: 23px;\">\n<td style=\"width: 3.13922%; height: 23px; vertical-align: top;\"><strong>2.<\/strong><\/td>\n<td style=\"width: 96.8608%; vertical-align: top; height: 23px;\"><strong>Installation photovolta\u00efque de l&rsquo;\u00e9cole primaire \/ Cr\u00e9dit d&rsquo;engagement \/ Approbation<\/strong><\/td>\n<\/tr>\n<tr style=\"height: 23px;\">\n<td style=\"width: 3.13922%; height: 23px;\"><strong> <\/strong><\/td>\n<td style=\"width: 96.8608%; height: 23px;\"><strong>D\u00e9cision (81 voix contre 0)<\/strong><\/td>\n<\/tr>\n<tr style=\"height: 23px;\">\n<td style=\"width: 3.13922%; height: 23px;\"><strong> <\/strong><\/td>\n<td style=\"width: 96.8608%; height: 23px;\">Le cr\u00e9dit d&rsquo;engagement de Fr. 600&rsquo;000.00 y compris TVA pour la r\u00e9alisation de l&rsquo;installation photovolta\u00efque sur le toit de l&rsquo;\u00e9cole primaire Campus Dorf est approuv\u00e9.<\/td>\n<\/tr>\n<\/tbody>\n<\/table>\n<\/div>\n<table style=\"width: 100%; border-collapse: collapse;\" border=\"0\">\n<tbody>\n<tr style=\"height: 17px;\">\n<td style=\"width: 3.13923%; height: 17px;\"><strong> <\/strong><\/td>\n<td style=\"width: 96.8608%; height: 17px;\"><strong> <\/strong><\/td>\n<\/tr>\n<tr style=\"height: 23px;\">\n<td style=\"width: 3.13923%; height: 23px; vertical-align: top;\"><strong>3.<\/strong><\/td>\n<td style=\"width: 96.8608%; height: 23px;\"><strong>Installation photovolta\u00efque de l&rsquo;\u00e9cole secondaire \/ Cr\u00e9dit d&rsquo;engagement \/ Approbation  <\/strong><\/td>\n<\/tr>\n<tr>\n<td style=\"width: 3.13923%;\"><strong> <\/strong><\/td>\n<td style=\"width: 96.8608%; vertical-align: top;\"><strong>D\u00e9cision (75 voix contre 0)<\/strong><\/td>\n<\/tr>\n<tr style=\"height: 23px;\">\n<td style=\"width: 3.13923%; height: 23px;\"><strong> <\/strong><\/td>\n<td style=\"width: 96.8608%; height: 23px; vertical-align: top;\">Le cr\u00e9dit d&rsquo;engagement de Fr. 500&rsquo;000.00 y compris TVA pour la r\u00e9alisation de l&rsquo;installation photovolta\u00efque sur le toit de l&rsquo;\u00e9cole secondaire Campus Dorf est approuv\u00e9.<\/td>\n<\/tr>\n<\/tbody>\n<\/table>\n<table style=\"width: 100%; border-collapse: collapse;\" border=\"0\">\n<tbody>\n<tr style=\"height: 23px;\">\n<td style=\"width: 3.13922%; height: 10px;\"><strong> <\/strong><\/td>\n<td style=\"width: 96.8608%; height: 10px;\"><strong> <\/strong><\/td>\n<\/tr>\n<tr style=\"height: 23px;\">\n<td style=\"width: 3.13922%; height: 23px;\"><strong>4.<\/strong><\/td>\n<td style=\"width: 96.8608%; height: 23px;\"><strong>Informations<\/strong><\/td>\n<\/tr>\n<tr style=\"height: 23px;\">\n<td style=\"width: 3.13922%; height: 23px;\"><strong> <\/strong><\/td>\n<td style=\"width: 96.8608%; height: 23px;\"><strong> <\/strong><\/td>\n<\/tr>\n<tr style=\"height: 23px;\">\n<td style=\"width: 3.13922%; height: 23px;\"><strong>5.<\/strong><\/td>\n<td style=\"width: 96.8608%; height: 23px;\"><strong>Divers<\/strong><\/td>\n<\/tr>\n<\/tbody>\n<\/table>\n<h2>En savoir plus sur le sujet<\/h2>\n<p><a href=\"https:\/\/www.lengnau.ch\/wp-content\/uploads\/2025\/12\/Protokoll_20251204_Internet.pdf\" target=\"_blank\" rel=\"noopener\">Proc\u00e8s-verbal de l&rsquo;assembl\u00e9e communale du 05.12.2025<\/a><\/p>\n","protected":false},"excerpt":{"rendered":"<p>Lors de l&rsquo;assembl\u00e9e communale de la commune municipale de Lengnau BE, les d\u00e9cisions suivantes ont \u00e9t\u00e9 prises par 84 votants : 1. Compte administratif \/ Budget 2026 \/ Approbation D\u00e9cision (81 voix contre 0) Le budget 2026 est approuv\u00e9 comme suit : a) Approbation du taux d&rsquo;imposition communal de 1,49 (inchang\u00e9) unit\u00e9s du taux cantonal [&hellip;]<\/p>\n","protected":false},"author":25,"featured_media":0,"comment_status":"closed","ping_status":"open","sticky":false,"template":"","format":"standard","meta":{"_acf_changed":false,"_relevanssi_hide_post":"","_relevanssi_hide_content":"","_relevanssi_pin_for_all":"","_relevanssi_pin_keywords":"","_relevanssi_unpin_keywords":"","_relevanssi_related_keywords":"","_relevanssi_related_include_ids":"","_relevanssi_related_exclude_ids":"","_relevanssi_related_no_append":"","_relevanssi_related_not_related":"","_relevanssi_related_posts":"","_relevanssi_noindex_reason":"","footnotes":""},"categories":[74,28,76],"tags":[],"class_list":["post-18451","post","type-post","status-publish","format-standard","hentry","category-aktuelles","category-frontseite","category-medienmitteilungen"],"acf":[],"yoast_head":"<!-- This site is optimized with the Yoast SEO plugin v27.4 - https:\/\/yoast.com\/product\/yoast-seo-wordpress\/ -->\n<title>Assembl\u00e9e municipale du 04.12.2025 \/ D\u00e9cisions - Gemeinde Lengnau<\/title>\n<meta name=\"robots\" content=\"index, follow, max-snippet:-1, max-image-preview:large, max-video-preview:-1\" \/>\n<link rel=\"canonical\" href=\"https:\/\/www.lengnau.ch\/fr\/2025\/12\/assemblee-municipale-du-04-12-2025-decisions\/\" \/>\n<meta property=\"og:locale\" content=\"fr_FR\" \/>\n<meta property=\"og:type\" content=\"article\" \/>\n<meta property=\"og:title\" content=\"Assembl\u00e9e municipale du 04.12.2025 \/ D\u00e9cisions - Gemeinde Lengnau\" \/>\n<meta property=\"og:description\" content=\"Lors de l&rsquo;assembl\u00e9e communale de la commune municipale de Lengnau BE, les d\u00e9cisions suivantes ont \u00e9t\u00e9 prises par 84 votants : 1. Compte administratif \/ Budget 2026 \/ Approbation D\u00e9cision (81 voix contre 0) Le budget 2026 est approuv\u00e9 comme suit : a) Approbation du taux d&rsquo;imposition communal de 1,49 (inchang\u00e9) unit\u00e9s du taux cantonal [&hellip;]\" \/>\n<meta property=\"og:url\" content=\"https:\/\/www.lengnau.ch\/fr\/2025\/12\/assemblee-municipale-du-04-12-2025-decisions\/\" \/>\n<meta property=\"og:site_name\" content=\"Gemeinde Lengnau\" \/>\n<meta property=\"article:published_time\" content=\"2025-12-04T19:20:34+00:00\" \/>\n<meta property=\"article:modified_time\" content=\"2025-12-05T11:52:13+00:00\" \/>\n<meta name=\"author\" content=\"Dominic Vogt\" \/>\n<meta name=\"twitter:card\" content=\"summary_large_image\" \/>\n<script type=\"application\/ld+json\" class=\"yoast-schema-graph\">{\"@context\":\"https:\\\/\\\/schema.org\",\"@graph\":[{\"@type\":\"Article\",\"@id\":\"https:\\\/\\\/www.lengnau.ch\\\/fr\\\/2025\\\/12\\\/assemblee-municipale-du-04-12-2025-decisions\\\/#article\",\"isPartOf\":{\"@id\":\"https:\\\/\\\/www.lengnau.ch\\\/fr\\\/2025\\\/12\\\/assemblee-municipale-du-04-12-2025-decisions\\\/\"},\"author\":{\"name\":\"Dominic Vogt\",\"@id\":\"https:\\\/\\\/www.lengnau.ch\\\/#\\\/schema\\\/person\\\/354b644a23c7801db3d6832a4358d85c\"},\"headline\":\"Assembl\u00e9e municipale du 04.12.2025 \\\/ D\u00e9cisions\",\"datePublished\":\"2025-12-04T19:20:34+00:00\",\"dateModified\":\"2025-12-05T11:52:13+00:00\",\"mainEntityOfPage\":{\"@id\":\"https:\\\/\\\/www.lengnau.ch\\\/fr\\\/2025\\\/12\\\/assemblee-municipale-du-04-12-2025-decisions\\\/\"},\"wordCount\":258,\"articleSection\":[\"Aktuelles\",\"Frontseite\",\"Medienmitteilungen\"],\"inLanguage\":\"fr-FR\"},{\"@type\":\"WebPage\",\"@id\":\"https:\\\/\\\/www.lengnau.ch\\\/fr\\\/2025\\\/12\\\/assemblee-municipale-du-04-12-2025-decisions\\\/\",\"url\":\"https:\\\/\\\/www.lengnau.ch\\\/fr\\\/2025\\\/12\\\/assemblee-municipale-du-04-12-2025-decisions\\\/\",\"name\":\"Assembl\u00e9e municipale du 04.12.2025 \\\/ D\u00e9cisions - Gemeinde Lengnau\",\"isPartOf\":{\"@id\":\"https:\\\/\\\/www.lengnau.ch\\\/#website\"},\"datePublished\":\"2025-12-04T19:20:34+00:00\",\"dateModified\":\"2025-12-05T11:52:13+00:00\",\"author\":{\"@id\":\"https:\\\/\\\/www.lengnau.ch\\\/#\\\/schema\\\/person\\\/354b644a23c7801db3d6832a4358d85c\"},\"breadcrumb\":{\"@id\":\"https:\\\/\\\/www.lengnau.ch\\\/fr\\\/2025\\\/12\\\/assemblee-municipale-du-04-12-2025-decisions\\\/#breadcrumb\"},\"inLanguage\":\"fr-FR\",\"potentialAction\":[{\"@type\":\"ReadAction\",\"target\":[\"https:\\\/\\\/www.lengnau.ch\\\/fr\\\/2025\\\/12\\\/assemblee-municipale-du-04-12-2025-decisions\\\/\"]}]},{\"@type\":\"BreadcrumbList\",\"@id\":\"https:\\\/\\\/www.lengnau.ch\\\/fr\\\/2025\\\/12\\\/assemblee-municipale-du-04-12-2025-decisions\\\/#breadcrumb\",\"itemListElement\":[{\"@type\":\"ListItem\",\"position\":1,\"name\":\"Home\",\"item\":\"https:\\\/\\\/www.lengnau.ch\\\/fr\\\/\"},{\"@type\":\"ListItem\",\"position\":2,\"name\":\"Assembl\u00e9e municipale du 04.12.2025 \\\/ D\u00e9cisions\"}]},{\"@type\":\"WebSite\",\"@id\":\"https:\\\/\\\/www.lengnau.ch\\\/#website\",\"url\":\"https:\\\/\\\/www.lengnau.ch\\\/\",\"name\":\"Gemeinde Lengnau\",\"description\":\"\",\"potentialAction\":[{\"@type\":\"SearchAction\",\"target\":{\"@type\":\"EntryPoint\",\"urlTemplate\":\"https:\\\/\\\/www.lengnau.ch\\\/?s={search_term_string}\"},\"query-input\":{\"@type\":\"PropertyValueSpecification\",\"valueRequired\":true,\"valueName\":\"search_term_string\"}}],\"inLanguage\":\"fr-FR\"},{\"@type\":\"Person\",\"@id\":\"https:\\\/\\\/www.lengnau.ch\\\/#\\\/schema\\\/person\\\/354b644a23c7801db3d6832a4358d85c\",\"name\":\"Dominic Vogt\",\"url\":\"https:\\\/\\\/www.lengnau.ch\\\/fr\\\/author\\\/dominic-vogtlengnau-ch\\\/\"}]}<\/script>\n<!-- \/ Yoast SEO plugin. -->","yoast_head_json":{"title":"Assembl\u00e9e municipale du 04.12.2025 \/ D\u00e9cisions - Gemeinde Lengnau","robots":{"index":"index","follow":"follow","max-snippet":"max-snippet:-1","max-image-preview":"max-image-preview:large","max-video-preview":"max-video-preview:-1"},"canonical":"https:\/\/www.lengnau.ch\/fr\/2025\/12\/assemblee-municipale-du-04-12-2025-decisions\/","og_locale":"fr_FR","og_type":"article","og_title":"Assembl\u00e9e municipale du 04.12.2025 \/ D\u00e9cisions - Gemeinde Lengnau","og_description":"Lors de l&rsquo;assembl\u00e9e communale de la commune municipale de Lengnau BE, les d\u00e9cisions suivantes ont \u00e9t\u00e9 prises par 84 votants : 1. Compte administratif \/ Budget 2026 \/ Approbation D\u00e9cision (81 voix contre 0) Le budget 2026 est approuv\u00e9 comme suit : a) Approbation du taux d&rsquo;imposition communal de 1,49 (inchang\u00e9) unit\u00e9s du taux cantonal [&hellip;]","og_url":"https:\/\/www.lengnau.ch\/fr\/2025\/12\/assemblee-municipale-du-04-12-2025-decisions\/","og_site_name":"Gemeinde Lengnau","article_published_time":"2025-12-04T19:20:34+00:00","article_modified_time":"2025-12-05T11:52:13+00:00","author":"Dominic Vogt","twitter_card":"summary_large_image","schema":{"@context":"https:\/\/schema.org","@graph":[{"@type":"Article","@id":"https:\/\/www.lengnau.ch\/fr\/2025\/12\/assemblee-municipale-du-04-12-2025-decisions\/#article","isPartOf":{"@id":"https:\/\/www.lengnau.ch\/fr\/2025\/12\/assemblee-municipale-du-04-12-2025-decisions\/"},"author":{"name":"Dominic Vogt","@id":"https:\/\/www.lengnau.ch\/#\/schema\/person\/354b644a23c7801db3d6832a4358d85c"},"headline":"Assembl\u00e9e municipale du 04.12.2025 \/ D\u00e9cisions","datePublished":"2025-12-04T19:20:34+00:00","dateModified":"2025-12-05T11:52:13+00:00","mainEntityOfPage":{"@id":"https:\/\/www.lengnau.ch\/fr\/2025\/12\/assemblee-municipale-du-04-12-2025-decisions\/"},"wordCount":258,"articleSection":["Aktuelles","Frontseite","Medienmitteilungen"],"inLanguage":"fr-FR"},{"@type":"WebPage","@id":"https:\/\/www.lengnau.ch\/fr\/2025\/12\/assemblee-municipale-du-04-12-2025-decisions\/","url":"https:\/\/www.lengnau.ch\/fr\/2025\/12\/assemblee-municipale-du-04-12-2025-decisions\/","name":"Assembl\u00e9e municipale du 04.12.2025 \/ D\u00e9cisions - Gemeinde Lengnau","isPartOf":{"@id":"https:\/\/www.lengnau.ch\/#website"},"datePublished":"2025-12-04T19:20:34+00:00","dateModified":"2025-12-05T11:52:13+00:00","author":{"@id":"https:\/\/www.lengnau.ch\/#\/schema\/person\/354b644a23c7801db3d6832a4358d85c"},"breadcrumb":{"@id":"https:\/\/www.lengnau.ch\/fr\/2025\/12\/assemblee-municipale-du-04-12-2025-decisions\/#breadcrumb"},"inLanguage":"fr-FR","potentialAction":[{"@type":"ReadAction","target":["https:\/\/www.lengnau.ch\/fr\/2025\/12\/assemblee-municipale-du-04-12-2025-decisions\/"]}]},{"@type":"BreadcrumbList","@id":"https:\/\/www.lengnau.ch\/fr\/2025\/12\/assemblee-municipale-du-04-12-2025-decisions\/#breadcrumb","itemListElement":[{"@type":"ListItem","position":1,"name":"Home","item":"https:\/\/www.lengnau.ch\/fr\/"},{"@type":"ListItem","position":2,"name":"Assembl\u00e9e municipale du 04.12.2025 \/ D\u00e9cisions"}]},{"@type":"WebSite","@id":"https:\/\/www.lengnau.ch\/#website","url":"https:\/\/www.lengnau.ch\/","name":"Gemeinde Lengnau","description":"","potentialAction":[{"@type":"SearchAction","target":{"@type":"EntryPoint","urlTemplate":"https:\/\/www.lengnau.ch\/?s={search_term_string}"},"query-input":{"@type":"PropertyValueSpecification","valueRequired":true,"valueName":"search_term_string"}}],"inLanguage":"fr-FR"},{"@type":"Person","@id":"https:\/\/www.lengnau.ch\/#\/schema\/person\/354b644a23c7801db3d6832a4358d85c","name":"Dominic Vogt","url":"https:\/\/www.lengnau.ch\/fr\/author\/dominic-vogtlengnau-ch\/"}]}},"publishpress_future_action":{"enabled":false,"date":"2026-05-06 08:24:09","action":"change-status","newStatus":"draft","terms":[],"taxonomy":"category","extraData":[]},"publishpress_future_workflow_manual_trigger":{"enabledWorkflows":[]},"_links":{"self":[{"href":"https:\/\/www.lengnau.ch\/fr\/wp-json\/wp\/v2\/posts\/18451","targetHints":{"allow":["GET"]}}],"collection":[{"href":"https:\/\/www.lengnau.ch\/fr\/wp-json\/wp\/v2\/posts"}],"about":[{"href":"https:\/\/www.lengnau.ch\/fr\/wp-json\/wp\/v2\/types\/post"}],"author":[{"embeddable":true,"href":"https:\/\/www.lengnau.ch\/fr\/wp-json\/wp\/v2\/users\/25"}],"replies":[{"embeddable":true,"href":"https:\/\/www.lengnau.ch\/fr\/wp-json\/wp\/v2\/comments?post=18451"}],"version-history":[{"count":4,"href":"https:\/\/www.lengnau.ch\/fr\/wp-json\/wp\/v2\/posts\/18451\/revisions"}],"predecessor-version":[{"id":18543,"href":"https:\/\/www.lengnau.ch\/fr\/wp-json\/wp\/v2\/posts\/18451\/revisions\/18543"}],"wp:attachment":[{"href":"https:\/\/www.lengnau.ch\/fr\/wp-json\/wp\/v2\/media?parent=18451"}],"wp:term":[{"taxonomy":"category","embeddable":true,"href":"https:\/\/www.lengnau.ch\/fr\/wp-json\/wp\/v2\/categories?post=18451"},{"taxonomy":"post_tag","embeddable":true,"href":"https:\/\/www.lengnau.ch\/fr\/wp-json\/wp\/v2\/tags?post=18451"}],"curies":[{"name":"wp","href":"https:\/\/api.w.org\/{rel}","templated":true}]}}