{"id":16824,"date":"2025-05-14T11:04:57","date_gmt":"2025-05-14T09:04:57","guid":{"rendered":"https:\/\/www.lengnau.ch\/2025\/05\/inauguration-de-la-bibliotheque-ouverte\/"},"modified":"2025-05-23T11:36:14","modified_gmt":"2025-05-23T09:36:14","slug":"inauguration-de-la-bibliotheque-ouverte","status":"publish","type":"post","link":"https:\/\/www.lengnau.ch\/fr\/2025\/05\/inauguration-de-la-bibliotheque-ouverte\/","title":{"rendered":"Inauguration de la biblioth\u00e8que ouverte"},"content":{"rendered":"<p>Le <strong>mercredi 21 mai 2025 \u00e0 partir de 17h00<\/strong> aura lieu l&rsquo;inauguration de l&rsquo;armoire \u00e0 livres ouverte sur la Brunnenplatz \u00e0 Lengnau.<\/p>\n<p>L&rsquo;\u00e9v\u00e9nement commencera par un bar \u00e0 sirop pour les enfants et tous ceux qui sont rest\u00e9s jeunes, suivi d&rsquo;une lecture pour enfants par Christof Gasser.<\/p>\n<p>L&rsquo;inauguration officielle suit comme point d&rsquo;orgue. Un ap\u00e9ritif et une lecture du dernier roman policier de Christof Gasser permettront de terminer la journ\u00e9e de mani\u00e8re optimale.<\/p>\n<p>La communaut\u00e9 d&rsquo;habitants et la bourgeoisie de Longeau se r\u00e9jouissent d&rsquo;accueillir de nombreux visiteurs. Nous nous ferons un plaisir de vous pr\u00e9senter le projet plus en d\u00e9tail.<\/p>\n","protected":false},"excerpt":{"rendered":"<p>Le mercredi 21 mai 2025 \u00e0 partir de 17h00 aura lieu l&rsquo;inauguration de l&rsquo;armoire \u00e0 livres ouverte sur la Brunnenplatz \u00e0 Lengnau. L&rsquo;\u00e9v\u00e9nement commencera par un bar \u00e0 sirop pour les enfants et tous ceux qui sont rest\u00e9s jeunes, suivi d&rsquo;une lecture pour enfants par Christof Gasser. L&rsquo;inauguration officielle suit comme point d&rsquo;orgue. Un ap\u00e9ritif [&hellip;]<\/p>\n","protected":false},"author":14,"featured_media":0,"comment_status":"closed","ping_status":"open","sticky":false,"template":"","format":"standard","meta":{"_acf_changed":false,"_relevanssi_hide_post":"","_relevanssi_hide_content":"","_relevanssi_pin_for_all":"","_relevanssi_pin_keywords":"","_relevanssi_unpin_keywords":"","_relevanssi_related_keywords":"","_relevanssi_related_include_ids":"","_relevanssi_related_exclude_ids":"","_relevanssi_related_no_append":"","_relevanssi_related_not_related":"","_relevanssi_related_posts":"","_relevanssi_noindex_reason":"","footnotes":""},"categories":[74,28,76],"tags":[],"class_list":["post-16824","post","type-post","status-publish","format-standard","hentry","category-aktuelles","category-frontseite","category-medienmitteilungen"],"acf":[],"yoast_head":"<!-- This site is optimized with the Yoast SEO plugin v27.4 - https:\/\/yoast.com\/product\/yoast-seo-wordpress\/ -->\n<title>Inauguration de la biblioth\u00e8que ouverte - Gemeinde Lengnau<\/title>\n<meta name=\"robots\" content=\"index, follow, max-snippet:-1, max-image-preview:large, max-video-preview:-1\" \/>\n<link rel=\"canonical\" href=\"https:\/\/www.lengnau.ch\/fr\/2025\/05\/inauguration-de-la-bibliotheque-ouverte\/\" \/>\n<meta property=\"og:locale\" content=\"fr_FR\" \/>\n<meta property=\"og:type\" content=\"article\" \/>\n<meta property=\"og:title\" content=\"Inauguration de la biblioth\u00e8que ouverte - Gemeinde Lengnau\" \/>\n<meta property=\"og:description\" content=\"Le mercredi 21 mai 2025 \u00e0 partir de 17h00 aura lieu l&rsquo;inauguration de l&rsquo;armoire \u00e0 livres ouverte sur la Brunnenplatz \u00e0 Lengnau. L&rsquo;\u00e9v\u00e9nement commencera par un bar \u00e0 sirop pour les enfants et tous ceux qui sont rest\u00e9s jeunes, suivi d&rsquo;une lecture pour enfants par Christof Gasser. L&rsquo;inauguration officielle suit comme point d&rsquo;orgue. Un ap\u00e9ritif [&hellip;]\" \/>\n<meta property=\"og:url\" content=\"https:\/\/www.lengnau.ch\/fr\/2025\/05\/inauguration-de-la-bibliotheque-ouverte\/\" \/>\n<meta property=\"og:site_name\" content=\"Gemeinde Lengnau\" \/>\n<meta property=\"article:published_time\" content=\"2025-05-14T09:04:57+00:00\" \/>\n<meta property=\"article:modified_time\" content=\"2025-05-23T09:36:14+00:00\" \/>\n<meta name=\"author\" content=\"Fabienne Burri\" \/>\n<meta name=\"twitter:card\" content=\"summary_large_image\" \/>\n<script type=\"application\/ld+json\" class=\"yoast-schema-graph\">{\"@context\":\"https:\\\/\\\/schema.org\",\"@graph\":[{\"@type\":\"Article\",\"@id\":\"https:\\\/\\\/www.lengnau.ch\\\/fr\\\/2025\\\/05\\\/inauguration-de-la-bibliotheque-ouverte\\\/#article\",\"isPartOf\":{\"@id\":\"https:\\\/\\\/www.lengnau.ch\\\/fr\\\/2025\\\/05\\\/inauguration-de-la-bibliotheque-ouverte\\\/\"},\"author\":{\"name\":\"Fabienne Burri\",\"@id\":\"https:\\\/\\\/www.lengnau.ch\\\/#\\\/schema\\\/person\\\/3b540f564f973e8fb35e9aaaf540e53c\"},\"headline\":\"Inauguration de la biblioth\u00e8que ouverte\",\"datePublished\":\"2025-05-14T09:04:57+00:00\",\"dateModified\":\"2025-05-23T09:36:14+00:00\",\"mainEntityOfPage\":{\"@id\":\"https:\\\/\\\/www.lengnau.ch\\\/fr\\\/2025\\\/05\\\/inauguration-de-la-bibliotheque-ouverte\\\/\"},\"wordCount\":109,\"articleSection\":[\"Aktuelles\",\"Frontseite\",\"Medienmitteilungen\"],\"inLanguage\":\"fr-FR\"},{\"@type\":\"WebPage\",\"@id\":\"https:\\\/\\\/www.lengnau.ch\\\/fr\\\/2025\\\/05\\\/inauguration-de-la-bibliotheque-ouverte\\\/\",\"url\":\"https:\\\/\\\/www.lengnau.ch\\\/fr\\\/2025\\\/05\\\/inauguration-de-la-bibliotheque-ouverte\\\/\",\"name\":\"Inauguration de la biblioth\u00e8que ouverte - Gemeinde Lengnau\",\"isPartOf\":{\"@id\":\"https:\\\/\\\/www.lengnau.ch\\\/#website\"},\"datePublished\":\"2025-05-14T09:04:57+00:00\",\"dateModified\":\"2025-05-23T09:36:14+00:00\",\"author\":{\"@id\":\"https:\\\/\\\/www.lengnau.ch\\\/#\\\/schema\\\/person\\\/3b540f564f973e8fb35e9aaaf540e53c\"},\"breadcrumb\":{\"@id\":\"https:\\\/\\\/www.lengnau.ch\\\/fr\\\/2025\\\/05\\\/inauguration-de-la-bibliotheque-ouverte\\\/#breadcrumb\"},\"inLanguage\":\"fr-FR\",\"potentialAction\":[{\"@type\":\"ReadAction\",\"target\":[\"https:\\\/\\\/www.lengnau.ch\\\/fr\\\/2025\\\/05\\\/inauguration-de-la-bibliotheque-ouverte\\\/\"]}]},{\"@type\":\"BreadcrumbList\",\"@id\":\"https:\\\/\\\/www.lengnau.ch\\\/fr\\\/2025\\\/05\\\/inauguration-de-la-bibliotheque-ouverte\\\/#breadcrumb\",\"itemListElement\":[{\"@type\":\"ListItem\",\"position\":1,\"name\":\"Home\",\"item\":\"https:\\\/\\\/www.lengnau.ch\\\/fr\\\/\"},{\"@type\":\"ListItem\",\"position\":2,\"name\":\"Inauguration de la biblioth\u00e8que ouverte\"}]},{\"@type\":\"WebSite\",\"@id\":\"https:\\\/\\\/www.lengnau.ch\\\/#website\",\"url\":\"https:\\\/\\\/www.lengnau.ch\\\/\",\"name\":\"Gemeinde Lengnau\",\"description\":\"\",\"potentialAction\":[{\"@type\":\"SearchAction\",\"target\":{\"@type\":\"EntryPoint\",\"urlTemplate\":\"https:\\\/\\\/www.lengnau.ch\\\/?s={search_term_string}\"},\"query-input\":{\"@type\":\"PropertyValueSpecification\",\"valueRequired\":true,\"valueName\":\"search_term_string\"}}],\"inLanguage\":\"fr-FR\"},{\"@type\":\"Person\",\"@id\":\"https:\\\/\\\/www.lengnau.ch\\\/#\\\/schema\\\/person\\\/3b540f564f973e8fb35e9aaaf540e53c\",\"name\":\"Fabienne Burri\",\"url\":\"https:\\\/\\\/www.lengnau.ch\\\/fr\\\/author\\\/fabienne-burrilengnau-ch\\\/\"}]}<\/script>\n<!-- \/ Yoast SEO plugin. -->","yoast_head_json":{"title":"Inauguration de la biblioth\u00e8que ouverte - Gemeinde Lengnau","robots":{"index":"index","follow":"follow","max-snippet":"max-snippet:-1","max-image-preview":"max-image-preview:large","max-video-preview":"max-video-preview:-1"},"canonical":"https:\/\/www.lengnau.ch\/fr\/2025\/05\/inauguration-de-la-bibliotheque-ouverte\/","og_locale":"fr_FR","og_type":"article","og_title":"Inauguration de la biblioth\u00e8que ouverte - Gemeinde Lengnau","og_description":"Le mercredi 21 mai 2025 \u00e0 partir de 17h00 aura lieu l&rsquo;inauguration de l&rsquo;armoire \u00e0 livres ouverte sur la Brunnenplatz \u00e0 Lengnau. L&rsquo;\u00e9v\u00e9nement commencera par un bar \u00e0 sirop pour les enfants et tous ceux qui sont rest\u00e9s jeunes, suivi d&rsquo;une lecture pour enfants par Christof Gasser. L&rsquo;inauguration officielle suit comme point d&rsquo;orgue. Un ap\u00e9ritif [&hellip;]","og_url":"https:\/\/www.lengnau.ch\/fr\/2025\/05\/inauguration-de-la-bibliotheque-ouverte\/","og_site_name":"Gemeinde Lengnau","article_published_time":"2025-05-14T09:04:57+00:00","article_modified_time":"2025-05-23T09:36:14+00:00","author":"Fabienne Burri","twitter_card":"summary_large_image","schema":{"@context":"https:\/\/schema.org","@graph":[{"@type":"Article","@id":"https:\/\/www.lengnau.ch\/fr\/2025\/05\/inauguration-de-la-bibliotheque-ouverte\/#article","isPartOf":{"@id":"https:\/\/www.lengnau.ch\/fr\/2025\/05\/inauguration-de-la-bibliotheque-ouverte\/"},"author":{"name":"Fabienne Burri","@id":"https:\/\/www.lengnau.ch\/#\/schema\/person\/3b540f564f973e8fb35e9aaaf540e53c"},"headline":"Inauguration de la biblioth\u00e8que ouverte","datePublished":"2025-05-14T09:04:57+00:00","dateModified":"2025-05-23T09:36:14+00:00","mainEntityOfPage":{"@id":"https:\/\/www.lengnau.ch\/fr\/2025\/05\/inauguration-de-la-bibliotheque-ouverte\/"},"wordCount":109,"articleSection":["Aktuelles","Frontseite","Medienmitteilungen"],"inLanguage":"fr-FR"},{"@type":"WebPage","@id":"https:\/\/www.lengnau.ch\/fr\/2025\/05\/inauguration-de-la-bibliotheque-ouverte\/","url":"https:\/\/www.lengnau.ch\/fr\/2025\/05\/inauguration-de-la-bibliotheque-ouverte\/","name":"Inauguration de la biblioth\u00e8que ouverte - Gemeinde Lengnau","isPartOf":{"@id":"https:\/\/www.lengnau.ch\/#website"},"datePublished":"2025-05-14T09:04:57+00:00","dateModified":"2025-05-23T09:36:14+00:00","author":{"@id":"https:\/\/www.lengnau.ch\/#\/schema\/person\/3b540f564f973e8fb35e9aaaf540e53c"},"breadcrumb":{"@id":"https:\/\/www.lengnau.ch\/fr\/2025\/05\/inauguration-de-la-bibliotheque-ouverte\/#breadcrumb"},"inLanguage":"fr-FR","potentialAction":[{"@type":"ReadAction","target":["https:\/\/www.lengnau.ch\/fr\/2025\/05\/inauguration-de-la-bibliotheque-ouverte\/"]}]},{"@type":"BreadcrumbList","@id":"https:\/\/www.lengnau.ch\/fr\/2025\/05\/inauguration-de-la-bibliotheque-ouverte\/#breadcrumb","itemListElement":[{"@type":"ListItem","position":1,"name":"Home","item":"https:\/\/www.lengnau.ch\/fr\/"},{"@type":"ListItem","position":2,"name":"Inauguration de la biblioth\u00e8que ouverte"}]},{"@type":"WebSite","@id":"https:\/\/www.lengnau.ch\/#website","url":"https:\/\/www.lengnau.ch\/","name":"Gemeinde Lengnau","description":"","potentialAction":[{"@type":"SearchAction","target":{"@type":"EntryPoint","urlTemplate":"https:\/\/www.lengnau.ch\/?s={search_term_string}"},"query-input":{"@type":"PropertyValueSpecification","valueRequired":true,"valueName":"search_term_string"}}],"inLanguage":"fr-FR"},{"@type":"Person","@id":"https:\/\/www.lengnau.ch\/#\/schema\/person\/3b540f564f973e8fb35e9aaaf540e53c","name":"Fabienne Burri","url":"https:\/\/www.lengnau.ch\/fr\/author\/fabienne-burrilengnau-ch\/"}]}},"publishpress_future_action":{"enabled":false,"date":"2026-05-07 11:32:34","action":"change-status","newStatus":"draft","terms":[],"taxonomy":"category","extraData":[]},"publishpress_future_workflow_manual_trigger":{"enabledWorkflows":[]},"_links":{"self":[{"href":"https:\/\/www.lengnau.ch\/fr\/wp-json\/wp\/v2\/posts\/16824","targetHints":{"allow":["GET"]}}],"collection":[{"href":"https:\/\/www.lengnau.ch\/fr\/wp-json\/wp\/v2\/posts"}],"about":[{"href":"https:\/\/www.lengnau.ch\/fr\/wp-json\/wp\/v2\/types\/post"}],"author":[{"embeddable":true,"href":"https:\/\/www.lengnau.ch\/fr\/wp-json\/wp\/v2\/users\/14"}],"replies":[{"embeddable":true,"href":"https:\/\/www.lengnau.ch\/fr\/wp-json\/wp\/v2\/comments?post=16824"}],"version-history":[{"count":2,"href":"https:\/\/www.lengnau.ch\/fr\/wp-json\/wp\/v2\/posts\/16824\/revisions"}],"predecessor-version":[{"id":16915,"href":"https:\/\/www.lengnau.ch\/fr\/wp-json\/wp\/v2\/posts\/16824\/revisions\/16915"}],"wp:attachment":[{"href":"https:\/\/www.lengnau.ch\/fr\/wp-json\/wp\/v2\/media?parent=16824"}],"wp:term":[{"taxonomy":"category","embeddable":true,"href":"https:\/\/www.lengnau.ch\/fr\/wp-json\/wp\/v2\/categories?post=16824"},{"taxonomy":"post_tag","embeddable":true,"href":"https:\/\/www.lengnau.ch\/fr\/wp-json\/wp\/v2\/tags?post=16824"}],"curies":[{"name":"wp","href":"https:\/\/api.w.org\/{rel}","templated":true}]}}