{"id":16360,"date":"2025-04-28T06:00:18","date_gmt":"2025-04-28T04:00:18","guid":{"rendered":"https:\/\/www.lengnau.ch\/?p=16360"},"modified":"2025-05-01T08:28:20","modified_gmt":"2025-05-01T06:28:20","slug":"neophytes-envahissantes","status":"publish","type":"post","link":"https:\/\/www.lengnau.ch\/fr\/2025\/04\/neophytes-envahissantes\/","title":{"rendered":"N\u00e9ophytes envahissantes"},"content":{"rendered":"<p><strong>2023, 13 communes du Seeland, sous la direction de la commune de Pieterlen, ont lanc\u00e9 un projet commun de sacs \u00e0 n\u00e9ophytes afin de lutter contre les n\u00e9ophytes envahissantes. Les n\u00e9ophytes envahissantes sont des esp\u00e8ces v\u00e9g\u00e9tales \u00e9trang\u00e8res qui se propagent fortement dans notre pays. Ils remplacent les esp\u00e8ces indig\u00e8nes et nuisent \u00e0 la biodiversit\u00e9 ou peuvent causer des probl\u00e8mes de sant\u00e9. Il est important de les combattre syst\u00e9matiquement afin d&rsquo;\u00e9viter qu&rsquo;ils ne se reproduisent et ne se propagent davantage.<\/strong><\/p>\n<p>En 2025, 25 communes participent d\u00e9j\u00e0 au projet de sacs \u00e0 n\u00e9ophytes. Les n\u00e9ophytes envahissantes sont tr\u00e8s r\u00e9sistantes. Leurs graines ne sont d\u00e9truites que dans des installations de compostage sp\u00e9ciales, \u00e0 des temp\u00e9ratures \u00e9lev\u00e9es pendant plusieurs jours (compostage \u00e0 chaud) ou par incin\u00e9ration. Dans les municipalit\u00e9s participant au projet, il n&rsquo;y a pas de rotations \u00e0 chaud pour les d\u00e9chets verts. Les communes proposent toutefois des sacs sp\u00e9ciaux pour les n\u00e9ophytes, qui peuvent \u00eatre obtenus gratuitement. Les sacs remplis de ces plantes ind\u00e9sirables sont jet\u00e9s gratuitement avec les ordures m\u00e9nag\u00e8res ordinaires et partent \u00e0 l&rsquo;incin\u00e9ration.<\/p>\n<p>Pour que les bonnes plantes trouvent le chemin du sac, chaque sac est accompagn\u00e9 d&rsquo;un d\u00e9pliant sur lequel les principales n\u00e9ophytes envahissantes sont d\u00e9crites et illustr\u00e9es.<\/p>\n<p><strong>Le sac-poubelle pour l&rsquo;\u00e9limination gratuite des n\u00e9ophytes envahissantes et des plantes probl\u00e9matiques, y compris Un d\u00e9pliant contenant des informations sur les plantes \u00e0 combattre peut \u00eatre obtenu aupr\u00e8s de la commune de Lengnau, Brunnenplatz 2, d\u00e9partement de la construction et de la planification ou aupr\u00e8s du Werkhof de la commune de Lengnau, Rolliweg 3.<\/strong><\/p>\n<table style=\"width: 100%; border-collapse: collapse;\" border=\"0\">\n<tbody>\n<tr>\n<td style=\"width: 45.7672%;\">Avec leurs nombreuses graines, les n\u00e9ophytes envahissantes se propagent rapidement sur de longues distances et peuvent ainsi causer de gros d\u00e9g\u00e2ts. Il est donc important que la population participe \u00e0 la lutte et d\u00e9sherbe syst\u00e9matiquement les plantes de son jardin. Afin de permettre \u00e0 la population de d\u00e9couvrir les principales n\u00e9ophytes envahissantes, telles que la verge d&rsquo;or du Canada, l&rsquo;herbe professionnelle annuelle ou l&rsquo;herbe \u00e0 papillons, des expositions avec des plantes de d\u00e9monstration et des textes informatifs sont organis\u00e9es dans plusieurs communes.<\/td>\n<td style=\"width: 54.2328%;\">\n<p><figure id=\"attachment_16342\" aria-describedby=\"caption-attachment-16342\" style=\"width: 375px\" class=\"wp-caption alignright\"><img loading=\"lazy\" decoding=\"async\" class=\" wp-image-16341\" src=\"https:\/\/www.lengnau.ch\/wp-content\/uploads\/2025\/04\/Neophyten-300x241.jpg\" alt=\"\" width=\"375\" height=\"301\" srcset=\"https:\/\/www.lengnau.ch\/wp-content\/uploads\/2025\/04\/Neophyten-300x241.jpg 300w, https:\/\/www.lengnau.ch\/wp-content\/uploads\/2025\/04\/Neophyten.jpg 626w\" sizes=\"auto, (max-width: 375px) 100vw, 375px\" \/><figcaption id=\"caption-attachment-16342\" class=\"wp-caption-text\">Exposition de n\u00e9ophytes \u00e0 Orpund, 2023 (photo B\u00fcro Kappeler)<\/figcaption><\/figure><\/td>\n<\/tr>\n<\/tbody>\n<\/table>\n<hr>\n<p><strong>A Lengnau BE, l&rsquo;exposition est ouverte du 5 mai au 20 juin 2025. <\/strong><strong>sur la place du village devant la maison communale.<\/strong><\/p>\n<p>Les plantes seront \u00e9galement expos\u00e9es dans les communes suivantes :<\/p>\n<table style=\"width: 100%; border-collapse: collapse;\" border=\"0\">\n<tbody>\n<tr>\n<td style=\"width: 35.6181%;\">Du 5 mai au 20 juin 2025<br \/>\n30 juin au 12 septembre 2025<\/td>\n<td style=\"width: 64.064%;\">  Br\u00fcgg, Pieterlen, Lengnau BE et Sch\u00fcpfen<br \/>\nAegerten, Kappelen, Worben et Nidau<\/td>\n<\/tr>\n<\/tbody>\n<\/table>\n<hr>\n<p>Vous trouverez \u00e9galement le d\u00e9pliant et d&rsquo;autres informations sur <a href=\"https:\/\/www.lengnau.ch\/fr\/themes\/umwelt\/naturschutz\/\" target=\"_blank\" rel=\"noopener\">www.lengnau.ch.<\/a><\/p>\n<p>En outre, dans le cadre de l&rsquo;\u00e9dition de cette ann\u00e9e  <strong>Clean-Up-Days du vendredi, 19 septembre 2025 et samedi, 20 septembre 2025<\/strong>  informer des personnes form\u00e9es sur la lutte contre les n\u00e9ophytes et les plantes \u00e0 probl\u00e8mes.<\/p>\n<p>Vous avez des questions ? Le <a href=\"https:\/\/www.lengnau.ch\/fr\/verwaltung-politik-2\/gemeindeverwaltung\/departement-de-la-construction-et-des-travaux\/\" target=\"_blank\" rel=\"noopener\">service de construction et de planification<\/a> est toujours \u00e0 votre disposition.<\/p>\n<p>Nous vous remercions d&rsquo;ores et d\u00e9j\u00e0 pour la lutte commune contre les n\u00e9ophytes et les plantes probl\u00e9matiques \u00e0 Lengnau BE !<\/p>\n","protected":false},"excerpt":{"rendered":"<p>2023, 13 communes du Seeland, sous la direction de la commune de Pieterlen, ont lanc\u00e9 un projet commun de sacs \u00e0 n\u00e9ophytes afin de lutter contre les n\u00e9ophytes envahissantes. Les n\u00e9ophytes envahissantes sont des esp\u00e8ces v\u00e9g\u00e9tales \u00e9trang\u00e8res qui se propagent fortement dans notre pays. Ils remplacent les esp\u00e8ces indig\u00e8nes et nuisent \u00e0 la biodiversit\u00e9 ou [&hellip;]<\/p>\n","protected":false},"author":24,"featured_media":0,"comment_status":"closed","ping_status":"open","sticky":false,"template":"","format":"standard","meta":{"_acf_changed":false,"_relevanssi_hide_post":"","_relevanssi_hide_content":"","_relevanssi_pin_for_all":"","_relevanssi_pin_keywords":"","_relevanssi_unpin_keywords":"","_relevanssi_related_keywords":"","_relevanssi_related_include_ids":"","_relevanssi_related_exclude_ids":"","_relevanssi_related_no_append":"","_relevanssi_related_not_related":"","_relevanssi_related_posts":"","_relevanssi_noindex_reason":"","footnotes":""},"categories":[74,28,76],"tags":[],"class_list":["post-16360","post","type-post","status-publish","format-standard","hentry","category-aktuelles","category-frontseite","category-medienmitteilungen"],"acf":[],"yoast_head":"<!-- This site is optimized with the Yoast SEO plugin v27.4 - https:\/\/yoast.com\/product\/yoast-seo-wordpress\/ -->\n<title>N\u00e9ophytes envahissantes - Gemeinde Lengnau<\/title>\n<meta name=\"robots\" content=\"index, follow, max-snippet:-1, max-image-preview:large, max-video-preview:-1\" \/>\n<link rel=\"canonical\" href=\"https:\/\/www.lengnau.ch\/fr\/2025\/04\/neophytes-envahissantes\/\" \/>\n<meta property=\"og:locale\" content=\"fr_FR\" \/>\n<meta property=\"og:type\" content=\"article\" \/>\n<meta property=\"og:title\" content=\"N\u00e9ophytes envahissantes - Gemeinde Lengnau\" \/>\n<meta property=\"og:description\" content=\"2023, 13 communes du Seeland, sous la direction de la commune de Pieterlen, ont lanc\u00e9 un projet commun de sacs \u00e0 n\u00e9ophytes afin de lutter contre les n\u00e9ophytes envahissantes. Les n\u00e9ophytes envahissantes sont des esp\u00e8ces v\u00e9g\u00e9tales \u00e9trang\u00e8res qui se propagent fortement dans notre pays. Ils remplacent les esp\u00e8ces indig\u00e8nes et nuisent \u00e0 la biodiversit\u00e9 ou [&hellip;]\" \/>\n<meta property=\"og:url\" content=\"https:\/\/www.lengnau.ch\/fr\/2025\/04\/neophytes-envahissantes\/\" \/>\n<meta property=\"og:site_name\" content=\"Gemeinde Lengnau\" \/>\n<meta property=\"article:published_time\" content=\"2025-04-28T04:00:18+00:00\" \/>\n<meta property=\"article:modified_time\" content=\"2025-05-01T06:28:20+00:00\" \/>\n<meta property=\"og:image\" content=\"https:\/\/www.lengnau.ch\/wp-content\/uploads\/2025\/04\/Neophyten.jpg\" \/>\n\t<meta property=\"og:image:width\" content=\"626\" \/>\n\t<meta property=\"og:image:height\" content=\"503\" \/>\n\t<meta property=\"og:image:type\" content=\"image\/jpeg\" \/>\n<meta name=\"author\" content=\"Sophie Wyss\" \/>\n<meta name=\"twitter:card\" content=\"summary_large_image\" \/>\n<script type=\"application\/ld+json\" class=\"yoast-schema-graph\">{\"@context\":\"https:\\\/\\\/schema.org\",\"@graph\":[{\"@type\":\"Article\",\"@id\":\"https:\\\/\\\/www.lengnau.ch\\\/fr\\\/2025\\\/04\\\/neophytes-envahissantes\\\/#article\",\"isPartOf\":{\"@id\":\"https:\\\/\\\/www.lengnau.ch\\\/fr\\\/2025\\\/04\\\/neophytes-envahissantes\\\/\"},\"author\":{\"name\":\"Sophie Wyss\",\"@id\":\"https:\\\/\\\/www.lengnau.ch\\\/#\\\/schema\\\/person\\\/7f567e5af1bb930e58509082c09f8956\"},\"headline\":\"N\u00e9ophytes envahissantes\",\"datePublished\":\"2025-04-28T04:00:18+00:00\",\"dateModified\":\"2025-05-01T06:28:20+00:00\",\"mainEntityOfPage\":{\"@id\":\"https:\\\/\\\/www.lengnau.ch\\\/fr\\\/2025\\\/04\\\/neophytes-envahissantes\\\/\"},\"wordCount\":524,\"image\":{\"@id\":\"https:\\\/\\\/www.lengnau.ch\\\/fr\\\/2025\\\/04\\\/neophytes-envahissantes\\\/#primaryimage\"},\"thumbnailUrl\":\"https:\\\/\\\/www.lengnau.ch\\\/wp-content\\\/uploads\\\/2025\\\/04\\\/Neophyten-300x241.jpg\",\"articleSection\":[\"Aktuelles\",\"Frontseite\",\"Medienmitteilungen\"],\"inLanguage\":\"fr-FR\"},{\"@type\":\"WebPage\",\"@id\":\"https:\\\/\\\/www.lengnau.ch\\\/fr\\\/2025\\\/04\\\/neophytes-envahissantes\\\/\",\"url\":\"https:\\\/\\\/www.lengnau.ch\\\/fr\\\/2025\\\/04\\\/neophytes-envahissantes\\\/\",\"name\":\"N\u00e9ophytes envahissantes - Gemeinde Lengnau\",\"isPartOf\":{\"@id\":\"https:\\\/\\\/www.lengnau.ch\\\/#website\"},\"primaryImageOfPage\":{\"@id\":\"https:\\\/\\\/www.lengnau.ch\\\/fr\\\/2025\\\/04\\\/neophytes-envahissantes\\\/#primaryimage\"},\"image\":{\"@id\":\"https:\\\/\\\/www.lengnau.ch\\\/fr\\\/2025\\\/04\\\/neophytes-envahissantes\\\/#primaryimage\"},\"thumbnailUrl\":\"https:\\\/\\\/www.lengnau.ch\\\/wp-content\\\/uploads\\\/2025\\\/04\\\/Neophyten-300x241.jpg\",\"datePublished\":\"2025-04-28T04:00:18+00:00\",\"dateModified\":\"2025-05-01T06:28:20+00:00\",\"author\":{\"@id\":\"https:\\\/\\\/www.lengnau.ch\\\/#\\\/schema\\\/person\\\/7f567e5af1bb930e58509082c09f8956\"},\"breadcrumb\":{\"@id\":\"https:\\\/\\\/www.lengnau.ch\\\/fr\\\/2025\\\/04\\\/neophytes-envahissantes\\\/#breadcrumb\"},\"inLanguage\":\"fr-FR\",\"potentialAction\":[{\"@type\":\"ReadAction\",\"target\":[\"https:\\\/\\\/www.lengnau.ch\\\/fr\\\/2025\\\/04\\\/neophytes-envahissantes\\\/\"]}]},{\"@type\":\"ImageObject\",\"inLanguage\":\"fr-FR\",\"@id\":\"https:\\\/\\\/www.lengnau.ch\\\/fr\\\/2025\\\/04\\\/neophytes-envahissantes\\\/#primaryimage\",\"url\":\"https:\\\/\\\/www.lengnau.ch\\\/wp-content\\\/uploads\\\/2025\\\/04\\\/Neophyten-300x241.jpg\",\"contentUrl\":\"https:\\\/\\\/www.lengnau.ch\\\/wp-content\\\/uploads\\\/2025\\\/04\\\/Neophyten-300x241.jpg\"},{\"@type\":\"BreadcrumbList\",\"@id\":\"https:\\\/\\\/www.lengnau.ch\\\/fr\\\/2025\\\/04\\\/neophytes-envahissantes\\\/#breadcrumb\",\"itemListElement\":[{\"@type\":\"ListItem\",\"position\":1,\"name\":\"Home\",\"item\":\"https:\\\/\\\/www.lengnau.ch\\\/fr\\\/\"},{\"@type\":\"ListItem\",\"position\":2,\"name\":\"N\u00e9ophytes envahissantes\"}]},{\"@type\":\"WebSite\",\"@id\":\"https:\\\/\\\/www.lengnau.ch\\\/#website\",\"url\":\"https:\\\/\\\/www.lengnau.ch\\\/\",\"name\":\"Gemeinde Lengnau\",\"description\":\"\",\"potentialAction\":[{\"@type\":\"SearchAction\",\"target\":{\"@type\":\"EntryPoint\",\"urlTemplate\":\"https:\\\/\\\/www.lengnau.ch\\\/?s={search_term_string}\"},\"query-input\":{\"@type\":\"PropertyValueSpecification\",\"valueRequired\":true,\"valueName\":\"search_term_string\"}}],\"inLanguage\":\"fr-FR\"},{\"@type\":\"Person\",\"@id\":\"https:\\\/\\\/www.lengnau.ch\\\/#\\\/schema\\\/person\\\/7f567e5af1bb930e58509082c09f8956\",\"name\":\"Sophie Wyss\",\"url\":\"https:\\\/\\\/www.lengnau.ch\\\/fr\\\/author\\\/sophie-wysslengnau-ch\\\/\"}]}<\/script>\n<!-- \/ Yoast SEO plugin. -->","yoast_head_json":{"title":"N\u00e9ophytes envahissantes - Gemeinde Lengnau","robots":{"index":"index","follow":"follow","max-snippet":"max-snippet:-1","max-image-preview":"max-image-preview:large","max-video-preview":"max-video-preview:-1"},"canonical":"https:\/\/www.lengnau.ch\/fr\/2025\/04\/neophytes-envahissantes\/","og_locale":"fr_FR","og_type":"article","og_title":"N\u00e9ophytes envahissantes - Gemeinde Lengnau","og_description":"2023, 13 communes du Seeland, sous la direction de la commune de Pieterlen, ont lanc\u00e9 un projet commun de sacs \u00e0 n\u00e9ophytes afin de lutter contre les n\u00e9ophytes envahissantes. Les n\u00e9ophytes envahissantes sont des esp\u00e8ces v\u00e9g\u00e9tales \u00e9trang\u00e8res qui se propagent fortement dans notre pays. Ils remplacent les esp\u00e8ces indig\u00e8nes et nuisent \u00e0 la biodiversit\u00e9 ou [&hellip;]","og_url":"https:\/\/www.lengnau.ch\/fr\/2025\/04\/neophytes-envahissantes\/","og_site_name":"Gemeinde Lengnau","article_published_time":"2025-04-28T04:00:18+00:00","article_modified_time":"2025-05-01T06:28:20+00:00","og_image":[{"width":626,"height":503,"url":"https:\/\/www.lengnau.ch\/wp-content\/uploads\/2025\/04\/Neophyten.jpg","type":"image\/jpeg"}],"author":"Sophie Wyss","twitter_card":"summary_large_image","schema":{"@context":"https:\/\/schema.org","@graph":[{"@type":"Article","@id":"https:\/\/www.lengnau.ch\/fr\/2025\/04\/neophytes-envahissantes\/#article","isPartOf":{"@id":"https:\/\/www.lengnau.ch\/fr\/2025\/04\/neophytes-envahissantes\/"},"author":{"name":"Sophie Wyss","@id":"https:\/\/www.lengnau.ch\/#\/schema\/person\/7f567e5af1bb930e58509082c09f8956"},"headline":"N\u00e9ophytes envahissantes","datePublished":"2025-04-28T04:00:18+00:00","dateModified":"2025-05-01T06:28:20+00:00","mainEntityOfPage":{"@id":"https:\/\/www.lengnau.ch\/fr\/2025\/04\/neophytes-envahissantes\/"},"wordCount":524,"image":{"@id":"https:\/\/www.lengnau.ch\/fr\/2025\/04\/neophytes-envahissantes\/#primaryimage"},"thumbnailUrl":"https:\/\/www.lengnau.ch\/wp-content\/uploads\/2025\/04\/Neophyten-300x241.jpg","articleSection":["Aktuelles","Frontseite","Medienmitteilungen"],"inLanguage":"fr-FR"},{"@type":"WebPage","@id":"https:\/\/www.lengnau.ch\/fr\/2025\/04\/neophytes-envahissantes\/","url":"https:\/\/www.lengnau.ch\/fr\/2025\/04\/neophytes-envahissantes\/","name":"N\u00e9ophytes envahissantes - Gemeinde Lengnau","isPartOf":{"@id":"https:\/\/www.lengnau.ch\/#website"},"primaryImageOfPage":{"@id":"https:\/\/www.lengnau.ch\/fr\/2025\/04\/neophytes-envahissantes\/#primaryimage"},"image":{"@id":"https:\/\/www.lengnau.ch\/fr\/2025\/04\/neophytes-envahissantes\/#primaryimage"},"thumbnailUrl":"https:\/\/www.lengnau.ch\/wp-content\/uploads\/2025\/04\/Neophyten-300x241.jpg","datePublished":"2025-04-28T04:00:18+00:00","dateModified":"2025-05-01T06:28:20+00:00","author":{"@id":"https:\/\/www.lengnau.ch\/#\/schema\/person\/7f567e5af1bb930e58509082c09f8956"},"breadcrumb":{"@id":"https:\/\/www.lengnau.ch\/fr\/2025\/04\/neophytes-envahissantes\/#breadcrumb"},"inLanguage":"fr-FR","potentialAction":[{"@type":"ReadAction","target":["https:\/\/www.lengnau.ch\/fr\/2025\/04\/neophytes-envahissantes\/"]}]},{"@type":"ImageObject","inLanguage":"fr-FR","@id":"https:\/\/www.lengnau.ch\/fr\/2025\/04\/neophytes-envahissantes\/#primaryimage","url":"https:\/\/www.lengnau.ch\/wp-content\/uploads\/2025\/04\/Neophyten-300x241.jpg","contentUrl":"https:\/\/www.lengnau.ch\/wp-content\/uploads\/2025\/04\/Neophyten-300x241.jpg"},{"@type":"BreadcrumbList","@id":"https:\/\/www.lengnau.ch\/fr\/2025\/04\/neophytes-envahissantes\/#breadcrumb","itemListElement":[{"@type":"ListItem","position":1,"name":"Home","item":"https:\/\/www.lengnau.ch\/fr\/"},{"@type":"ListItem","position":2,"name":"N\u00e9ophytes envahissantes"}]},{"@type":"WebSite","@id":"https:\/\/www.lengnau.ch\/#website","url":"https:\/\/www.lengnau.ch\/","name":"Gemeinde Lengnau","description":"","potentialAction":[{"@type":"SearchAction","target":{"@type":"EntryPoint","urlTemplate":"https:\/\/www.lengnau.ch\/?s={search_term_string}"},"query-input":{"@type":"PropertyValueSpecification","valueRequired":true,"valueName":"search_term_string"}}],"inLanguage":"fr-FR"},{"@type":"Person","@id":"https:\/\/www.lengnau.ch\/#\/schema\/person\/7f567e5af1bb930e58509082c09f8956","name":"Sophie Wyss","url":"https:\/\/www.lengnau.ch\/fr\/author\/sophie-wysslengnau-ch\/"}]}},"publishpress_future_action":{"enabled":false,"date":"2026-05-06 21:24:08","action":"change-status","newStatus":"draft","terms":[],"taxonomy":"category","extraData":[]},"publishpress_future_workflow_manual_trigger":{"enabledWorkflows":[]},"_links":{"self":[{"href":"https:\/\/www.lengnau.ch\/fr\/wp-json\/wp\/v2\/posts\/16360","targetHints":{"allow":["GET"]}}],"collection":[{"href":"https:\/\/www.lengnau.ch\/fr\/wp-json\/wp\/v2\/posts"}],"about":[{"href":"https:\/\/www.lengnau.ch\/fr\/wp-json\/wp\/v2\/types\/post"}],"author":[{"embeddable":true,"href":"https:\/\/www.lengnau.ch\/fr\/wp-json\/wp\/v2\/users\/24"}],"replies":[{"embeddable":true,"href":"https:\/\/www.lengnau.ch\/fr\/wp-json\/wp\/v2\/comments?post=16360"}],"version-history":[{"count":4,"href":"https:\/\/www.lengnau.ch\/fr\/wp-json\/wp\/v2\/posts\/16360\/revisions"}],"predecessor-version":[{"id":16566,"href":"https:\/\/www.lengnau.ch\/fr\/wp-json\/wp\/v2\/posts\/16360\/revisions\/16566"}],"wp:attachment":[{"href":"https:\/\/www.lengnau.ch\/fr\/wp-json\/wp\/v2\/media?parent=16360"}],"wp:term":[{"taxonomy":"category","embeddable":true,"href":"https:\/\/www.lengnau.ch\/fr\/wp-json\/wp\/v2\/categories?post=16360"},{"taxonomy":"post_tag","embeddable":true,"href":"https:\/\/www.lengnau.ch\/fr\/wp-json\/wp\/v2\/tags?post=16360"}],"curies":[{"name":"wp","href":"https:\/\/api.w.org\/{rel}","templated":true}]}}