{"id":14943,"date":"2024-11-06T11:22:03","date_gmt":"2024-11-06T10:22:03","guid":{"rendered":"https:\/\/www.lengnau.ch\/2024\/11\/action-baeumiges-seeland-pro-natura-seeland\/"},"modified":"2024-11-06T11:22:03","modified_gmt":"2024-11-06T10:22:03","slug":"action-baeumiges-seeland-pro-natura-seeland","status":"publish","type":"post","link":"https:\/\/www.lengnau.ch\/fr\/2024\/11\/action-baeumiges-seeland-pro-natura-seeland\/","title":{"rendered":"Action \u00ab\u00a0B\u00e4umiges Seeland\u00a0\u00bb Pro Natura Seeland"},"content":{"rendered":"<p><strong>Prenez-en deux !<\/strong><\/p>\n<p>Pour la saison de plantation 2024 \u00e0 2025, Pro Natura Seeland propose \u00e0 nouveau des arbres champ\u00eatres et des arbustes sauvages \u00e0 prix r\u00e9duit (p\u00e9riode de vente du <strong>20.10.2024 au 30.04.2025<\/strong>). Pour chaque arbre champ\u00eatre ou arbuste sauvage achet\u00e9, vous en recevez un autre en cadeau ! Pro Natura Seeland a \u00e9tabli une <a href=\"https:\/\/www.lengnau.ch\/wp-content\/uploads\/2024\/11\/baeumiges_seeland_liste_baeume_und_straeucher_2024.pdf\" target=\"_blank\" rel=\"noopener\">liste de vari\u00e9t\u00e9s avec une s\u00e9lection d&rsquo;arbres\/arbustes<\/a> adapt\u00e9s aux diff\u00e9rents sites du Seeland. <\/p>\n<p><strong>P\u00e9pini\u00e8re partenaire Forstgarten, Lobsigen<\/strong><\/p>\n<p>Veuillez vous procurer les plantes \u00e0 prix r\u00e9duit directement aupr\u00e8s du jardin forestier de Lobsigen, Schiffacker 1, 3268 Lobsigen. La p\u00e9pini\u00e8re dispose plut\u00f4t d&rsquo;arbustes et d&rsquo;arbres plus petits et plus jeunes (peu de plantes en motte). Afin de permettre au plus grand nombre de profiter de l&rsquo;offre, le nombre d&rsquo;arbres ou d&rsquo;arbustes \u00e0 prix r\u00e9duit par client est limit\u00e9 \u00e0 50 plantes. Veuillez v\u00e9rifier la disponibilit\u00e9 des arbres\/arbustes en appelant le 031 636 12 30 ou le 079 597 34 67 ou en passant commande par <a href=\"mailto:fg********@**.ch\" data-original-string=\"X8a6iSAKa0RtRzfWh+kHnw==a0emCoWHyr+vUbcLP3fsy1xquqpAwncoCzHgze\/4SHw5E4=\" title=\"This contact has been encoded by Anti-Spam by CleanTalk. Click to decode. To finish the decoding make sure that JavaScript is enabled in your browser.\">e-mail.<\/a> Convenez d&rsquo;un rendez-vous individuel pour l&rsquo;enl\u00e8vement. Vous trouverez de plus amples informations sur le <a href=\"https:\/\/www.pronatura-be.ch\/de\/hochstamm-foerderung-baeumiges-seeland\" target=\"_blank\" rel=\"noopener\">site web de Pro Natura Seeland.<\/a><\/p>\n<p><a href=\"https:\/\/www.lengnau.ch\/wp-content\/uploads\/2024\/11\/flyer_baeumiges_seeland_2024-25.png\" target=\"_blank\" rel=\"noopener\"><img loading=\"lazy\" decoding=\"async\" class=\"alignnone wp-image-14934\" src=\"https:\/\/www.lengnau.ch\/wp-content\/uploads\/2024\/11\/flyer_baeumiges_seeland_2024-25.png\" alt=\"\" width=\"500\" height=\"708\" srcset=\"https:\/\/www.lengnau.ch\/wp-content\/uploads\/2024\/11\/flyer_baeumiges_seeland_2024-25.png 682w, https:\/\/www.lengnau.ch\/wp-content\/uploads\/2024\/11\/flyer_baeumiges_seeland_2024-25-212x300.png 212w\" sizes=\"auto, (max-width: 500px) 100vw, 500px\" \/><\/a><\/p>\n","protected":false},"excerpt":{"rendered":"<p>Prenez-en deux ! Pour la saison de plantation 2024 \u00e0 2025, Pro Natura Seeland propose \u00e0 nouveau des arbres champ\u00eatres et des arbustes sauvages \u00e0 prix r\u00e9duit (p\u00e9riode de vente du 20.10.2024 au 30.04.2025). Pour chaque arbre champ\u00eatre ou arbuste sauvage achet\u00e9, vous en recevez un autre en cadeau ! Pro Natura Seeland a \u00e9tabli [&hellip;]<\/p>\n","protected":false},"author":14,"featured_media":0,"comment_status":"closed","ping_status":"open","sticky":false,"template":"","format":"standard","meta":{"_acf_changed":false,"_relevanssi_hide_post":"","_relevanssi_hide_content":"","_relevanssi_pin_for_all":"","_relevanssi_pin_keywords":"","_relevanssi_unpin_keywords":"","_relevanssi_related_keywords":"","_relevanssi_related_include_ids":"","_relevanssi_related_exclude_ids":"","_relevanssi_related_no_append":"","_relevanssi_related_not_related":"","_relevanssi_related_posts":"","_relevanssi_noindex_reason":"","footnotes":""},"categories":[74,28,76,1],"tags":[],"class_list":["post-14943","post","type-post","status-publish","format-standard","hentry","category-aktuelles","category-frontseite","category-medienmitteilungen","category-unkategorisiert"],"acf":[],"yoast_head":"<!-- This site is optimized with the Yoast SEO plugin v27.4 - https:\/\/yoast.com\/product\/yoast-seo-wordpress\/ -->\n<title>Action &quot;B\u00e4umiges Seeland&quot; Pro Natura Seeland - Gemeinde Lengnau<\/title>\n<meta name=\"robots\" content=\"index, follow, max-snippet:-1, max-image-preview:large, max-video-preview:-1\" \/>\n<link rel=\"canonical\" href=\"https:\/\/www.lengnau.ch\/fr\/2024\/11\/action-baeumiges-seeland-pro-natura-seeland\/\" \/>\n<meta property=\"og:locale\" content=\"fr_FR\" \/>\n<meta property=\"og:type\" content=\"article\" \/>\n<meta property=\"og:title\" content=\"Action &quot;B\u00e4umiges Seeland&quot; Pro Natura Seeland - Gemeinde Lengnau\" \/>\n<meta property=\"og:description\" content=\"Prenez-en deux ! Pour la saison de plantation 2024 \u00e0 2025, Pro Natura Seeland propose \u00e0 nouveau des arbres champ\u00eatres et des arbustes sauvages \u00e0 prix r\u00e9duit (p\u00e9riode de vente du 20.10.2024 au 30.04.2025). Pour chaque arbre champ\u00eatre ou arbuste sauvage achet\u00e9, vous en recevez un autre en cadeau ! Pro Natura Seeland a \u00e9tabli [&hellip;]\" \/>\n<meta property=\"og:url\" content=\"https:\/\/www.lengnau.ch\/fr\/2024\/11\/action-baeumiges-seeland-pro-natura-seeland\/\" \/>\n<meta property=\"og:site_name\" content=\"Gemeinde Lengnau\" \/>\n<meta property=\"article:published_time\" content=\"2024-11-06T10:22:03+00:00\" \/>\n<meta property=\"og:image\" content=\"https:\/\/www.lengnau.ch\/wp-content\/uploads\/2024\/11\/flyer_baeumiges_seeland_2024-25.png\" \/>\n\t<meta property=\"og:image:width\" content=\"682\" \/>\n\t<meta property=\"og:image:height\" content=\"966\" \/>\n\t<meta property=\"og:image:type\" content=\"image\/png\" \/>\n<meta name=\"author\" content=\"Fabienne Burri\" \/>\n<meta name=\"twitter:card\" content=\"summary_large_image\" \/>\n<script type=\"application\/ld+json\" class=\"yoast-schema-graph\">{\"@context\":\"https:\\\/\\\/schema.org\",\"@graph\":[{\"@type\":\"Article\",\"@id\":\"https:\\\/\\\/www.lengnau.ch\\\/fr\\\/2024\\\/11\\\/action-baeumiges-seeland-pro-natura-seeland\\\/#article\",\"isPartOf\":{\"@id\":\"https:\\\/\\\/www.lengnau.ch\\\/fr\\\/2024\\\/11\\\/action-baeumiges-seeland-pro-natura-seeland\\\/\"},\"author\":{\"name\":\"Fabienne Burri\",\"@id\":\"https:\\\/\\\/www.lengnau.ch\\\/#\\\/schema\\\/person\\\/3b540f564f973e8fb35e9aaaf540e53c\"},\"headline\":\"Action \u00ab\u00a0B\u00e4umiges Seeland\u00a0\u00bb Pro Natura Seeland\",\"datePublished\":\"2024-11-06T10:22:03+00:00\",\"mainEntityOfPage\":{\"@id\":\"https:\\\/\\\/www.lengnau.ch\\\/fr\\\/2024\\\/11\\\/action-baeumiges-seeland-pro-natura-seeland\\\/\"},\"wordCount\":185,\"image\":{\"@id\":\"https:\\\/\\\/www.lengnau.ch\\\/fr\\\/2024\\\/11\\\/action-baeumiges-seeland-pro-natura-seeland\\\/#primaryimage\"},\"thumbnailUrl\":\"https:\\\/\\\/www.lengnau.ch\\\/wp-content\\\/uploads\\\/2024\\\/11\\\/flyer_baeumiges_seeland_2024-25.png\",\"articleSection\":[\"Aktuelles\",\"Frontseite\",\"Medienmitteilungen\",\"Unkategorisiert\"],\"inLanguage\":\"fr-FR\"},{\"@type\":\"WebPage\",\"@id\":\"https:\\\/\\\/www.lengnau.ch\\\/fr\\\/2024\\\/11\\\/action-baeumiges-seeland-pro-natura-seeland\\\/\",\"url\":\"https:\\\/\\\/www.lengnau.ch\\\/fr\\\/2024\\\/11\\\/action-baeumiges-seeland-pro-natura-seeland\\\/\",\"name\":\"Action \\\"B\u00e4umiges Seeland\\\" Pro Natura Seeland - Gemeinde Lengnau\",\"isPartOf\":{\"@id\":\"https:\\\/\\\/www.lengnau.ch\\\/#website\"},\"primaryImageOfPage\":{\"@id\":\"https:\\\/\\\/www.lengnau.ch\\\/fr\\\/2024\\\/11\\\/action-baeumiges-seeland-pro-natura-seeland\\\/#primaryimage\"},\"image\":{\"@id\":\"https:\\\/\\\/www.lengnau.ch\\\/fr\\\/2024\\\/11\\\/action-baeumiges-seeland-pro-natura-seeland\\\/#primaryimage\"},\"thumbnailUrl\":\"https:\\\/\\\/www.lengnau.ch\\\/wp-content\\\/uploads\\\/2024\\\/11\\\/flyer_baeumiges_seeland_2024-25.png\",\"datePublished\":\"2024-11-06T10:22:03+00:00\",\"author\":{\"@id\":\"https:\\\/\\\/www.lengnau.ch\\\/#\\\/schema\\\/person\\\/3b540f564f973e8fb35e9aaaf540e53c\"},\"breadcrumb\":{\"@id\":\"https:\\\/\\\/www.lengnau.ch\\\/fr\\\/2024\\\/11\\\/action-baeumiges-seeland-pro-natura-seeland\\\/#breadcrumb\"},\"inLanguage\":\"fr-FR\",\"potentialAction\":[{\"@type\":\"ReadAction\",\"target\":[\"https:\\\/\\\/www.lengnau.ch\\\/fr\\\/2024\\\/11\\\/action-baeumiges-seeland-pro-natura-seeland\\\/\"]}]},{\"@type\":\"ImageObject\",\"inLanguage\":\"fr-FR\",\"@id\":\"https:\\\/\\\/www.lengnau.ch\\\/fr\\\/2024\\\/11\\\/action-baeumiges-seeland-pro-natura-seeland\\\/#primaryimage\",\"url\":\"https:\\\/\\\/www.lengnau.ch\\\/wp-content\\\/uploads\\\/2024\\\/11\\\/flyer_baeumiges_seeland_2024-25.png\",\"contentUrl\":\"https:\\\/\\\/www.lengnau.ch\\\/wp-content\\\/uploads\\\/2024\\\/11\\\/flyer_baeumiges_seeland_2024-25.png\"},{\"@type\":\"BreadcrumbList\",\"@id\":\"https:\\\/\\\/www.lengnau.ch\\\/fr\\\/2024\\\/11\\\/action-baeumiges-seeland-pro-natura-seeland\\\/#breadcrumb\",\"itemListElement\":[{\"@type\":\"ListItem\",\"position\":1,\"name\":\"Home\",\"item\":\"https:\\\/\\\/www.lengnau.ch\\\/fr\\\/\"},{\"@type\":\"ListItem\",\"position\":2,\"name\":\"Action &#8222;B\u00e4umiges Seeland&#8220; Pro Natura Seeland\"}]},{\"@type\":\"WebSite\",\"@id\":\"https:\\\/\\\/www.lengnau.ch\\\/#website\",\"url\":\"https:\\\/\\\/www.lengnau.ch\\\/\",\"name\":\"Gemeinde Lengnau\",\"description\":\"\",\"potentialAction\":[{\"@type\":\"SearchAction\",\"target\":{\"@type\":\"EntryPoint\",\"urlTemplate\":\"https:\\\/\\\/www.lengnau.ch\\\/?s={search_term_string}\"},\"query-input\":{\"@type\":\"PropertyValueSpecification\",\"valueRequired\":true,\"valueName\":\"search_term_string\"}}],\"inLanguage\":\"fr-FR\"},{\"@type\":\"Person\",\"@id\":\"https:\\\/\\\/www.lengnau.ch\\\/#\\\/schema\\\/person\\\/3b540f564f973e8fb35e9aaaf540e53c\",\"name\":\"Fabienne Burri\",\"url\":\"https:\\\/\\\/www.lengnau.ch\\\/fr\\\/author\\\/fabienne-burrilengnau-ch\\\/\"}]}<\/script>\n<!-- \/ Yoast SEO plugin. -->","yoast_head_json":{"title":"Action \"B\u00e4umiges Seeland\" Pro Natura Seeland - Gemeinde Lengnau","robots":{"index":"index","follow":"follow","max-snippet":"max-snippet:-1","max-image-preview":"max-image-preview:large","max-video-preview":"max-video-preview:-1"},"canonical":"https:\/\/www.lengnau.ch\/fr\/2024\/11\/action-baeumiges-seeland-pro-natura-seeland\/","og_locale":"fr_FR","og_type":"article","og_title":"Action \"B\u00e4umiges Seeland\" Pro Natura Seeland - Gemeinde Lengnau","og_description":"Prenez-en deux ! Pour la saison de plantation 2024 \u00e0 2025, Pro Natura Seeland propose \u00e0 nouveau des arbres champ\u00eatres et des arbustes sauvages \u00e0 prix r\u00e9duit (p\u00e9riode de vente du 20.10.2024 au 30.04.2025). Pour chaque arbre champ\u00eatre ou arbuste sauvage achet\u00e9, vous en recevez un autre en cadeau ! Pro Natura Seeland a \u00e9tabli [&hellip;]","og_url":"https:\/\/www.lengnau.ch\/fr\/2024\/11\/action-baeumiges-seeland-pro-natura-seeland\/","og_site_name":"Gemeinde Lengnau","article_published_time":"2024-11-06T10:22:03+00:00","og_image":[{"width":682,"height":966,"url":"https:\/\/www.lengnau.ch\/wp-content\/uploads\/2024\/11\/flyer_baeumiges_seeland_2024-25.png","type":"image\/png"}],"author":"Fabienne Burri","twitter_card":"summary_large_image","schema":{"@context":"https:\/\/schema.org","@graph":[{"@type":"Article","@id":"https:\/\/www.lengnau.ch\/fr\/2024\/11\/action-baeumiges-seeland-pro-natura-seeland\/#article","isPartOf":{"@id":"https:\/\/www.lengnau.ch\/fr\/2024\/11\/action-baeumiges-seeland-pro-natura-seeland\/"},"author":{"name":"Fabienne Burri","@id":"https:\/\/www.lengnau.ch\/#\/schema\/person\/3b540f564f973e8fb35e9aaaf540e53c"},"headline":"Action \u00ab\u00a0B\u00e4umiges Seeland\u00a0\u00bb Pro Natura Seeland","datePublished":"2024-11-06T10:22:03+00:00","mainEntityOfPage":{"@id":"https:\/\/www.lengnau.ch\/fr\/2024\/11\/action-baeumiges-seeland-pro-natura-seeland\/"},"wordCount":185,"image":{"@id":"https:\/\/www.lengnau.ch\/fr\/2024\/11\/action-baeumiges-seeland-pro-natura-seeland\/#primaryimage"},"thumbnailUrl":"https:\/\/www.lengnau.ch\/wp-content\/uploads\/2024\/11\/flyer_baeumiges_seeland_2024-25.png","articleSection":["Aktuelles","Frontseite","Medienmitteilungen","Unkategorisiert"],"inLanguage":"fr-FR"},{"@type":"WebPage","@id":"https:\/\/www.lengnau.ch\/fr\/2024\/11\/action-baeumiges-seeland-pro-natura-seeland\/","url":"https:\/\/www.lengnau.ch\/fr\/2024\/11\/action-baeumiges-seeland-pro-natura-seeland\/","name":"Action \"B\u00e4umiges Seeland\" Pro Natura Seeland - Gemeinde Lengnau","isPartOf":{"@id":"https:\/\/www.lengnau.ch\/#website"},"primaryImageOfPage":{"@id":"https:\/\/www.lengnau.ch\/fr\/2024\/11\/action-baeumiges-seeland-pro-natura-seeland\/#primaryimage"},"image":{"@id":"https:\/\/www.lengnau.ch\/fr\/2024\/11\/action-baeumiges-seeland-pro-natura-seeland\/#primaryimage"},"thumbnailUrl":"https:\/\/www.lengnau.ch\/wp-content\/uploads\/2024\/11\/flyer_baeumiges_seeland_2024-25.png","datePublished":"2024-11-06T10:22:03+00:00","author":{"@id":"https:\/\/www.lengnau.ch\/#\/schema\/person\/3b540f564f973e8fb35e9aaaf540e53c"},"breadcrumb":{"@id":"https:\/\/www.lengnau.ch\/fr\/2024\/11\/action-baeumiges-seeland-pro-natura-seeland\/#breadcrumb"},"inLanguage":"fr-FR","potentialAction":[{"@type":"ReadAction","target":["https:\/\/www.lengnau.ch\/fr\/2024\/11\/action-baeumiges-seeland-pro-natura-seeland\/"]}]},{"@type":"ImageObject","inLanguage":"fr-FR","@id":"https:\/\/www.lengnau.ch\/fr\/2024\/11\/action-baeumiges-seeland-pro-natura-seeland\/#primaryimage","url":"https:\/\/www.lengnau.ch\/wp-content\/uploads\/2024\/11\/flyer_baeumiges_seeland_2024-25.png","contentUrl":"https:\/\/www.lengnau.ch\/wp-content\/uploads\/2024\/11\/flyer_baeumiges_seeland_2024-25.png"},{"@type":"BreadcrumbList","@id":"https:\/\/www.lengnau.ch\/fr\/2024\/11\/action-baeumiges-seeland-pro-natura-seeland\/#breadcrumb","itemListElement":[{"@type":"ListItem","position":1,"name":"Home","item":"https:\/\/www.lengnau.ch\/fr\/"},{"@type":"ListItem","position":2,"name":"Action &#8222;B\u00e4umiges Seeland&#8220; Pro Natura Seeland"}]},{"@type":"WebSite","@id":"https:\/\/www.lengnau.ch\/#website","url":"https:\/\/www.lengnau.ch\/","name":"Gemeinde Lengnau","description":"","potentialAction":[{"@type":"SearchAction","target":{"@type":"EntryPoint","urlTemplate":"https:\/\/www.lengnau.ch\/?s={search_term_string}"},"query-input":{"@type":"PropertyValueSpecification","valueRequired":true,"valueName":"search_term_string"}}],"inLanguage":"fr-FR"},{"@type":"Person","@id":"https:\/\/www.lengnau.ch\/#\/schema\/person\/3b540f564f973e8fb35e9aaaf540e53c","name":"Fabienne Burri","url":"https:\/\/www.lengnau.ch\/fr\/author\/fabienne-burrilengnau-ch\/"}]}},"publishpress_future_action":{"enabled":false,"date":"2026-05-08 12:28:06","action":"change-status","newStatus":"draft","terms":[],"taxonomy":"category","extraData":[]},"publishpress_future_workflow_manual_trigger":{"enabledWorkflows":[]},"_links":{"self":[{"href":"https:\/\/www.lengnau.ch\/fr\/wp-json\/wp\/v2\/posts\/14943","targetHints":{"allow":["GET"]}}],"collection":[{"href":"https:\/\/www.lengnau.ch\/fr\/wp-json\/wp\/v2\/posts"}],"about":[{"href":"https:\/\/www.lengnau.ch\/fr\/wp-json\/wp\/v2\/types\/post"}],"author":[{"embeddable":true,"href":"https:\/\/www.lengnau.ch\/fr\/wp-json\/wp\/v2\/users\/14"}],"replies":[{"embeddable":true,"href":"https:\/\/www.lengnau.ch\/fr\/wp-json\/wp\/v2\/comments?post=14943"}],"version-history":[{"count":0,"href":"https:\/\/www.lengnau.ch\/fr\/wp-json\/wp\/v2\/posts\/14943\/revisions"}],"wp:attachment":[{"href":"https:\/\/www.lengnau.ch\/fr\/wp-json\/wp\/v2\/media?parent=14943"}],"wp:term":[{"taxonomy":"category","embeddable":true,"href":"https:\/\/www.lengnau.ch\/fr\/wp-json\/wp\/v2\/categories?post=14943"},{"taxonomy":"post_tag","embeddable":true,"href":"https:\/\/www.lengnau.ch\/fr\/wp-json\/wp\/v2\/tags?post=14943"}],"curies":[{"name":"wp","href":"https:\/\/api.w.org\/{rel}","templated":true}]}}