{"id":14126,"date":"2024-08-27T13:17:22","date_gmt":"2024-08-27T11:17:22","guid":{"rendered":"https:\/\/www.lengnau.ch\/?p=14126"},"modified":"2024-09-25T10:26:34","modified_gmt":"2024-09-25T08:26:34","slug":"le-vehicule-communal-meili-doit-etre-remplace","status":"publish","type":"post","link":"https:\/\/www.lengnau.ch\/fr\/2024\/08\/le-vehicule-communal-meili-doit-etre-remplace\/","title":{"rendered":"Le v\u00e9hicule communal Meili doit \u00eatre remplac\u00e9"},"content":{"rendered":"<p>Le v\u00e9hicule communal le plus puissant du centre d&rsquo;entretien est le Meili VM 7000 H45.<br \/>\nCe v\u00e9hicule est utilis\u00e9 quotidiennement et a n\u00e9cessit\u00e9 beaucoup d&rsquo;entretien au cours des derni\u00e8res ann\u00e9es.<br \/>\nOutre l&rsquo;utilisation g\u00e9n\u00e9rale pour les travaux lourds, le Meili est utilis\u00e9 en particulier en hiver pour le d\u00e9neigement et le salage des routes.<br \/>\nLe besoin est av\u00e9r\u00e9, notamment pour le d\u00e9neigement des rues de Kr\u00e4henberg, Oele et Neuweg.<br \/>\nOn ne peut pas se passer de ce v\u00e9hicule et il doit fonctionner de mani\u00e8re fiable quand on en a besoin.<br \/>\nIl est pr\u00e9vu d&rsquo;acqu\u00e9rir un Meili M 7000 Urs pour le remplacer.      Le conseil municipal a approuv\u00e9 un cr\u00e9dit d&rsquo;engagement de Fr. 226&rsquo;000.00.  Celui-ci est soumis au r\u00e9f\u00e9rendum facultatif.<\/p>\n","protected":false},"excerpt":{"rendered":"<p>Le v\u00e9hicule communal le plus puissant du centre d&rsquo;entretien est le Meili VM 7000 H45. Ce v\u00e9hicule est utilis\u00e9 quotidiennement et a n\u00e9cessit\u00e9 beaucoup d&rsquo;entretien au cours des derni\u00e8res ann\u00e9es. Outre l&rsquo;utilisation g\u00e9n\u00e9rale pour les travaux lourds, le Meili est utilis\u00e9 en particulier en hiver pour le d\u00e9neigement et le salage des routes. Le besoin [&hellip;]<\/p>\n","protected":false},"author":16,"featured_media":0,"comment_status":"closed","ping_status":"open","sticky":false,"template":"","format":"standard","meta":{"_acf_changed":false,"_relevanssi_hide_post":"","_relevanssi_hide_content":"","_relevanssi_pin_for_all":"","_relevanssi_pin_keywords":"","_relevanssi_unpin_keywords":"","_relevanssi_related_keywords":"","_relevanssi_related_include_ids":"","_relevanssi_related_exclude_ids":"","_relevanssi_related_no_append":"","_relevanssi_related_not_related":"","_relevanssi_related_posts":"","_relevanssi_noindex_reason":"","footnotes":""},"categories":[74,28,76],"tags":[],"class_list":["post-14126","post","type-post","status-publish","format-standard","hentry","category-aktuelles","category-frontseite","category-medienmitteilungen"],"acf":[],"yoast_head":"<!-- This site is optimized with the Yoast SEO plugin v27.4 - https:\/\/yoast.com\/product\/yoast-seo-wordpress\/ -->\n<title>Le v\u00e9hicule communal Meili doit \u00eatre remplac\u00e9 - Gemeinde Lengnau<\/title>\n<meta name=\"robots\" content=\"index, follow, max-snippet:-1, max-image-preview:large, max-video-preview:-1\" \/>\n<link rel=\"canonical\" href=\"https:\/\/www.lengnau.ch\/fr\/2024\/08\/le-vehicule-communal-meili-doit-etre-remplace\/\" \/>\n<meta property=\"og:locale\" content=\"fr_FR\" \/>\n<meta property=\"og:type\" content=\"article\" \/>\n<meta property=\"og:title\" content=\"Le v\u00e9hicule communal Meili doit \u00eatre remplac\u00e9 - Gemeinde Lengnau\" \/>\n<meta property=\"og:description\" content=\"Le v\u00e9hicule communal le plus puissant du centre d&rsquo;entretien est le Meili VM 7000 H45. Ce v\u00e9hicule est utilis\u00e9 quotidiennement et a n\u00e9cessit\u00e9 beaucoup d&rsquo;entretien au cours des derni\u00e8res ann\u00e9es. Outre l&rsquo;utilisation g\u00e9n\u00e9rale pour les travaux lourds, le Meili est utilis\u00e9 en particulier en hiver pour le d\u00e9neigement et le salage des routes. Le besoin [&hellip;]\" \/>\n<meta property=\"og:url\" content=\"https:\/\/www.lengnau.ch\/fr\/2024\/08\/le-vehicule-communal-meili-doit-etre-remplace\/\" \/>\n<meta property=\"og:site_name\" content=\"Gemeinde Lengnau\" \/>\n<meta property=\"article:published_time\" content=\"2024-08-27T11:17:22+00:00\" \/>\n<meta property=\"article:modified_time\" content=\"2024-09-25T08:26:34+00:00\" \/>\n<meta name=\"author\" content=\"Marcel Krebs\" \/>\n<meta name=\"twitter:card\" content=\"summary_large_image\" \/>\n<script type=\"application\/ld+json\" class=\"yoast-schema-graph\">{\"@context\":\"https:\\\/\\\/schema.org\",\"@graph\":[{\"@type\":\"Article\",\"@id\":\"https:\\\/\\\/www.lengnau.ch\\\/fr\\\/2024\\\/08\\\/le-vehicule-communal-meili-doit-etre-remplace\\\/#article\",\"isPartOf\":{\"@id\":\"https:\\\/\\\/www.lengnau.ch\\\/fr\\\/2024\\\/08\\\/le-vehicule-communal-meili-doit-etre-remplace\\\/\"},\"author\":{\"name\":\"Marcel Krebs\",\"@id\":\"https:\\\/\\\/www.lengnau.ch\\\/#\\\/schema\\\/person\\\/4f24628d398f23babc11f9eda3941a1c\"},\"headline\":\"Le v\u00e9hicule communal Meili doit \u00eatre remplac\u00e9\",\"datePublished\":\"2024-08-27T11:17:22+00:00\",\"dateModified\":\"2024-09-25T08:26:34+00:00\",\"mainEntityOfPage\":{\"@id\":\"https:\\\/\\\/www.lengnau.ch\\\/fr\\\/2024\\\/08\\\/le-vehicule-communal-meili-doit-etre-remplace\\\/\"},\"wordCount\":142,\"articleSection\":[\"Aktuelles\",\"Frontseite\",\"Medienmitteilungen\"],\"inLanguage\":\"fr-FR\"},{\"@type\":\"WebPage\",\"@id\":\"https:\\\/\\\/www.lengnau.ch\\\/fr\\\/2024\\\/08\\\/le-vehicule-communal-meili-doit-etre-remplace\\\/\",\"url\":\"https:\\\/\\\/www.lengnau.ch\\\/fr\\\/2024\\\/08\\\/le-vehicule-communal-meili-doit-etre-remplace\\\/\",\"name\":\"Le v\u00e9hicule communal Meili doit \u00eatre remplac\u00e9 - Gemeinde Lengnau\",\"isPartOf\":{\"@id\":\"https:\\\/\\\/www.lengnau.ch\\\/#website\"},\"datePublished\":\"2024-08-27T11:17:22+00:00\",\"dateModified\":\"2024-09-25T08:26:34+00:00\",\"author\":{\"@id\":\"https:\\\/\\\/www.lengnau.ch\\\/#\\\/schema\\\/person\\\/4f24628d398f23babc11f9eda3941a1c\"},\"breadcrumb\":{\"@id\":\"https:\\\/\\\/www.lengnau.ch\\\/fr\\\/2024\\\/08\\\/le-vehicule-communal-meili-doit-etre-remplace\\\/#breadcrumb\"},\"inLanguage\":\"fr-FR\",\"potentialAction\":[{\"@type\":\"ReadAction\",\"target\":[\"https:\\\/\\\/www.lengnau.ch\\\/fr\\\/2024\\\/08\\\/le-vehicule-communal-meili-doit-etre-remplace\\\/\"]}]},{\"@type\":\"BreadcrumbList\",\"@id\":\"https:\\\/\\\/www.lengnau.ch\\\/fr\\\/2024\\\/08\\\/le-vehicule-communal-meili-doit-etre-remplace\\\/#breadcrumb\",\"itemListElement\":[{\"@type\":\"ListItem\",\"position\":1,\"name\":\"Home\",\"item\":\"https:\\\/\\\/www.lengnau.ch\\\/fr\\\/\"},{\"@type\":\"ListItem\",\"position\":2,\"name\":\"Le v\u00e9hicule communal Meili doit \u00eatre remplac\u00e9\"}]},{\"@type\":\"WebSite\",\"@id\":\"https:\\\/\\\/www.lengnau.ch\\\/#website\",\"url\":\"https:\\\/\\\/www.lengnau.ch\\\/\",\"name\":\"Gemeinde Lengnau\",\"description\":\"\",\"potentialAction\":[{\"@type\":\"SearchAction\",\"target\":{\"@type\":\"EntryPoint\",\"urlTemplate\":\"https:\\\/\\\/www.lengnau.ch\\\/?s={search_term_string}\"},\"query-input\":{\"@type\":\"PropertyValueSpecification\",\"valueRequired\":true,\"valueName\":\"search_term_string\"}}],\"inLanguage\":\"fr-FR\"},{\"@type\":\"Person\",\"@id\":\"https:\\\/\\\/www.lengnau.ch\\\/#\\\/schema\\\/person\\\/4f24628d398f23babc11f9eda3941a1c\",\"name\":\"Marcel Krebs\",\"url\":\"https:\\\/\\\/www.lengnau.ch\\\/fr\\\/author\\\/marcel-krebslengnau-ch\\\/\"}]}<\/script>\n<!-- \/ Yoast SEO plugin. -->","yoast_head_json":{"title":"Le v\u00e9hicule communal Meili doit \u00eatre remplac\u00e9 - Gemeinde Lengnau","robots":{"index":"index","follow":"follow","max-snippet":"max-snippet:-1","max-image-preview":"max-image-preview:large","max-video-preview":"max-video-preview:-1"},"canonical":"https:\/\/www.lengnau.ch\/fr\/2024\/08\/le-vehicule-communal-meili-doit-etre-remplace\/","og_locale":"fr_FR","og_type":"article","og_title":"Le v\u00e9hicule communal Meili doit \u00eatre remplac\u00e9 - Gemeinde Lengnau","og_description":"Le v\u00e9hicule communal le plus puissant du centre d&rsquo;entretien est le Meili VM 7000 H45. Ce v\u00e9hicule est utilis\u00e9 quotidiennement et a n\u00e9cessit\u00e9 beaucoup d&rsquo;entretien au cours des derni\u00e8res ann\u00e9es. Outre l&rsquo;utilisation g\u00e9n\u00e9rale pour les travaux lourds, le Meili est utilis\u00e9 en particulier en hiver pour le d\u00e9neigement et le salage des routes. Le besoin [&hellip;]","og_url":"https:\/\/www.lengnau.ch\/fr\/2024\/08\/le-vehicule-communal-meili-doit-etre-remplace\/","og_site_name":"Gemeinde Lengnau","article_published_time":"2024-08-27T11:17:22+00:00","article_modified_time":"2024-09-25T08:26:34+00:00","author":"Marcel Krebs","twitter_card":"summary_large_image","schema":{"@context":"https:\/\/schema.org","@graph":[{"@type":"Article","@id":"https:\/\/www.lengnau.ch\/fr\/2024\/08\/le-vehicule-communal-meili-doit-etre-remplace\/#article","isPartOf":{"@id":"https:\/\/www.lengnau.ch\/fr\/2024\/08\/le-vehicule-communal-meili-doit-etre-remplace\/"},"author":{"name":"Marcel Krebs","@id":"https:\/\/www.lengnau.ch\/#\/schema\/person\/4f24628d398f23babc11f9eda3941a1c"},"headline":"Le v\u00e9hicule communal Meili doit \u00eatre remplac\u00e9","datePublished":"2024-08-27T11:17:22+00:00","dateModified":"2024-09-25T08:26:34+00:00","mainEntityOfPage":{"@id":"https:\/\/www.lengnau.ch\/fr\/2024\/08\/le-vehicule-communal-meili-doit-etre-remplace\/"},"wordCount":142,"articleSection":["Aktuelles","Frontseite","Medienmitteilungen"],"inLanguage":"fr-FR"},{"@type":"WebPage","@id":"https:\/\/www.lengnau.ch\/fr\/2024\/08\/le-vehicule-communal-meili-doit-etre-remplace\/","url":"https:\/\/www.lengnau.ch\/fr\/2024\/08\/le-vehicule-communal-meili-doit-etre-remplace\/","name":"Le v\u00e9hicule communal Meili doit \u00eatre remplac\u00e9 - Gemeinde Lengnau","isPartOf":{"@id":"https:\/\/www.lengnau.ch\/#website"},"datePublished":"2024-08-27T11:17:22+00:00","dateModified":"2024-09-25T08:26:34+00:00","author":{"@id":"https:\/\/www.lengnau.ch\/#\/schema\/person\/4f24628d398f23babc11f9eda3941a1c"},"breadcrumb":{"@id":"https:\/\/www.lengnau.ch\/fr\/2024\/08\/le-vehicule-communal-meili-doit-etre-remplace\/#breadcrumb"},"inLanguage":"fr-FR","potentialAction":[{"@type":"ReadAction","target":["https:\/\/www.lengnau.ch\/fr\/2024\/08\/le-vehicule-communal-meili-doit-etre-remplace\/"]}]},{"@type":"BreadcrumbList","@id":"https:\/\/www.lengnau.ch\/fr\/2024\/08\/le-vehicule-communal-meili-doit-etre-remplace\/#breadcrumb","itemListElement":[{"@type":"ListItem","position":1,"name":"Home","item":"https:\/\/www.lengnau.ch\/fr\/"},{"@type":"ListItem","position":2,"name":"Le v\u00e9hicule communal Meili doit \u00eatre remplac\u00e9"}]},{"@type":"WebSite","@id":"https:\/\/www.lengnau.ch\/#website","url":"https:\/\/www.lengnau.ch\/","name":"Gemeinde Lengnau","description":"","potentialAction":[{"@type":"SearchAction","target":{"@type":"EntryPoint","urlTemplate":"https:\/\/www.lengnau.ch\/?s={search_term_string}"},"query-input":{"@type":"PropertyValueSpecification","valueRequired":true,"valueName":"search_term_string"}}],"inLanguage":"fr-FR"},{"@type":"Person","@id":"https:\/\/www.lengnau.ch\/#\/schema\/person\/4f24628d398f23babc11f9eda3941a1c","name":"Marcel Krebs","url":"https:\/\/www.lengnau.ch\/fr\/author\/marcel-krebslengnau-ch\/"}]}},"publishpress_future_action":{"enabled":false,"date":"2026-05-08 22:38:40","action":"change-status","newStatus":"draft","terms":[],"taxonomy":"category","extraData":[]},"publishpress_future_workflow_manual_trigger":{"enabledWorkflows":[]},"_links":{"self":[{"href":"https:\/\/www.lengnau.ch\/fr\/wp-json\/wp\/v2\/posts\/14126","targetHints":{"allow":["GET"]}}],"collection":[{"href":"https:\/\/www.lengnau.ch\/fr\/wp-json\/wp\/v2\/posts"}],"about":[{"href":"https:\/\/www.lengnau.ch\/fr\/wp-json\/wp\/v2\/types\/post"}],"author":[{"embeddable":true,"href":"https:\/\/www.lengnau.ch\/fr\/wp-json\/wp\/v2\/users\/16"}],"replies":[{"embeddable":true,"href":"https:\/\/www.lengnau.ch\/fr\/wp-json\/wp\/v2\/comments?post=14126"}],"version-history":[{"count":6,"href":"https:\/\/www.lengnau.ch\/fr\/wp-json\/wp\/v2\/posts\/14126\/revisions"}],"predecessor-version":[{"id":14457,"href":"https:\/\/www.lengnau.ch\/fr\/wp-json\/wp\/v2\/posts\/14126\/revisions\/14457"}],"wp:attachment":[{"href":"https:\/\/www.lengnau.ch\/fr\/wp-json\/wp\/v2\/media?parent=14126"}],"wp:term":[{"taxonomy":"category","embeddable":true,"href":"https:\/\/www.lengnau.ch\/fr\/wp-json\/wp\/v2\/categories?post=14126"},{"taxonomy":"post_tag","embeddable":true,"href":"https:\/\/www.lengnau.ch\/fr\/wp-json\/wp\/v2\/tags?post=14126"}],"curies":[{"name":"wp","href":"https:\/\/api.w.org\/{rel}","templated":true}]}}