{"id":13034,"date":"2024-04-26T08:32:36","date_gmt":"2024-04-26T06:32:36","guid":{"rendered":"https:\/\/www.lengnau.ch\/?p=13034"},"modified":"2024-04-29T09:22:57","modified_gmt":"2024-04-29T07:22:57","slug":"pour-un-environnement-propre","status":"publish","type":"post","link":"https:\/\/www.lengnau.ch\/fr\/2024\/04\/pour-un-environnement-propre\/","title":{"rendered":"Pour un environnement propre"},"content":{"rendered":"<p><span class=\"fontstyle0\"><a href=\"https:\/\/www.lengnau.ch\/wp-content\/uploads\/2024\/04\/Plakat_Fuer_eine_saubere_Umwelt.jpg\" target=\"_blank\" rel=\"noopener\"><img loading=\"lazy\" decoding=\"async\" class=\"alignright wp-image-13037\" src=\"https:\/\/www.lengnau.ch\/wp-content\/uploads\/2024\/04\/Plakat_Fuer_eine_saubere_Umwelt.jpg\" alt=\"\" width=\"136\" height=\"200\" srcset=\"https:\/\/www.lengnau.ch\/wp-content\/uploads\/2024\/04\/Plakat_Fuer_eine_saubere_Umwelt.jpg 555w, https:\/\/www.lengnau.ch\/wp-content\/uploads\/2024\/04\/Plakat_Fuer_eine_saubere_Umwelt-205x300.jpg 205w\" sizes=\"auto, (max-width: 136px) 100vw, 136px\" \/><\/a>Les abandons de chiens et de chevaux sur les routes et les chemins donnent souvent lieu \u00e0 des r\u00e9clamations. Les personnes qui prom\u00e8nent des chiens et des chevaux sont pri\u00e9es de se d\u00e9barrasser de leurs \u00ab\u00a0affaires\u00a0\u00bb de mani\u00e8re appropri\u00e9e.<\/span><\/p>\n<p><span class=\"fontstyle0\">Lengnau a introduit l&rsquo;action Bords de route propres \u00e0 partir de 2018. Avec l&rsquo;aide du service des travaux publics et du service de s\u00e9curit\u00e9 et de contr\u00f4le, plus de 60 poteaux en bois munis de l&rsquo;affiche correspondante et de sacs Robidog ont \u00e9t\u00e9 install\u00e9s chaque ann\u00e9e &#8211; \u00e9galement en 2023 &#8211; sur le territoire de la commune de Lengnau. Ces derniers ont \u00e0 chaque fois attir\u00e9 l&rsquo;attention des propri\u00e9taires de chiens sur cette action.<\/span><\/p>\n<p><strong> <span class=\"fontstyle0\">Information aux propri\u00e9taires de chiens<\/span><\/strong><\/p>\n<p><span class=\"fontstyle0\">La situation concernant les d\u00e9jections canines dans le Witi et dans les zones d&rsquo;habitation s&rsquo;est heureusement am\u00e9lior\u00e9e depuis le d\u00e9but de l&rsquo;action \u00ab\u00a0Bords de routes propres\u00a0\u00bb. Cependant, il y a toujours des plaintes concernant les d\u00e9chets laiss\u00e9s par les chiens, en particulier dans les zones urbaines. Les services comp\u00e9tents de la commune de Lengnau ont \u00e9galement constat\u00e9 une nouvelle d\u00e9t\u00e9rioration de la situation ces derniers temps.  <\/span><\/p>\n<p><span class=\"fontstyle0\"><a href=\"https:\/\/www.lengnau.ch\/wp-content\/uploads\/2024\/04\/Robidog.jpg\" target=\"_blank\" rel=\"noopener\"><img loading=\"lazy\" decoding=\"async\" class=\"alignright wp-image-13039\" src=\"https:\/\/www.lengnau.ch\/wp-content\/uploads\/2024\/04\/Robidog.jpg\" alt=\"\" width=\"160\" height=\"160\" srcset=\"https:\/\/www.lengnau.ch\/wp-content\/uploads\/2024\/04\/Robidog.jpg 500w, https:\/\/www.lengnau.ch\/wp-content\/uploads\/2024\/04\/Robidog-300x300.jpg 300w, https:\/\/www.lengnau.ch\/wp-content\/uploads\/2024\/04\/Robidog-150x150.jpg 150w\" sizes=\"auto, (max-width: 160px) 100vw, 160px\" \/><\/a>Les p\u00e2turages et les prairies locales servent de base \u00e0 l&rsquo;alimentation de divers animaux d&rsquo;\u00e9levage. La contamination du fourrage par les d\u00e9jections canines constitue un risque majeur pour la sant\u00e9 des animaux, en particulier pour les bovins en gestation. Les propri\u00e9taires de chiens doivent donc tenir leur animal en laisse, rester sur les chemins et ramasser les d\u00e9jections canines. Il existe actuellement 48 conteneurs Robidog sur le territoire de la commune de Lengnau, qui sont d&rsquo;ailleurs largement utilis\u00e9s pour l&rsquo;\u00e9limination des d\u00e9chets.<\/span><\/p>\n<p><span class=\"fontstyle0\">Nous remercions vivement les propri\u00e9taires de chiens qui \u00e9liminent d\u00e9j\u00e0 les d\u00e9jections canines de mani\u00e8re appropri\u00e9e.  <\/span><\/p>\n<p><strong> <span class=\"fontstyle0\">Informations pour les propri\u00e9taires de chevaux, les cavaliers et les meneurs<\/span><\/strong><\/p>\n<p>Des plaintes isol\u00e9es ont \u00e9galement \u00e9t\u00e9 d\u00e9pos\u00e9es au sujet de l&rsquo;abandon de chevaux sur les routes. Dans la mesure du possible, les crottins des chevaux doivent \u00eatre enlev\u00e9s ou, si n\u00e9cessaire, pouss\u00e9s sur le c\u00f4t\u00e9 de la route. Pour \u00e9viter toute contamination, il est possible d&rsquo;utiliser un sac de ramassage du crottin de cheval. Diff\u00e9rents mod\u00e8les sont disponibles, aussi bien pour les chevaux avec cavalier(s) que pour les chevaux de cal\u00e8che.<\/p>\n<table style=\"width: 100%; border-collapse: collapse;\" border=\"0\">\n<tbody>\n<tr>\n<td style=\"width: 25%;\">\n<p><a href=\"https:\/\/www.lengnau.ch\/wp-content\/uploads\/2024\/04\/Pferdeaepfel-Auffangsack-Fahrer-scaled.jpg\" target=\"_blank\" rel=\"noopener\"><img loading=\"lazy\" decoding=\"async\" class=\"alignnone wp-image-13043 size-medium\" src=\"https:\/\/www.lengnau.ch\/wp-content\/uploads\/2024\/04\/Pferdeaepfel-Auffangsack-Fahrer-scaled-e1714037268517.jpg\" alt=\"\" width=\"188\" height=\"300\" srcset=\"https:\/\/www.lengnau.ch\/wp-content\/uploads\/2024\/04\/Pferdeaepfel-Auffangsack-Fahrer-scaled-e1714037268517.jpg 1211w, https:\/\/www.lengnau.ch\/wp-content\/uploads\/2024\/04\/Pferdeaepfel-Auffangsack-Fahrer-scaled-e1714037268517-188x300.jpg 188w, https:\/\/www.lengnau.ch\/wp-content\/uploads\/2024\/04\/Pferdeaepfel-Auffangsack-Fahrer-scaled-e1714037268517-642x1024.jpg 642w, https:\/\/www.lengnau.ch\/wp-content\/uploads\/2024\/04\/Pferdeaepfel-Auffangsack-Fahrer-scaled-e1714037268517-768x1225.jpg 768w, https:\/\/www.lengnau.ch\/wp-content\/uploads\/2024\/04\/Pferdeaepfel-Auffangsack-Fahrer-scaled-e1714037268517-963x1536.jpg 963w\" sizes=\"auto, (max-width: 188px) 100vw, 188px\" \/><\/a><\/p>\n<p><em>Photo : Daniel von Burg<\/em><\/td>\n<td style=\"width: 75%; vertical-align: top;\">\n<p><a style=\"font-family: inherit; font-size: inherit;\" href=\"https:\/\/www.lengnau.ch\/wp-content\/uploads\/2024\/04\/Pferdeaepfel_Auffangsack_Reiter-300x200.jpg\" target=\"_blank\" rel=\"noopener\"><img loading=\"lazy\" decoding=\"async\" class=\"alignnone wp-image-13035 size-medium\" src=\"https:\/\/www.lengnau.ch\/wp-content\/uploads\/2024\/04\/Pferdeaepfel_Auffangsack_Reiter-300x200.jpg\" alt=\"\" width=\"300\" height=\"200\" srcset=\"https:\/\/www.lengnau.ch\/wp-content\/uploads\/2024\/04\/Pferdeaepfel_Auffangsack_Reiter-300x200.jpg 300w, https:\/\/www.lengnau.ch\/wp-content\/uploads\/2024\/04\/Pferdeaepfel_Auffangsack_Reiter-768x513.jpg 768w, https:\/\/www.lengnau.ch\/wp-content\/uploads\/2024\/04\/Pferdeaepfel_Auffangsack_Reiter.jpg 1022w\" sizes=\"auto, (max-width: 300px) 100vw, 300px\" \/><\/a><\/p>\n<p><em>Photo : zvg<\/em><\/p>\n<p>&nbsp;<\/p>\n<p>Les sacs de ramassage pour chevaux de cal\u00e8che et de selle permettent de recueillir les crottins des chevaux.<\/td>\n<\/tr>\n<\/tbody>\n<\/table>\n<p><span class=\"fontstyle0\">En ce qui concerne la d\u00e9tention des animaux, nous attirons votre attention sur le r\u00e8glement de la police locale de la commune de Lengnau du 3 d\u00e9cembre 2009. Les manquements peuvent \u00eatre sanctionn\u00e9s en cons\u00e9quence.<\/span><\/p>\n<p><span class=\"fontstyle0\">Outre les directives, r\u00e8glements et ordonnances communaux, les lois et ordonnances f\u00e9d\u00e9rales et cantonales relatives \u00e0 l&rsquo;\u00e9levage des animaux doivent \u00e9galement \u00eatre respect\u00e9es.<\/span><\/p>\n<p><span class=\"fontstyle0\">Nous vous remercions de respecter les dispositions l\u00e9gales et de faire preuve de consid\u00e9ration &#8211; les promeneurs et les <\/span><span class=\"fontstyle0\">riverains vous en remercient.<\/span><\/p>\n<h2><span class=\"fontstyle0\">Extrait du r\u00e8glement de la police locale de la commune de Lengnau<\/span><\/h2>\n<p> <strong> <span class=\"fontstyle0\">Art. 12 Principe<br \/>\n<\/span><\/strong>\u00b9  <span class=\"fontstyle0\">Les dispositions de la loi sur la protection des animaux s&rsquo;appliquent \u00e0 l&rsquo;\u00e9levage des animaux. Les animaux doivent \u00eatre \u00e9lev\u00e9s de mani\u00e8re \u00e0 ce que  <\/span><span class=\"fontstyle0\">personne <\/span><span class=\"fontstyle0\">par le bruit, les odeurs <\/span><span class=\"fontstyle0\">ou par le comportement d&rsquo;animaux et qu&rsquo;aucune personne ne soit incommod\u00e9e. <\/span><span class=\"fontstyle0\">les personnes, les animaux et les biens soient mis en danger ou subissent des dommages <\/span><span class=\"fontstyle0\">ne sont pas autoris\u00e9s.<\/span><\/p>\n<p><span class=\"fontstyle0\">\u00b2 <\/span><span class=\"fontstyle0\">Les d\u00e9tenteurs d&rsquo;animaux doivent veiller \u00e0 ce que <\/span><span class=\"fontstyle0\">leurs animaux n&rsquo;endommagent pas les b\u00e2timents, les trottoirs, <\/span><span class=\"fontstyle0\">les parcs et les installations sportives, les aires de jeux, les jardins d&rsquo;autrui et les cultures agricoles. <\/span><span class=\"fontstyle0\">Si un animal fait ses besoins dans un endroit <\/span><span class=\"fontstyle0\">dans un endroit inappropri\u00e9, le propri\u00e9taire doit imm\u00e9diatement ramasser les excr\u00e9ments.<\/span><\/p>\n<p><span class=\"fontstyle0\">\u00b3 <\/span><span class=\"fontstyle0\">Les animaux de p\u00e2turage peuvent porter des cloches.<\/span><\/p>\n<p><strong><br \/>\n  <span class=\"fontstyle2\">Art. 13 D\u00e9tention de chiens<br \/>\n<\/span><br \/>\n<\/strong><span class=\"fontstyle0\">\u00b9 <\/span><span class=\"fontstyle0\">Les chiens ne doivent pas \u00eatre laiss\u00e9s sur le domaine public <\/span><span class=\"fontstyle0\">pas \u00eatre laiss\u00e9s en libert\u00e9 sans surveillance <\/span><span class=\"fontstyle0\">\u00eatre laiss\u00e9s en libert\u00e9.<\/span><\/p>\n<p><span class=\"fontstyle0\">\u00b2 <\/span><span class=\"fontstyle0\">L&rsquo;organe comp\u00e9tent de la police locale peut, par voie d&rsquo;arr\u00eat\u00e9 g\u00e9n\u00e9ral, ordonner la fermeture d&rsquo;un site.<\/span><span class=\"fontstyle0\">endroits, places et voies de circulation<\/span><span class=\"fontstyle0\">d\u00e9signer les endroits o\u00f9 les chiens doivent \u00eatre tenus en <\/span><span class=\"fontstyle0\">Les chiens doivent \u00eatre tenus en laisse (obligation de tenir les chiens en laisse).<\/span><\/p>\n<p><span class=\"fontstyle0\">\u00b3 <\/span><span class=\"fontstyle0\">Lorsqu&rsquo;un chien est dangereux ou agressif, la police locale peut, dans le cadre de la l\u00e9gislation <\/span><span class=\"fontstyle0\">dans le cadre de la l\u00e9gislation sur la protection des animaux, sur la base de l&rsquo;article 1, alin\u00e9a 1, lettre a de la loi sur la police du 08 juin 1997, ordonne d&rsquo;autres mesures appropri\u00e9es.<\/span><\/p>\n<p><strong><br \/>\n  <span class=\"fontstyle2\">Art. 15 Equitation sur la voie publique<br \/>\n<\/span><br \/>\n<\/strong><span class=\"fontstyle0\">\u00b9 <\/span><span class=\"fontstyle0\">L&rsquo;organe comp\u00e9tent de la police locale peut, par voie d&rsquo;ordonnance g\u00e9n\u00e9rale, ordonner \u00e0 des<\/span><span class=\"fontstyle0\">l&rsquo;\u00e9quitation sur les routes et les chemins communaux afin d&rsquo;\u00e9viter les accidents. <\/span><span class=\"fontstyle0\">Les autorit\u00e9s comp\u00e9tentes peuvent restreindre l&rsquo;acc\u00e8s \u00e0 la voie publique.<\/span><\/p>\n<p><span class=\"fontstyle0\">\u00b2 <\/span><span class=\"fontstyle0\">Les cavaliers et les meneurs de chevaux <\/span><span class=\"fontstyle0\">sont tenus d&rsquo;\u00e9vacuer les excr\u00e9ments de leurs chevaux dans les zones habit\u00e9es <\/span><span class=\"fontstyle0\">sur les voies publiques, les places <\/span><span class=\"fontstyle0\">et les trottoirs imm\u00e9diatement, au plus tard<\/span><span class=\"fontstyle0\">Les propri\u00e9taires de chevaux doivent les enlever au plus tard apr\u00e8s 4 heures.<\/span><\/p>\n","protected":false},"excerpt":{"rendered":"<p>Les abandons de chiens et de chevaux sur les routes et les chemins donnent souvent lieu \u00e0 des r\u00e9clamations. Les personnes qui prom\u00e8nent des chiens et des chevaux sont pri\u00e9es de se d\u00e9barrasser de leurs \u00ab\u00a0affaires\u00a0\u00bb de mani\u00e8re appropri\u00e9e. Lengnau a introduit l&rsquo;action Bords de route propres \u00e0 partir de 2018. Avec l&rsquo;aide du service [&hellip;]<\/p>\n","protected":false},"author":14,"featured_media":0,"comment_status":"closed","ping_status":"open","sticky":false,"template":"","format":"standard","meta":{"_acf_changed":false,"_relevanssi_hide_post":"","_relevanssi_hide_content":"","_relevanssi_pin_for_all":"","_relevanssi_pin_keywords":"","_relevanssi_unpin_keywords":"","_relevanssi_related_keywords":"","_relevanssi_related_include_ids":"","_relevanssi_related_exclude_ids":"","_relevanssi_related_no_append":"","_relevanssi_related_not_related":"","_relevanssi_related_posts":"","_relevanssi_noindex_reason":"","footnotes":""},"categories":[74,28,76],"tags":[],"class_list":["post-13034","post","type-post","status-publish","format-standard","hentry","category-aktuelles","category-frontseite","category-medienmitteilungen"],"acf":[],"yoast_head":"<!-- This site is optimized with the Yoast SEO plugin v27.4 - https:\/\/yoast.com\/product\/yoast-seo-wordpress\/ -->\n<title>Pour un environnement propre - Gemeinde Lengnau<\/title>\n<meta name=\"robots\" content=\"index, follow, max-snippet:-1, max-image-preview:large, max-video-preview:-1\" \/>\n<link rel=\"canonical\" href=\"https:\/\/www.lengnau.ch\/fr\/2024\/04\/pour-un-environnement-propre\/\" \/>\n<meta property=\"og:locale\" content=\"fr_FR\" \/>\n<meta property=\"og:type\" content=\"article\" \/>\n<meta property=\"og:title\" content=\"Pour un environnement propre - Gemeinde Lengnau\" \/>\n<meta property=\"og:description\" content=\"Les abandons de chiens et de chevaux sur les routes et les chemins donnent souvent lieu \u00e0 des r\u00e9clamations. Les personnes qui prom\u00e8nent des chiens et des chevaux sont pri\u00e9es de se d\u00e9barrasser de leurs \u00ab\u00a0affaires\u00a0\u00bb de mani\u00e8re appropri\u00e9e. Lengnau a introduit l&rsquo;action Bords de route propres \u00e0 partir de 2018. Avec l&rsquo;aide du service [&hellip;]\" \/>\n<meta property=\"og:url\" content=\"https:\/\/www.lengnau.ch\/fr\/2024\/04\/pour-un-environnement-propre\/\" \/>\n<meta property=\"og:site_name\" content=\"Gemeinde Lengnau\" \/>\n<meta property=\"article:published_time\" content=\"2024-04-26T06:32:36+00:00\" \/>\n<meta property=\"article:modified_time\" content=\"2024-04-29T07:22:57+00:00\" \/>\n<meta property=\"og:image\" content=\"https:\/\/www.lengnau.ch\/wp-content\/uploads\/2024\/04\/Plakat_Fuer_eine_saubere_Umwelt.jpg\" \/>\n<meta name=\"author\" content=\"Fabienne Burri\" \/>\n<meta name=\"twitter:card\" content=\"summary_large_image\" \/>\n<script type=\"application\/ld+json\" class=\"yoast-schema-graph\">{\"@context\":\"https:\\\/\\\/schema.org\",\"@graph\":[{\"@type\":\"Article\",\"@id\":\"https:\\\/\\\/www.lengnau.ch\\\/fr\\\/2024\\\/04\\\/pour-un-environnement-propre\\\/#article\",\"isPartOf\":{\"@id\":\"https:\\\/\\\/www.lengnau.ch\\\/fr\\\/2024\\\/04\\\/pour-un-environnement-propre\\\/\"},\"author\":{\"name\":\"Fabienne Burri\",\"@id\":\"https:\\\/\\\/www.lengnau.ch\\\/#\\\/schema\\\/person\\\/3b540f564f973e8fb35e9aaaf540e53c\"},\"headline\":\"Pour un environnement propre\",\"datePublished\":\"2024-04-26T06:32:36+00:00\",\"dateModified\":\"2024-04-29T07:22:57+00:00\",\"mainEntityOfPage\":{\"@id\":\"https:\\\/\\\/www.lengnau.ch\\\/fr\\\/2024\\\/04\\\/pour-un-environnement-propre\\\/\"},\"wordCount\":897,\"image\":{\"@id\":\"https:\\\/\\\/www.lengnau.ch\\\/fr\\\/2024\\\/04\\\/pour-un-environnement-propre\\\/#primaryimage\"},\"thumbnailUrl\":\"https:\\\/\\\/www.lengnau.ch\\\/wp-content\\\/uploads\\\/2024\\\/04\\\/Plakat_Fuer_eine_saubere_Umwelt.jpg\",\"articleSection\":[\"Aktuelles\",\"Frontseite\",\"Medienmitteilungen\"],\"inLanguage\":\"fr-FR\"},{\"@type\":\"WebPage\",\"@id\":\"https:\\\/\\\/www.lengnau.ch\\\/fr\\\/2024\\\/04\\\/pour-un-environnement-propre\\\/\",\"url\":\"https:\\\/\\\/www.lengnau.ch\\\/fr\\\/2024\\\/04\\\/pour-un-environnement-propre\\\/\",\"name\":\"Pour un environnement propre - Gemeinde Lengnau\",\"isPartOf\":{\"@id\":\"https:\\\/\\\/www.lengnau.ch\\\/#website\"},\"primaryImageOfPage\":{\"@id\":\"https:\\\/\\\/www.lengnau.ch\\\/fr\\\/2024\\\/04\\\/pour-un-environnement-propre\\\/#primaryimage\"},\"image\":{\"@id\":\"https:\\\/\\\/www.lengnau.ch\\\/fr\\\/2024\\\/04\\\/pour-un-environnement-propre\\\/#primaryimage\"},\"thumbnailUrl\":\"https:\\\/\\\/www.lengnau.ch\\\/wp-content\\\/uploads\\\/2024\\\/04\\\/Plakat_Fuer_eine_saubere_Umwelt.jpg\",\"datePublished\":\"2024-04-26T06:32:36+00:00\",\"dateModified\":\"2024-04-29T07:22:57+00:00\",\"author\":{\"@id\":\"https:\\\/\\\/www.lengnau.ch\\\/#\\\/schema\\\/person\\\/3b540f564f973e8fb35e9aaaf540e53c\"},\"breadcrumb\":{\"@id\":\"https:\\\/\\\/www.lengnau.ch\\\/fr\\\/2024\\\/04\\\/pour-un-environnement-propre\\\/#breadcrumb\"},\"inLanguage\":\"fr-FR\",\"potentialAction\":[{\"@type\":\"ReadAction\",\"target\":[\"https:\\\/\\\/www.lengnau.ch\\\/fr\\\/2024\\\/04\\\/pour-un-environnement-propre\\\/\"]}]},{\"@type\":\"ImageObject\",\"inLanguage\":\"fr-FR\",\"@id\":\"https:\\\/\\\/www.lengnau.ch\\\/fr\\\/2024\\\/04\\\/pour-un-environnement-propre\\\/#primaryimage\",\"url\":\"https:\\\/\\\/www.lengnau.ch\\\/wp-content\\\/uploads\\\/2024\\\/04\\\/Plakat_Fuer_eine_saubere_Umwelt.jpg\",\"contentUrl\":\"https:\\\/\\\/www.lengnau.ch\\\/wp-content\\\/uploads\\\/2024\\\/04\\\/Plakat_Fuer_eine_saubere_Umwelt.jpg\"},{\"@type\":\"BreadcrumbList\",\"@id\":\"https:\\\/\\\/www.lengnau.ch\\\/fr\\\/2024\\\/04\\\/pour-un-environnement-propre\\\/#breadcrumb\",\"itemListElement\":[{\"@type\":\"ListItem\",\"position\":1,\"name\":\"Home\",\"item\":\"https:\\\/\\\/www.lengnau.ch\\\/fr\\\/\"},{\"@type\":\"ListItem\",\"position\":2,\"name\":\"Pour un environnement propre\"}]},{\"@type\":\"WebSite\",\"@id\":\"https:\\\/\\\/www.lengnau.ch\\\/#website\",\"url\":\"https:\\\/\\\/www.lengnau.ch\\\/\",\"name\":\"Gemeinde Lengnau\",\"description\":\"\",\"potentialAction\":[{\"@type\":\"SearchAction\",\"target\":{\"@type\":\"EntryPoint\",\"urlTemplate\":\"https:\\\/\\\/www.lengnau.ch\\\/?s={search_term_string}\"},\"query-input\":{\"@type\":\"PropertyValueSpecification\",\"valueRequired\":true,\"valueName\":\"search_term_string\"}}],\"inLanguage\":\"fr-FR\"},{\"@type\":\"Person\",\"@id\":\"https:\\\/\\\/www.lengnau.ch\\\/#\\\/schema\\\/person\\\/3b540f564f973e8fb35e9aaaf540e53c\",\"name\":\"Fabienne Burri\",\"url\":\"https:\\\/\\\/www.lengnau.ch\\\/fr\\\/author\\\/fabienne-burrilengnau-ch\\\/\"}]}<\/script>\n<!-- \/ Yoast SEO plugin. -->","yoast_head_json":{"title":"Pour un environnement propre - Gemeinde Lengnau","robots":{"index":"index","follow":"follow","max-snippet":"max-snippet:-1","max-image-preview":"max-image-preview:large","max-video-preview":"max-video-preview:-1"},"canonical":"https:\/\/www.lengnau.ch\/fr\/2024\/04\/pour-un-environnement-propre\/","og_locale":"fr_FR","og_type":"article","og_title":"Pour un environnement propre - Gemeinde Lengnau","og_description":"Les abandons de chiens et de chevaux sur les routes et les chemins donnent souvent lieu \u00e0 des r\u00e9clamations. Les personnes qui prom\u00e8nent des chiens et des chevaux sont pri\u00e9es de se d\u00e9barrasser de leurs \u00ab\u00a0affaires\u00a0\u00bb de mani\u00e8re appropri\u00e9e. Lengnau a introduit l&rsquo;action Bords de route propres \u00e0 partir de 2018. Avec l&rsquo;aide du service [&hellip;]","og_url":"https:\/\/www.lengnau.ch\/fr\/2024\/04\/pour-un-environnement-propre\/","og_site_name":"Gemeinde Lengnau","article_published_time":"2024-04-26T06:32:36+00:00","article_modified_time":"2024-04-29T07:22:57+00:00","og_image":[{"url":"https:\/\/www.lengnau.ch\/wp-content\/uploads\/2024\/04\/Plakat_Fuer_eine_saubere_Umwelt.jpg","type":"","width":"","height":""}],"author":"Fabienne Burri","twitter_card":"summary_large_image","schema":{"@context":"https:\/\/schema.org","@graph":[{"@type":"Article","@id":"https:\/\/www.lengnau.ch\/fr\/2024\/04\/pour-un-environnement-propre\/#article","isPartOf":{"@id":"https:\/\/www.lengnau.ch\/fr\/2024\/04\/pour-un-environnement-propre\/"},"author":{"name":"Fabienne Burri","@id":"https:\/\/www.lengnau.ch\/#\/schema\/person\/3b540f564f973e8fb35e9aaaf540e53c"},"headline":"Pour un environnement propre","datePublished":"2024-04-26T06:32:36+00:00","dateModified":"2024-04-29T07:22:57+00:00","mainEntityOfPage":{"@id":"https:\/\/www.lengnau.ch\/fr\/2024\/04\/pour-un-environnement-propre\/"},"wordCount":897,"image":{"@id":"https:\/\/www.lengnau.ch\/fr\/2024\/04\/pour-un-environnement-propre\/#primaryimage"},"thumbnailUrl":"https:\/\/www.lengnau.ch\/wp-content\/uploads\/2024\/04\/Plakat_Fuer_eine_saubere_Umwelt.jpg","articleSection":["Aktuelles","Frontseite","Medienmitteilungen"],"inLanguage":"fr-FR"},{"@type":"WebPage","@id":"https:\/\/www.lengnau.ch\/fr\/2024\/04\/pour-un-environnement-propre\/","url":"https:\/\/www.lengnau.ch\/fr\/2024\/04\/pour-un-environnement-propre\/","name":"Pour un environnement propre - Gemeinde Lengnau","isPartOf":{"@id":"https:\/\/www.lengnau.ch\/#website"},"primaryImageOfPage":{"@id":"https:\/\/www.lengnau.ch\/fr\/2024\/04\/pour-un-environnement-propre\/#primaryimage"},"image":{"@id":"https:\/\/www.lengnau.ch\/fr\/2024\/04\/pour-un-environnement-propre\/#primaryimage"},"thumbnailUrl":"https:\/\/www.lengnau.ch\/wp-content\/uploads\/2024\/04\/Plakat_Fuer_eine_saubere_Umwelt.jpg","datePublished":"2024-04-26T06:32:36+00:00","dateModified":"2024-04-29T07:22:57+00:00","author":{"@id":"https:\/\/www.lengnau.ch\/#\/schema\/person\/3b540f564f973e8fb35e9aaaf540e53c"},"breadcrumb":{"@id":"https:\/\/www.lengnau.ch\/fr\/2024\/04\/pour-un-environnement-propre\/#breadcrumb"},"inLanguage":"fr-FR","potentialAction":[{"@type":"ReadAction","target":["https:\/\/www.lengnau.ch\/fr\/2024\/04\/pour-un-environnement-propre\/"]}]},{"@type":"ImageObject","inLanguage":"fr-FR","@id":"https:\/\/www.lengnau.ch\/fr\/2024\/04\/pour-un-environnement-propre\/#primaryimage","url":"https:\/\/www.lengnau.ch\/wp-content\/uploads\/2024\/04\/Plakat_Fuer_eine_saubere_Umwelt.jpg","contentUrl":"https:\/\/www.lengnau.ch\/wp-content\/uploads\/2024\/04\/Plakat_Fuer_eine_saubere_Umwelt.jpg"},{"@type":"BreadcrumbList","@id":"https:\/\/www.lengnau.ch\/fr\/2024\/04\/pour-un-environnement-propre\/#breadcrumb","itemListElement":[{"@type":"ListItem","position":1,"name":"Home","item":"https:\/\/www.lengnau.ch\/fr\/"},{"@type":"ListItem","position":2,"name":"Pour un environnement propre"}]},{"@type":"WebSite","@id":"https:\/\/www.lengnau.ch\/#website","url":"https:\/\/www.lengnau.ch\/","name":"Gemeinde Lengnau","description":"","potentialAction":[{"@type":"SearchAction","target":{"@type":"EntryPoint","urlTemplate":"https:\/\/www.lengnau.ch\/?s={search_term_string}"},"query-input":{"@type":"PropertyValueSpecification","valueRequired":true,"valueName":"search_term_string"}}],"inLanguage":"fr-FR"},{"@type":"Person","@id":"https:\/\/www.lengnau.ch\/#\/schema\/person\/3b540f564f973e8fb35e9aaaf540e53c","name":"Fabienne Burri","url":"https:\/\/www.lengnau.ch\/fr\/author\/fabienne-burrilengnau-ch\/"}]}},"publishpress_future_action":{"enabled":false,"date":"2026-05-07 14:12:29","action":"change-status","newStatus":"draft","terms":[],"taxonomy":"category","extraData":[]},"publishpress_future_workflow_manual_trigger":{"enabledWorkflows":[]},"_links":{"self":[{"href":"https:\/\/www.lengnau.ch\/fr\/wp-json\/wp\/v2\/posts\/13034","targetHints":{"allow":["GET"]}}],"collection":[{"href":"https:\/\/www.lengnau.ch\/fr\/wp-json\/wp\/v2\/posts"}],"about":[{"href":"https:\/\/www.lengnau.ch\/fr\/wp-json\/wp\/v2\/types\/post"}],"author":[{"embeddable":true,"href":"https:\/\/www.lengnau.ch\/fr\/wp-json\/wp\/v2\/users\/14"}],"replies":[{"embeddable":true,"href":"https:\/\/www.lengnau.ch\/fr\/wp-json\/wp\/v2\/comments?post=13034"}],"version-history":[{"count":3,"href":"https:\/\/www.lengnau.ch\/fr\/wp-json\/wp\/v2\/posts\/13034\/revisions"}],"predecessor-version":[{"id":13139,"href":"https:\/\/www.lengnau.ch\/fr\/wp-json\/wp\/v2\/posts\/13034\/revisions\/13139"}],"wp:attachment":[{"href":"https:\/\/www.lengnau.ch\/fr\/wp-json\/wp\/v2\/media?parent=13034"}],"wp:term":[{"taxonomy":"category","embeddable":true,"href":"https:\/\/www.lengnau.ch\/fr\/wp-json\/wp\/v2\/categories?post=13034"},{"taxonomy":"post_tag","embeddable":true,"href":"https:\/\/www.lengnau.ch\/fr\/wp-json\/wp\/v2\/tags?post=13034"}],"curies":[{"name":"wp","href":"https:\/\/api.w.org\/{rel}","templated":true}]}}