{"id":11670,"date":"2023-11-30T16:24:50","date_gmt":"2023-11-30T15:24:50","guid":{"rendered":"https:\/\/www.lengnau.ch\/?p=11670"},"modified":"2023-12-19T09:02:07","modified_gmt":"2023-12-19T08:02:07","slug":"assemblee-communale-du-30-11-2023-decisions","status":"publish","type":"post","link":"https:\/\/www.lengnau.ch\/fr\/2023\/11\/assemblee-communale-du-30-11-2023-decisions\/","title":{"rendered":"Assembl\u00e9e communale du 30.11.2023 \/ D\u00e9cisions"},"content":{"rendered":"<div class=\"elementStandard elementContent elementText\">\n<p class=\"description\">Lors de l&rsquo;assembl\u00e9e communale de la commune municipale de Lengnau BE, les d\u00e9cisions suivantes ont \u00e9t\u00e9 prises par 115 votants :<\/p>\n<table style=\"width: 100%; border-collapse: collapse;\" border=\"0\">\n<tbody>\n<tr style=\"height: 23px;\">\n<td style=\"width: 3.04822%; height: 23px;\"><strong>1.<\/strong><\/td>\n<td style=\"width: 96.9517%; height: 23px;\"><strong>Compte administratif \/ Budget 2024 \/ Approbation<\/strong><\/td>\n<\/tr>\n<tr>\n<td style=\"width: 3.04822%;\"><strong> <\/strong><\/td>\n<td style=\"width: 96.9517%;\"><strong>D\u00e9cision (105 voix contre 0)<\/strong><\/td>\n<\/tr>\n<tr>\n<td style=\"width: 3.04822%;\"><strong> <\/strong><\/td>\n<td style=\"width: 96.9517%;\">Le budget 2024 est approuv\u00e9 comme suit :<\/td>\n<\/tr>\n<tr>\n<td style=\"width: 3.04822%;\"><strong> <\/strong><\/td>\n<td style=\"width: 96.9517%;\">a) Approbation de l&rsquo;installation fiscale de l&rsquo;imp\u00f4t communal, inchang\u00e9e \u00e0 1,54 unit\u00e9 du taux cantonal<\/td>\n<\/tr>\n<tr>\n<td style=\"width: 3.04822%;\"><strong> <\/strong><\/td>\n<td style=\"width: 96.9517%;\">b) Approbation de l&rsquo;imp\u00f4t foncier inchang\u00e9 \u00e0 1,1\u2030 de la valeur officielle<\/td>\n<\/tr>\n<tr>\n<td style=\"width: 3.04822%;\"><strong> <\/strong><\/td>\n<td style=\"width: 96.9517%;\">c) Approbation du budget 2024 compos\u00e9 de<\/td>\n<\/tr>\n<tr>\n<td style=\"width: 3.04822%;\"><strong> <\/strong><\/td>\n<td style=\"width: 96.9517%;\">\n<table style=\"width: 100%; border-collapse: collapse;\" border=\"0\">\n<tbody>\n<tr style=\"height: 23px;\">\n<td style=\"width: 24.0177%; height: 23px;\"><\/td>\n<td style=\"width: 25.7287%; height: 23px; text-align: right;\"><strong>Charges en Fr.<\/strong><\/td>\n<td style=\"width: 24.493%; height: 23px; text-align: right;\"><strong>Recettes en Fr.<\/strong><\/td>\n<\/tr>\n<tr style=\"height: 23px;\">\n<td style=\"width: 24.0177%; height: 23px;\">Budget g\u00e9n\u00e9ral<\/td>\n<td style=\"width: 25.7287%; height: 23px; text-align: right;\">41&rsquo;710&rsquo;030.00<\/td>\n<td style=\"width: 24.493%; height: 23px; text-align: right;\">40&rsquo;304&rsquo;760.00<\/td>\n<\/tr>\n<tr style=\"height: 23px;\">\n<td style=\"width: 24.0177%; height: 23px;\">Exc\u00e9dent de charges\/produits<\/td>\n<td style=\"width: 25.7287%; text-align: right; height: 23px;\"><\/td>\n<td style=\"width: 24.493%; text-align: right; height: 23px;\">1&rsquo;405&rsquo;270.00<\/td>\n<\/tr>\n<tr style=\"height: 23px;\">\n<td style=\"width: 24.0177%; height: 23px;\">Budget g\u00e9n\u00e9ral<\/td>\n<td style=\"width: 25.7287%; text-align: right; height: 23px;\">28&rsquo;850&rsquo;180.00<\/td>\n<td style=\"width: 24.493%; text-align: right; height: 23px;\">27&rsquo;394&rsquo;010.00<\/td>\n<\/tr>\n<tr style=\"height: 23px;\">\n<td style=\"width: 24.0177%; height: 23px;\">Exc\u00e9dent de charges\/produits<\/td>\n<td style=\"width: 25.7287%; text-align: right; height: 23px;\"><\/td>\n<td style=\"width: 24.493%; text-align: right; height: 23px;\">1&rsquo;456&rsquo;170.00<\/td>\n<\/tr>\n<tr style=\"height: 23px;\">\n<td style=\"width: 24.0177%; height: 23px;\">SF Eau<\/td>\n<td style=\"width: 25.7287%; text-align: right; height: 23px;\">1&rsquo;186&rsquo;500.00<\/td>\n<td style=\"width: 24.493%; text-align: right; height: 23px;\">1&rsquo;272&rsquo;000.00<\/td>\n<\/tr>\n<tr style=\"height: 23px;\">\n<td style=\"width: 24.0177%; height: 23px;\">Exc\u00e9dent de charges\/produits<\/td>\n<td style=\"width: 25.7287%; text-align: right; height: 23px;\">85&rsquo;500.00<\/td>\n<td style=\"width: 24.493%; text-align: right; height: 23px;\"><\/td>\n<\/tr>\n<tr style=\"height: 23px;\">\n<td style=\"width: 24.0177%; height: 23px;\">SF Eaux us\u00e9es<\/td>\n<td style=\"width: 25.7287%; text-align: right; height: 23px;\">1&rsquo;453&rsquo;000.00<\/td>\n<td style=\"width: 24.493%; text-align: right; height: 23px;\">1&rsquo;525&rsquo;700.00<\/td>\n<\/tr>\n<tr style=\"height: 23px;\">\n<td style=\"width: 24.0177%; height: 23px;\">Exc\u00e9dent de charges\/produits<\/td>\n<td style=\"width: 25.7287%; text-align: right; height: 23px;\">71&rsquo;900.00<\/td>\n<td style=\"width: 24.493%; text-align: right; height: 23px;\"><\/td>\n<\/tr>\n<tr style=\"height: 23px;\">\n<td style=\"width: 24.0177%; height: 23px;\">SF D\u00e9chets<\/td>\n<td style=\"width: 25.7287%; text-align: right; height: 23px;\">807&rsquo;800.00<\/td>\n<td style=\"width: 24.493%; text-align: right; height: 23px;\">800&rsquo;350.00<\/td>\n<\/tr>\n<tr style=\"height: 23px;\">\n<td style=\"width: 24.0177%; height: 23px;\">Exc\u00e9dent de charges\/produits<\/td>\n<td style=\"width: 25.7287%; text-align: right; height: 23px;\"><\/td>\n<td style=\"width: 24.493%; text-align: right; height: 23px;\">7&rsquo;450.00<\/td>\n<\/tr>\n<tr style=\"height: 23px;\">\n<td style=\"width: 24.0177%; height: 23px;\">SF \u00c9lectricit\u00e9<\/td>\n<td style=\"width: 25.7287%; text-align: right; height: 23px;\">9&rsquo;325&rsquo;850.00<\/td>\n<td style=\"width: 24.493%; text-align: right; height: 23px;\">9&rsquo;226&rsquo;800.00<\/td>\n<\/tr>\n<tr style=\"height: 23px;\">\n<td style=\"width: 24.0177%; height: 23px;\">Exc\u00e9dent de charges\/produits<\/td>\n<td style=\"width: 25.7287%; text-align: right; height: 23px;\"><\/td>\n<td style=\"width: 24.493%; text-align: right; height: 23px;\">99&rsquo;050.00<\/td>\n<\/tr>\n<\/tbody>\n<\/table>\n<\/td>\n<\/tr>\n<\/tbody>\n<\/table>\n<\/div>\n<div class=\"elementStandard elementContent elementTable\">\n<table style=\"width: 100%; border-collapse: collapse;\" border=\"0\">\n<tbody>\n<tr>\n<td style=\"width: 3.13922%;\"><strong> <\/strong><\/td>\n<td style=\"width: 96.8608%;\"><strong> <\/strong><\/td>\n<\/tr>\n<tr style=\"height: 23px;\">\n<td style=\"width: 3.13922%; height: 23px;\"><strong>2.<\/strong><\/td>\n<td style=\"width: 96.8608%;\"><strong>Immeuble Rolliweg 21 \/ Construction industrielle et commerciale \/ Achat \/ Approbation<\/strong><\/td>\n<\/tr>\n<tr style=\"height: 23px;\">\n<td style=\"width: 3.13922%; height: 23px;\"><strong> <\/strong><\/td>\n<td style=\"width: 96.8608%; height: 23px;\"><strong>D\u00e9cision (95 voix contre 0)<\/strong><\/td>\n<\/tr>\n<tr style=\"height: 23px;\">\n<td style=\"width: 3.13922%; height: 23px;\"><strong> <\/strong><\/td>\n<td style=\"width: 96.8608%; height: 23px;\">Le cr\u00e9dit d&rsquo;engagement de Fr. 1&rsquo;980&rsquo;000.00 pour l&rsquo;achat du bien immobilier Rolliweg 21 est approuv\u00e9.<\/td>\n<\/tr>\n<\/tbody>\n<\/table>\n<\/div>\n<table style=\"width: 100%; border-collapse: collapse;\" border=\"0\">\n<tbody>\n<tr>\n<td style=\"width: 3.13923%;\"><strong> <\/strong><\/td>\n<td style=\"width: 96.8608%;\"><strong> <\/strong><\/td>\n<\/tr>\n<tr style=\"height: 23px;\">\n<td style=\"width: 3.13923%; height: 23px; vertical-align: top;\"><strong>3.<\/strong><\/td>\n<td style=\"width: 96.8608%; height: 23px;\"><strong>R\u00e8glement sur l&rsquo;approvisionnement en eau de la commune municipale de Lengnau BE \/ R\u00e9vision des art. 40 et 41 \/ Adaptation du cadre des taxes \/ Approbation<\/strong><\/td>\n<\/tr>\n<tr style=\"height: 24px;\">\n<td style=\"width: 3.13923%; height: 24px;\"><strong> <\/strong><\/td>\n<td style=\"width: 96.8608%; height: 24px;\"><strong>D\u00e9cision (102 voix contre 0)<\/strong><\/td>\n<\/tr>\n<tr style=\"height: 23px;\">\n<td style=\"width: 3.13923%; height: 23px;\"><strong> <\/strong><\/td>\n<td style=\"width: 96.8608%; height: 23px; vertical-align: top;\">Le r\u00e8glement sur l&rsquo;approvisionnement en eau de la commune municipale de Longeau (art. 40\/41) est modifi\u00e9 comme suit \u00e0 compter du 01.01.2024 :<\/td>\n<\/tr>\n<tr>\n<td style=\"width: 3.13923%;\"><strong> <\/strong><\/td>\n<td style=\"width: 96.8608%;\">\n<table style=\"height: 365px; width: 100%; border-collapse: collapse;\" border=\"0\" cellpadding=\"5px\">\n<tbody>\n<tr style=\"height: 49px;\">\n<td style=\"width: 22.5664%; vertical-align: top; height: 49px;\">Grundgeb\u00fchr<\/td>\n<td style=\"width: 77.323%; height: 49px; vertical-align: top;\"><strong>Art. 40<\/strong> \u00b9 La taxe de base est calcul\u00e9e sur la base du diam\u00e8tre nominal des compteurs d&rsquo;eau install\u00e9s.<\/td>\n<\/tr>\n<tr style=\"height: 95px;\">\n<td style=\"width: 22.5664%; vertical-align: top; height: 95px;\"><\/td>\n<td style=\"width: 77.323%; height: 95px;\">\u00b2 La redevance s&rsquo;\u00e9l\u00e8ve pour les diam\u00e8tres nominaux \u00e0<br \/>\n<strong><em>a<\/em> \u00e0 1&Prime; entre Fr. 135.00 et Fr. 195.00 ;<\/strong><br \/>\n<em><strong>b<\/strong><\/em> <strong>entre 1\u00bc\u00a0\u00bb et 1\u00bd\u00a0\u00bb entre Fr. 400.00 et Fr. 570.00 ;<\/strong><br \/>\n<em><strong>c<\/strong><\/em> <strong>\u00e0 partir de 2&Prime; entre Fr. 670.00 et Fr. 960.00.<\/strong><\/td>\n<\/tr>\n<tr style=\"height: 47px;\">\n<td style=\"width: 22.5664%; vertical-align: top; height: 47px;\"><\/td>\n<td style=\"width: 77.323%; height: 47px;\">\u00b3 La taxe de base est due m\u00eame si aucune eau n&rsquo;est pr\u00e9lev\u00e9e ou si elle ne l&rsquo;est que partiellement (par exemple, les utilisateurs d&rsquo;eau de pluie).<\/td>\n<\/tr>\n<tr style=\"height: 47px;\">\n<td style=\"width: 22.5664%; vertical-align: top; height: 47px;\" scope=\"row\">Frais de consommation suppl\u00e9mentaires<\/td>\n<td style=\"width: 77.323%; height: 47px;\" scope=\"row\"><strong>Art. 41 <\/strong>\u00b9 La taxe de consommation suppl\u00e9mentaire est calcul\u00e9e en fonction de la quantit\u00e9 d&rsquo;eau pr\u00e9lev\u00e9e en m\u00b3.<\/td>\n<\/tr>\n<tr style=\"height: 19px;\">\n<td style=\"width: 22.5664%; vertical-align: top; height: 11px;\" scope=\"row\"><\/td>\n<td style=\"width: 77.323%; vertical-align: top; height: 11px;\" scope=\"row\"><strong>\u00b2 La taxe est comprise entre Fr. 1.00 et Fr. 1,60 par m\u00b3.<\/strong><\/td>\n<\/tr>\n<\/tbody>\n<\/table>\n<\/td>\n<\/tr>\n<\/tbody>\n<\/table>\n<table style=\"width: 100%; border-collapse: collapse;\" border=\"0\">\n<tbody>\n<tr>\n<td style=\"width: 3.13922%;\"><strong> <\/strong><\/td>\n<td style=\"width: 96.8608%;\"><strong> <\/strong><\/td>\n<\/tr>\n<tr style=\"height: 23px;\">\n<td style=\"width: 3.13922%; height: 23px;\"><strong>4.<\/strong><\/td>\n<td style=\"width: 96.8608%; height: 23px;\"><strong>Rigiweg S\u00fcd \/ Conduite d&rsquo;eau \/ Remplacement \/ Cr\u00e9dit \/ Approbation<\/strong><\/td>\n<\/tr>\n<tr style=\"height: 23px;\">\n<td style=\"width: 3.13922%; height: 23px;\"><\/td>\n<td style=\"width: 96.8608%; height: 23px;\"><strong>D\u00e9cision (102 voix contre 0)<\/strong><\/td>\n<\/tr>\n<tr style=\"height: 23px;\">\n<td style=\"width: 3.13922%; height: 23px;\"><\/td>\n<td style=\"width: 96.8608%; height: 23px;\">Le cr\u00e9dit d&rsquo;engagement de Fr. 330&rsquo;000.00 pour le remplacement de la conduite d&rsquo;eau au Rigiweg Sud et au Denkmalweg Est est approuv\u00e9.<\/td>\n<\/tr>\n<tr>\n<td style=\"width: 3.13922%;\"><strong> <\/strong><\/td>\n<td style=\"width: 96.8608%;\"><strong> <\/strong><\/td>\n<\/tr>\n<tr style=\"height: 23px;\">\n<td style=\"width: 3.13922%; height: 23px;\"><strong>5.<\/strong><\/td>\n<td style=\"width: 96.8608%; height: 23px;\"><strong>Triple salle de sport Campus Dorf \/ D\u00e9compte de cr\u00e9dit \/ Prise de connaissance <\/strong><\/td>\n<\/tr>\n<tr style=\"height: 23px;\">\n<td style=\"width: 3.13922%; height: 23px;\"><strong> <\/strong><\/td>\n<td style=\"width: 96.8608%; height: 23px;\">Le d\u00e9passement de cr\u00e9dit de Fr. 1&rsquo;048&rsquo;601.25 pour le projet de construction d&rsquo;une nouvelle salle de sport est pris en compte.<\/td>\n<\/tr>\n<tr>\n<td style=\"width: 3.13922%;\"><strong> <\/strong><\/td>\n<td style=\"width: 96.8608%;\"><strong> <\/strong><\/td>\n<\/tr>\n<tr style=\"height: 23px;\">\n<td style=\"width: 3.13922%; height: 23px;\"><strong>6.<\/strong><\/td>\n<td style=\"width: 96.8608%; height: 23px;\"><strong>Informations<\/strong><\/td>\n<\/tr>\n<tr>\n<td style=\"width: 3.13922%;\"><strong> <\/strong><\/td>\n<td style=\"width: 96.8608%;\"><strong> <\/strong><\/td>\n<\/tr>\n<tr style=\"height: 23px;\">\n<td style=\"width: 3.13922%; height: 23px;\"><strong>7.<\/strong><\/td>\n<td style=\"width: 96.8608%; height: 23px;\"><strong>Divers<\/strong><\/td>\n<\/tr>\n<\/tbody>\n<\/table>\n<h2>En savoir plus sur le sujet<\/h2>\n<p><a href=\"https:\/\/www.lengnau.ch\/wp-content\/uploads\/2023\/12\/Protokoll_20231130_Internet.pdf\" target=\"_blank\" rel=\"noopener\">Proc\u00e8s-verbal de l&rsquo;assembl\u00e9e communale du 30.11.2023<\/a><\/p>\n","protected":false},"excerpt":{"rendered":"<p>Lors de l&rsquo;assembl\u00e9e communale de la commune municipale de Lengnau BE, les d\u00e9cisions suivantes ont \u00e9t\u00e9 prises par 115 votants : 1. Compte administratif \/ Budget 2024 \/ Approbation D\u00e9cision (105 voix contre 0) Le budget 2024 est approuv\u00e9 comme suit : a) Approbation de l&rsquo;installation fiscale de l&rsquo;imp\u00f4t communal, inchang\u00e9e \u00e0 1,54 unit\u00e9 du [&hellip;]<\/p>\n","protected":false},"author":14,"featured_media":0,"comment_status":"closed","ping_status":"open","sticky":false,"template":"","format":"standard","meta":{"_acf_changed":false,"_relevanssi_hide_post":"","_relevanssi_hide_content":"","_relevanssi_pin_for_all":"","_relevanssi_pin_keywords":"","_relevanssi_unpin_keywords":"","_relevanssi_related_keywords":"","_relevanssi_related_include_ids":"","_relevanssi_related_exclude_ids":"","_relevanssi_related_no_append":"","_relevanssi_related_not_related":"","_relevanssi_related_posts":"","_relevanssi_noindex_reason":"","footnotes":""},"categories":[74,28,76],"tags":[],"class_list":["post-11670","post","type-post","status-publish","format-standard","hentry","category-aktuelles","category-frontseite","category-medienmitteilungen"],"acf":[],"yoast_head":"<!-- This site is optimized with the Yoast SEO plugin v27.4 - https:\/\/yoast.com\/product\/yoast-seo-wordpress\/ -->\n<title>Assembl\u00e9e communale du 30.11.2023 \/ D\u00e9cisions - Gemeinde Lengnau<\/title>\n<meta name=\"robots\" content=\"index, follow, max-snippet:-1, max-image-preview:large, max-video-preview:-1\" \/>\n<link rel=\"canonical\" href=\"https:\/\/www.lengnau.ch\/fr\/2023\/11\/assemblee-communale-du-30-11-2023-decisions\/\" \/>\n<meta property=\"og:locale\" content=\"fr_FR\" \/>\n<meta property=\"og:type\" content=\"article\" \/>\n<meta property=\"og:title\" content=\"Assembl\u00e9e communale du 30.11.2023 \/ D\u00e9cisions - Gemeinde Lengnau\" \/>\n<meta property=\"og:description\" content=\"Lors de l&rsquo;assembl\u00e9e communale de la commune municipale de Lengnau BE, les d\u00e9cisions suivantes ont \u00e9t\u00e9 prises par 115 votants : 1. Compte administratif \/ Budget 2024 \/ Approbation D\u00e9cision (105 voix contre 0) Le budget 2024 est approuv\u00e9 comme suit : a) Approbation de l&rsquo;installation fiscale de l&rsquo;imp\u00f4t communal, inchang\u00e9e \u00e0 1,54 unit\u00e9 du [&hellip;]\" \/>\n<meta property=\"og:url\" content=\"https:\/\/www.lengnau.ch\/fr\/2023\/11\/assemblee-communale-du-30-11-2023-decisions\/\" \/>\n<meta property=\"og:site_name\" content=\"Gemeinde Lengnau\" \/>\n<meta property=\"article:published_time\" content=\"2023-11-30T15:24:50+00:00\" \/>\n<meta property=\"article:modified_time\" content=\"2023-12-19T08:02:07+00:00\" \/>\n<meta name=\"author\" content=\"Fabienne Burri\" \/>\n<meta name=\"twitter:card\" content=\"summary_large_image\" \/>\n<script type=\"application\/ld+json\" class=\"yoast-schema-graph\">{\"@context\":\"https:\\\/\\\/schema.org\",\"@graph\":[{\"@type\":\"Article\",\"@id\":\"https:\\\/\\\/www.lengnau.ch\\\/fr\\\/2023\\\/11\\\/assemblee-communale-du-30-11-2023-decisions\\\/#article\",\"isPartOf\":{\"@id\":\"https:\\\/\\\/www.lengnau.ch\\\/fr\\\/2023\\\/11\\\/assemblee-communale-du-30-11-2023-decisions\\\/\"},\"author\":{\"name\":\"Fabienne Burri\",\"@id\":\"https:\\\/\\\/www.lengnau.ch\\\/#\\\/schema\\\/person\\\/3b540f564f973e8fb35e9aaaf540e53c\"},\"headline\":\"Assembl\u00e9e communale du 30.11.2023 \\\/ D\u00e9cisions\",\"datePublished\":\"2023-11-30T15:24:50+00:00\",\"dateModified\":\"2023-12-19T08:02:07+00:00\",\"mainEntityOfPage\":{\"@id\":\"https:\\\/\\\/www.lengnau.ch\\\/fr\\\/2023\\\/11\\\/assemblee-communale-du-30-11-2023-decisions\\\/\"},\"wordCount\":439,\"articleSection\":[\"Aktuelles\",\"Frontseite\",\"Medienmitteilungen\"],\"inLanguage\":\"fr-FR\"},{\"@type\":\"WebPage\",\"@id\":\"https:\\\/\\\/www.lengnau.ch\\\/fr\\\/2023\\\/11\\\/assemblee-communale-du-30-11-2023-decisions\\\/\",\"url\":\"https:\\\/\\\/www.lengnau.ch\\\/fr\\\/2023\\\/11\\\/assemblee-communale-du-30-11-2023-decisions\\\/\",\"name\":\"Assembl\u00e9e communale du 30.11.2023 \\\/ D\u00e9cisions - Gemeinde Lengnau\",\"isPartOf\":{\"@id\":\"https:\\\/\\\/www.lengnau.ch\\\/#website\"},\"datePublished\":\"2023-11-30T15:24:50+00:00\",\"dateModified\":\"2023-12-19T08:02:07+00:00\",\"author\":{\"@id\":\"https:\\\/\\\/www.lengnau.ch\\\/#\\\/schema\\\/person\\\/3b540f564f973e8fb35e9aaaf540e53c\"},\"breadcrumb\":{\"@id\":\"https:\\\/\\\/www.lengnau.ch\\\/fr\\\/2023\\\/11\\\/assemblee-communale-du-30-11-2023-decisions\\\/#breadcrumb\"},\"inLanguage\":\"fr-FR\",\"potentialAction\":[{\"@type\":\"ReadAction\",\"target\":[\"https:\\\/\\\/www.lengnau.ch\\\/fr\\\/2023\\\/11\\\/assemblee-communale-du-30-11-2023-decisions\\\/\"]}]},{\"@type\":\"BreadcrumbList\",\"@id\":\"https:\\\/\\\/www.lengnau.ch\\\/fr\\\/2023\\\/11\\\/assemblee-communale-du-30-11-2023-decisions\\\/#breadcrumb\",\"itemListElement\":[{\"@type\":\"ListItem\",\"position\":1,\"name\":\"Home\",\"item\":\"https:\\\/\\\/www.lengnau.ch\\\/fr\\\/\"},{\"@type\":\"ListItem\",\"position\":2,\"name\":\"Assembl\u00e9e communale du 30.11.2023 \\\/ D\u00e9cisions\"}]},{\"@type\":\"WebSite\",\"@id\":\"https:\\\/\\\/www.lengnau.ch\\\/#website\",\"url\":\"https:\\\/\\\/www.lengnau.ch\\\/\",\"name\":\"Gemeinde Lengnau\",\"description\":\"\",\"potentialAction\":[{\"@type\":\"SearchAction\",\"target\":{\"@type\":\"EntryPoint\",\"urlTemplate\":\"https:\\\/\\\/www.lengnau.ch\\\/?s={search_term_string}\"},\"query-input\":{\"@type\":\"PropertyValueSpecification\",\"valueRequired\":true,\"valueName\":\"search_term_string\"}}],\"inLanguage\":\"fr-FR\"},{\"@type\":\"Person\",\"@id\":\"https:\\\/\\\/www.lengnau.ch\\\/#\\\/schema\\\/person\\\/3b540f564f973e8fb35e9aaaf540e53c\",\"name\":\"Fabienne Burri\",\"url\":\"https:\\\/\\\/www.lengnau.ch\\\/fr\\\/author\\\/fabienne-burrilengnau-ch\\\/\"}]}<\/script>\n<!-- \/ Yoast SEO plugin. -->","yoast_head_json":{"title":"Assembl\u00e9e communale du 30.11.2023 \/ D\u00e9cisions - Gemeinde Lengnau","robots":{"index":"index","follow":"follow","max-snippet":"max-snippet:-1","max-image-preview":"max-image-preview:large","max-video-preview":"max-video-preview:-1"},"canonical":"https:\/\/www.lengnau.ch\/fr\/2023\/11\/assemblee-communale-du-30-11-2023-decisions\/","og_locale":"fr_FR","og_type":"article","og_title":"Assembl\u00e9e communale du 30.11.2023 \/ D\u00e9cisions - Gemeinde Lengnau","og_description":"Lors de l&rsquo;assembl\u00e9e communale de la commune municipale de Lengnau BE, les d\u00e9cisions suivantes ont \u00e9t\u00e9 prises par 115 votants : 1. Compte administratif \/ Budget 2024 \/ Approbation D\u00e9cision (105 voix contre 0) Le budget 2024 est approuv\u00e9 comme suit : a) Approbation de l&rsquo;installation fiscale de l&rsquo;imp\u00f4t communal, inchang\u00e9e \u00e0 1,54 unit\u00e9 du [&hellip;]","og_url":"https:\/\/www.lengnau.ch\/fr\/2023\/11\/assemblee-communale-du-30-11-2023-decisions\/","og_site_name":"Gemeinde Lengnau","article_published_time":"2023-11-30T15:24:50+00:00","article_modified_time":"2023-12-19T08:02:07+00:00","author":"Fabienne Burri","twitter_card":"summary_large_image","schema":{"@context":"https:\/\/schema.org","@graph":[{"@type":"Article","@id":"https:\/\/www.lengnau.ch\/fr\/2023\/11\/assemblee-communale-du-30-11-2023-decisions\/#article","isPartOf":{"@id":"https:\/\/www.lengnau.ch\/fr\/2023\/11\/assemblee-communale-du-30-11-2023-decisions\/"},"author":{"name":"Fabienne Burri","@id":"https:\/\/www.lengnau.ch\/#\/schema\/person\/3b540f564f973e8fb35e9aaaf540e53c"},"headline":"Assembl\u00e9e communale du 30.11.2023 \/ D\u00e9cisions","datePublished":"2023-11-30T15:24:50+00:00","dateModified":"2023-12-19T08:02:07+00:00","mainEntityOfPage":{"@id":"https:\/\/www.lengnau.ch\/fr\/2023\/11\/assemblee-communale-du-30-11-2023-decisions\/"},"wordCount":439,"articleSection":["Aktuelles","Frontseite","Medienmitteilungen"],"inLanguage":"fr-FR"},{"@type":"WebPage","@id":"https:\/\/www.lengnau.ch\/fr\/2023\/11\/assemblee-communale-du-30-11-2023-decisions\/","url":"https:\/\/www.lengnau.ch\/fr\/2023\/11\/assemblee-communale-du-30-11-2023-decisions\/","name":"Assembl\u00e9e communale du 30.11.2023 \/ D\u00e9cisions - Gemeinde Lengnau","isPartOf":{"@id":"https:\/\/www.lengnau.ch\/#website"},"datePublished":"2023-11-30T15:24:50+00:00","dateModified":"2023-12-19T08:02:07+00:00","author":{"@id":"https:\/\/www.lengnau.ch\/#\/schema\/person\/3b540f564f973e8fb35e9aaaf540e53c"},"breadcrumb":{"@id":"https:\/\/www.lengnau.ch\/fr\/2023\/11\/assemblee-communale-du-30-11-2023-decisions\/#breadcrumb"},"inLanguage":"fr-FR","potentialAction":[{"@type":"ReadAction","target":["https:\/\/www.lengnau.ch\/fr\/2023\/11\/assemblee-communale-du-30-11-2023-decisions\/"]}]},{"@type":"BreadcrumbList","@id":"https:\/\/www.lengnau.ch\/fr\/2023\/11\/assemblee-communale-du-30-11-2023-decisions\/#breadcrumb","itemListElement":[{"@type":"ListItem","position":1,"name":"Home","item":"https:\/\/www.lengnau.ch\/fr\/"},{"@type":"ListItem","position":2,"name":"Assembl\u00e9e communale du 30.11.2023 \/ D\u00e9cisions"}]},{"@type":"WebSite","@id":"https:\/\/www.lengnau.ch\/#website","url":"https:\/\/www.lengnau.ch\/","name":"Gemeinde Lengnau","description":"","potentialAction":[{"@type":"SearchAction","target":{"@type":"EntryPoint","urlTemplate":"https:\/\/www.lengnau.ch\/?s={search_term_string}"},"query-input":{"@type":"PropertyValueSpecification","valueRequired":true,"valueName":"search_term_string"}}],"inLanguage":"fr-FR"},{"@type":"Person","@id":"https:\/\/www.lengnau.ch\/#\/schema\/person\/3b540f564f973e8fb35e9aaaf540e53c","name":"Fabienne Burri","url":"https:\/\/www.lengnau.ch\/fr\/author\/fabienne-burrilengnau-ch\/"}]}},"publishpress_future_action":{"enabled":false,"date":"2026-05-08 18:43:32","action":"change-status","newStatus":"draft","terms":[],"taxonomy":"category","extraData":[]},"publishpress_future_workflow_manual_trigger":{"enabledWorkflows":[]},"_links":{"self":[{"href":"https:\/\/www.lengnau.ch\/fr\/wp-json\/wp\/v2\/posts\/11670","targetHints":{"allow":["GET"]}}],"collection":[{"href":"https:\/\/www.lengnau.ch\/fr\/wp-json\/wp\/v2\/posts"}],"about":[{"href":"https:\/\/www.lengnau.ch\/fr\/wp-json\/wp\/v2\/types\/post"}],"author":[{"embeddable":true,"href":"https:\/\/www.lengnau.ch\/fr\/wp-json\/wp\/v2\/users\/14"}],"replies":[{"embeddable":true,"href":"https:\/\/www.lengnau.ch\/fr\/wp-json\/wp\/v2\/comments?post=11670"}],"version-history":[{"count":3,"href":"https:\/\/www.lengnau.ch\/fr\/wp-json\/wp\/v2\/posts\/11670\/revisions"}],"predecessor-version":[{"id":11962,"href":"https:\/\/www.lengnau.ch\/fr\/wp-json\/wp\/v2\/posts\/11670\/revisions\/11962"}],"wp:attachment":[{"href":"https:\/\/www.lengnau.ch\/fr\/wp-json\/wp\/v2\/media?parent=11670"}],"wp:term":[{"taxonomy":"category","embeddable":true,"href":"https:\/\/www.lengnau.ch\/fr\/wp-json\/wp\/v2\/categories?post=11670"},{"taxonomy":"post_tag","embeddable":true,"href":"https:\/\/www.lengnau.ch\/fr\/wp-json\/wp\/v2\/tags?post=11670"}],"curies":[{"name":"wp","href":"https:\/\/api.w.org\/{rel}","templated":true}]}}