{"id":11516,"date":"2023-11-13T09:32:43","date_gmt":"2023-11-13T08:32:43","guid":{"rendered":"https:\/\/www.lengnau.ch\/2023\/11\/resultats-de-lelection-a-la-presidence-de-la-commune-du-19-11-2023\/"},"modified":"2023-11-13T09:32:43","modified_gmt":"2023-11-13T08:32:43","slug":"resultats-de-lelection-a-la-presidence-de-la-commune-du-19-11-2023","status":"publish","type":"post","link":"https:\/\/www.lengnau.ch\/fr\/2023\/11\/resultats-de-lelection-a-la-presidence-de-la-commune-du-19-11-2023\/","title":{"rendered":"R\u00e9sultats de l&rsquo;\u00e9lection \u00e0 la pr\u00e9sidence de la commune du 19.11.2023"},"content":{"rendered":"<p>Deux personnes se sont annonc\u00e9es pour le poste de maire de la commune municipale de Lengnau BE.<\/p>\n<p>Est \u00e9lue pr\u00e9sidente de la commune<\/p>\n<ul>\n<li>Huber-M\u00fcller Sandra<\/li>\n<\/ul>\n<p>Vous trouverez ci-dessous les r\u00e9sultats d\u00e9taill\u00e9s des \u00e9lections :<\/p>\n<p><a href=\"https:\/\/www.lengnau.ch\/wp-content\/uploads\/2023\/11\/Protokoll_Wahl_Gemeindepraesidium_EG_Lengnau_19_11_2023.pdf\">Proc\u00e8s-verbal de l'\u00a0\u00bb\u00e9lection du pr\u00e9sident \/ de la pr\u00e9sidente de la commune\u00a0\u00bb de la commune municipale de Lengnau BE du 19.11.2023<\/a><\/p>\n","protected":false},"excerpt":{"rendered":"<p>Deux personnes se sont annonc\u00e9es pour le poste de maire de la commune municipale de Lengnau BE. Est \u00e9lue pr\u00e9sidente de la commune Huber-M\u00fcller Sandra Vous trouverez ci-dessous les r\u00e9sultats d\u00e9taill\u00e9s des \u00e9lections : Proc\u00e8s-verbal de l&rsquo;\u00a0\u00bb\u00e9lection du pr\u00e9sident \/ de la pr\u00e9sidente de la commune\u00a0\u00bb de la commune municipale de Lengnau BE du 19.11.2023<\/p>\n","protected":false},"author":14,"featured_media":0,"comment_status":"closed","ping_status":"open","sticky":false,"template":"","format":"standard","meta":{"_acf_changed":false,"_relevanssi_hide_post":"","_relevanssi_hide_content":"","_relevanssi_pin_for_all":"","_relevanssi_pin_keywords":"","_relevanssi_unpin_keywords":"","_relevanssi_related_keywords":"","_relevanssi_related_include_ids":"","_relevanssi_related_exclude_ids":"","_relevanssi_related_no_append":"","_relevanssi_related_not_related":"","_relevanssi_related_posts":"","_relevanssi_noindex_reason":"","footnotes":""},"categories":[74,28,76],"tags":[],"class_list":["post-11516","post","type-post","status-publish","format-standard","hentry","category-aktuelles","category-frontseite","category-medienmitteilungen"],"acf":[],"yoast_head":"<!-- This site is optimized with the Yoast SEO plugin v27.4 - https:\/\/yoast.com\/product\/yoast-seo-wordpress\/ -->\n<title>R\u00e9sultats de l&#039;\u00e9lection \u00e0 la pr\u00e9sidence de la commune du 19.11.2023 - Gemeinde Lengnau<\/title>\n<meta name=\"robots\" content=\"index, follow, max-snippet:-1, max-image-preview:large, max-video-preview:-1\" \/>\n<link rel=\"canonical\" href=\"https:\/\/www.lengnau.ch\/fr\/2023\/11\/resultats-de-lelection-a-la-presidence-de-la-commune-du-19-11-2023\/\" \/>\n<meta property=\"og:locale\" content=\"fr_FR\" \/>\n<meta property=\"og:type\" content=\"article\" \/>\n<meta property=\"og:title\" content=\"R\u00e9sultats de l&#039;\u00e9lection \u00e0 la pr\u00e9sidence de la commune du 19.11.2023 - Gemeinde Lengnau\" \/>\n<meta property=\"og:description\" content=\"Deux personnes se sont annonc\u00e9es pour le poste de maire de la commune municipale de Lengnau BE. Est \u00e9lue pr\u00e9sidente de la commune Huber-M\u00fcller Sandra Vous trouverez ci-dessous les r\u00e9sultats d\u00e9taill\u00e9s des \u00e9lections : Proc\u00e8s-verbal de l&#039;\u00a0\u00bb\u00e9lection du pr\u00e9sident \/ de la pr\u00e9sidente de la commune\u00a0\u00bb de la commune municipale de Lengnau BE du 19.11.2023\" \/>\n<meta property=\"og:url\" content=\"https:\/\/www.lengnau.ch\/fr\/2023\/11\/resultats-de-lelection-a-la-presidence-de-la-commune-du-19-11-2023\/\" \/>\n<meta property=\"og:site_name\" content=\"Gemeinde Lengnau\" \/>\n<meta property=\"article:published_time\" content=\"2023-11-13T08:32:43+00:00\" \/>\n<meta name=\"author\" content=\"Fabienne Burri\" \/>\n<meta name=\"twitter:card\" content=\"summary_large_image\" \/>\n<script type=\"application\/ld+json\" class=\"yoast-schema-graph\">{\"@context\":\"https:\\\/\\\/schema.org\",\"@graph\":[{\"@type\":\"Article\",\"@id\":\"https:\\\/\\\/www.lengnau.ch\\\/fr\\\/2023\\\/11\\\/resultats-de-lelection-a-la-presidence-de-la-commune-du-19-11-2023\\\/#article\",\"isPartOf\":{\"@id\":\"https:\\\/\\\/www.lengnau.ch\\\/fr\\\/2023\\\/11\\\/resultats-de-lelection-a-la-presidence-de-la-commune-du-19-11-2023\\\/\"},\"author\":{\"name\":\"Fabienne Burri\",\"@id\":\"https:\\\/\\\/www.lengnau.ch\\\/#\\\/schema\\\/person\\\/3b540f564f973e8fb35e9aaaf540e53c\"},\"headline\":\"R\u00e9sultats de l&rsquo;\u00e9lection \u00e0 la pr\u00e9sidence de la commune du 19.11.2023\",\"datePublished\":\"2023-11-13T08:32:43+00:00\",\"mainEntityOfPage\":{\"@id\":\"https:\\\/\\\/www.lengnau.ch\\\/fr\\\/2023\\\/11\\\/resultats-de-lelection-a-la-presidence-de-la-commune-du-19-11-2023\\\/\"},\"wordCount\":74,\"articleSection\":[\"Aktuelles\",\"Frontseite\",\"Medienmitteilungen\"],\"inLanguage\":\"fr-FR\"},{\"@type\":\"WebPage\",\"@id\":\"https:\\\/\\\/www.lengnau.ch\\\/fr\\\/2023\\\/11\\\/resultats-de-lelection-a-la-presidence-de-la-commune-du-19-11-2023\\\/\",\"url\":\"https:\\\/\\\/www.lengnau.ch\\\/fr\\\/2023\\\/11\\\/resultats-de-lelection-a-la-presidence-de-la-commune-du-19-11-2023\\\/\",\"name\":\"R\u00e9sultats de l'\u00e9lection \u00e0 la pr\u00e9sidence de la commune du 19.11.2023 - Gemeinde Lengnau\",\"isPartOf\":{\"@id\":\"https:\\\/\\\/www.lengnau.ch\\\/#website\"},\"datePublished\":\"2023-11-13T08:32:43+00:00\",\"author\":{\"@id\":\"https:\\\/\\\/www.lengnau.ch\\\/#\\\/schema\\\/person\\\/3b540f564f973e8fb35e9aaaf540e53c\"},\"breadcrumb\":{\"@id\":\"https:\\\/\\\/www.lengnau.ch\\\/fr\\\/2023\\\/11\\\/resultats-de-lelection-a-la-presidence-de-la-commune-du-19-11-2023\\\/#breadcrumb\"},\"inLanguage\":\"fr-FR\",\"potentialAction\":[{\"@type\":\"ReadAction\",\"target\":[\"https:\\\/\\\/www.lengnau.ch\\\/fr\\\/2023\\\/11\\\/resultats-de-lelection-a-la-presidence-de-la-commune-du-19-11-2023\\\/\"]}]},{\"@type\":\"BreadcrumbList\",\"@id\":\"https:\\\/\\\/www.lengnau.ch\\\/fr\\\/2023\\\/11\\\/resultats-de-lelection-a-la-presidence-de-la-commune-du-19-11-2023\\\/#breadcrumb\",\"itemListElement\":[{\"@type\":\"ListItem\",\"position\":1,\"name\":\"Home\",\"item\":\"https:\\\/\\\/www.lengnau.ch\\\/fr\\\/\"},{\"@type\":\"ListItem\",\"position\":2,\"name\":\"R\u00e9sultats de l&#8217;\u00e9lection \u00e0 la pr\u00e9sidence de la commune du 19.11.2023\"}]},{\"@type\":\"WebSite\",\"@id\":\"https:\\\/\\\/www.lengnau.ch\\\/#website\",\"url\":\"https:\\\/\\\/www.lengnau.ch\\\/\",\"name\":\"Gemeinde Lengnau\",\"description\":\"\",\"potentialAction\":[{\"@type\":\"SearchAction\",\"target\":{\"@type\":\"EntryPoint\",\"urlTemplate\":\"https:\\\/\\\/www.lengnau.ch\\\/?s={search_term_string}\"},\"query-input\":{\"@type\":\"PropertyValueSpecification\",\"valueRequired\":true,\"valueName\":\"search_term_string\"}}],\"inLanguage\":\"fr-FR\"},{\"@type\":\"Person\",\"@id\":\"https:\\\/\\\/www.lengnau.ch\\\/#\\\/schema\\\/person\\\/3b540f564f973e8fb35e9aaaf540e53c\",\"name\":\"Fabienne Burri\",\"url\":\"https:\\\/\\\/www.lengnau.ch\\\/fr\\\/author\\\/fabienne-burrilengnau-ch\\\/\"}]}<\/script>\n<!-- \/ Yoast SEO plugin. -->","yoast_head_json":{"title":"R\u00e9sultats de l'\u00e9lection \u00e0 la pr\u00e9sidence de la commune du 19.11.2023 - Gemeinde Lengnau","robots":{"index":"index","follow":"follow","max-snippet":"max-snippet:-1","max-image-preview":"max-image-preview:large","max-video-preview":"max-video-preview:-1"},"canonical":"https:\/\/www.lengnau.ch\/fr\/2023\/11\/resultats-de-lelection-a-la-presidence-de-la-commune-du-19-11-2023\/","og_locale":"fr_FR","og_type":"article","og_title":"R\u00e9sultats de l'\u00e9lection \u00e0 la pr\u00e9sidence de la commune du 19.11.2023 - Gemeinde Lengnau","og_description":"Deux personnes se sont annonc\u00e9es pour le poste de maire de la commune municipale de Lengnau BE. Est \u00e9lue pr\u00e9sidente de la commune Huber-M\u00fcller Sandra Vous trouverez ci-dessous les r\u00e9sultats d\u00e9taill\u00e9s des \u00e9lections : Proc\u00e8s-verbal de l'\u00a0\u00bb\u00e9lection du pr\u00e9sident \/ de la pr\u00e9sidente de la commune\u00a0\u00bb de la commune municipale de Lengnau BE du 19.11.2023","og_url":"https:\/\/www.lengnau.ch\/fr\/2023\/11\/resultats-de-lelection-a-la-presidence-de-la-commune-du-19-11-2023\/","og_site_name":"Gemeinde Lengnau","article_published_time":"2023-11-13T08:32:43+00:00","author":"Fabienne Burri","twitter_card":"summary_large_image","schema":{"@context":"https:\/\/schema.org","@graph":[{"@type":"Article","@id":"https:\/\/www.lengnau.ch\/fr\/2023\/11\/resultats-de-lelection-a-la-presidence-de-la-commune-du-19-11-2023\/#article","isPartOf":{"@id":"https:\/\/www.lengnau.ch\/fr\/2023\/11\/resultats-de-lelection-a-la-presidence-de-la-commune-du-19-11-2023\/"},"author":{"name":"Fabienne Burri","@id":"https:\/\/www.lengnau.ch\/#\/schema\/person\/3b540f564f973e8fb35e9aaaf540e53c"},"headline":"R\u00e9sultats de l&rsquo;\u00e9lection \u00e0 la pr\u00e9sidence de la commune du 19.11.2023","datePublished":"2023-11-13T08:32:43+00:00","mainEntityOfPage":{"@id":"https:\/\/www.lengnau.ch\/fr\/2023\/11\/resultats-de-lelection-a-la-presidence-de-la-commune-du-19-11-2023\/"},"wordCount":74,"articleSection":["Aktuelles","Frontseite","Medienmitteilungen"],"inLanguage":"fr-FR"},{"@type":"WebPage","@id":"https:\/\/www.lengnau.ch\/fr\/2023\/11\/resultats-de-lelection-a-la-presidence-de-la-commune-du-19-11-2023\/","url":"https:\/\/www.lengnau.ch\/fr\/2023\/11\/resultats-de-lelection-a-la-presidence-de-la-commune-du-19-11-2023\/","name":"R\u00e9sultats de l'\u00e9lection \u00e0 la pr\u00e9sidence de la commune du 19.11.2023 - Gemeinde Lengnau","isPartOf":{"@id":"https:\/\/www.lengnau.ch\/#website"},"datePublished":"2023-11-13T08:32:43+00:00","author":{"@id":"https:\/\/www.lengnau.ch\/#\/schema\/person\/3b540f564f973e8fb35e9aaaf540e53c"},"breadcrumb":{"@id":"https:\/\/www.lengnau.ch\/fr\/2023\/11\/resultats-de-lelection-a-la-presidence-de-la-commune-du-19-11-2023\/#breadcrumb"},"inLanguage":"fr-FR","potentialAction":[{"@type":"ReadAction","target":["https:\/\/www.lengnau.ch\/fr\/2023\/11\/resultats-de-lelection-a-la-presidence-de-la-commune-du-19-11-2023\/"]}]},{"@type":"BreadcrumbList","@id":"https:\/\/www.lengnau.ch\/fr\/2023\/11\/resultats-de-lelection-a-la-presidence-de-la-commune-du-19-11-2023\/#breadcrumb","itemListElement":[{"@type":"ListItem","position":1,"name":"Home","item":"https:\/\/www.lengnau.ch\/fr\/"},{"@type":"ListItem","position":2,"name":"R\u00e9sultats de l&#8217;\u00e9lection \u00e0 la pr\u00e9sidence de la commune du 19.11.2023"}]},{"@type":"WebSite","@id":"https:\/\/www.lengnau.ch\/#website","url":"https:\/\/www.lengnau.ch\/","name":"Gemeinde Lengnau","description":"","potentialAction":[{"@type":"SearchAction","target":{"@type":"EntryPoint","urlTemplate":"https:\/\/www.lengnau.ch\/?s={search_term_string}"},"query-input":{"@type":"PropertyValueSpecification","valueRequired":true,"valueName":"search_term_string"}}],"inLanguage":"fr-FR"},{"@type":"Person","@id":"https:\/\/www.lengnau.ch\/#\/schema\/person\/3b540f564f973e8fb35e9aaaf540e53c","name":"Fabienne Burri","url":"https:\/\/www.lengnau.ch\/fr\/author\/fabienne-burrilengnau-ch\/"}]}},"publishpress_future_action":{"enabled":false,"date":"2026-05-08 00:20:49","action":"change-status","newStatus":"draft","terms":[],"taxonomy":"category","extraData":[]},"publishpress_future_workflow_manual_trigger":{"enabledWorkflows":[]},"_links":{"self":[{"href":"https:\/\/www.lengnau.ch\/fr\/wp-json\/wp\/v2\/posts\/11516","targetHints":{"allow":["GET"]}}],"collection":[{"href":"https:\/\/www.lengnau.ch\/fr\/wp-json\/wp\/v2\/posts"}],"about":[{"href":"https:\/\/www.lengnau.ch\/fr\/wp-json\/wp\/v2\/types\/post"}],"author":[{"embeddable":true,"href":"https:\/\/www.lengnau.ch\/fr\/wp-json\/wp\/v2\/users\/14"}],"replies":[{"embeddable":true,"href":"https:\/\/www.lengnau.ch\/fr\/wp-json\/wp\/v2\/comments?post=11516"}],"version-history":[{"count":0,"href":"https:\/\/www.lengnau.ch\/fr\/wp-json\/wp\/v2\/posts\/11516\/revisions"}],"wp:attachment":[{"href":"https:\/\/www.lengnau.ch\/fr\/wp-json\/wp\/v2\/media?parent=11516"}],"wp:term":[{"taxonomy":"category","embeddable":true,"href":"https:\/\/www.lengnau.ch\/fr\/wp-json\/wp\/v2\/categories?post=11516"},{"taxonomy":"post_tag","embeddable":true,"href":"https:\/\/www.lengnau.ch\/fr\/wp-json\/wp\/v2\/tags?post=11516"}],"curies":[{"name":"wp","href":"https:\/\/api.w.org\/{rel}","templated":true}]}}