{"id":11153,"date":"2022-03-28T17:15:09","date_gmt":"2022-03-28T15:15:09","guid":{"rendered":"https:\/\/www.lengnau.ch\/2022\/03\/grossrats-und-regierungsratswahlen-vom-27-03-2022-resultate\/"},"modified":"2025-03-11T11:20:14","modified_gmt":"2025-03-11T10:20:14","slug":"grossrats-und-regierungsratswahlen-vom-27-03-2022-resultate","status":"publish","type":"post","link":"https:\/\/www.lengnau.ch\/fr\/2022\/03\/grossrats-und-regierungsratswahlen-vom-27-03-2022-resultate\/","title":{"rendered":"\u00c9lections au Grand Conseil et au Conseil d&rsquo;\u00c9tat du 27.03.2022 &#8211; R\u00e9sultats"},"content":{"rendered":"<p><strong>\u00c9lections au Grand Conseil<\/strong><\/p>\n<p>Au total, 2&rsquo;214 personnes, 879 femmes et 1&rsquo;335 hommes, se pr\u00e9sentent sur 158 listes pour les 160 si\u00e8ges du Grand Conseil. Cela repr\u00e9sente 12 listes de plus que lors des \u00e9lections d&rsquo;il y a 4 ans (146 listes).<\/p>\n<p>Le nombre de candidats a augment\u00e9 : 2 214 personnes se sont port\u00e9es candidates, ce qui est plus que jamais. Il y a quatre ans, il y avait 2 110 candidats. Avec 879 candidats, la proportion de femmes est de 39,7% (2018 : 34,6%). Parmi les d\u00e9put\u00e9s sortants, 139 se repr\u00e9sentent. Cela correspond \u00e0 86,9 pour cent (2018 : 85,6 pour cent).<\/p>\n<p><strong>\u00c9lections au Conseil d&rsquo;\u00c9tat<\/strong><\/p>\n<p>5 femmes et 13 hommes briguent l&rsquo;un des 7 si\u00e8ges du Conseil de gouvernement.<\/p>\n<p>Les membres du gouvernement cantonal sont d\u00e9sign\u00e9s par les Bernoises et les Bernois ayant le droit de vote. Pour les \u00e9lections au Conseil d&rsquo;Etat, le canton est une circonscription \u00e9lectorale unique.<\/p>\n<p>Un \u00e9ventuel second tour des \u00e9lections au Conseil ex\u00e9cutif aura lieu le dimanche 15 mai 2022.<\/p>\n<p>Pour plus d&rsquo;informations sur les \u00e9lections cantonales, consultez la page web <a href=\"https:\/\/www.sta.be.ch\/de\/start\/themen\/wahlen-und-abstimmungen\/wahlen\/resultate-von-kantonalen-wahlen-seit-2002\/wahlen-2022.html\" target=\"_blank\" rel=\"noopener\">\u00ab\u00a0R\u00e9sultats des \u00e9lections cantonales 2022\u00a0\u00bb.<\/a><\/p>\n<p>Vous trouverez les r\u00e9sultats de la commune municipale de Lengnau BE pour les \u00e9lections au Grand Conseil et au Conseil-ex\u00e9cutif le dimanche 27.03.2022 sur cette page sous \u00ab\u00a0En savoir plus\u00a0\u00bb.<\/p>\n<h2>En savoir plus sur le sujet<\/h2>\n<div class=\"elementStandard elementLink elementLink_var0 elementLinkList\"><a class=\"pdf\" title=\"Formulaire 2 Votes des candidats et des partis \u00c9lections au Grand Conseil 2022\" href=\"https:\/\/www.lengnau.ch\/wp-content\/uploads\/2023\/10\/Formular_2_Kandidaten-_und_Parteistimmen_Grossratswahlen_2022.pdf\" target=\"_blank\" rel=\"noopener\">Formulaire 2 Votes des candidats et des partis \u00c9lections au Grand Conseil 2022<\/a><\/div>\n<div class=\"elementStandard elementLink elementLink_var0 elementLinkList\"><a class=\"pdf\" title=\"Formulaire 4 Proc\u00e8s-verbal des \u00e9lections au Grand Conseil 2022\" href=\"https:\/\/www.lengnau.ch\/wp-content\/uploads\/2023\/10\/Formular_4_Protokoll_Grossratswahlen_2022.pdf\" target=\"_blank\" rel=\"noopener\">Formulaire 4 Proc\u00e8s-verbal des \u00e9lections au Grand Conseil 2022<\/a><\/div>\n<div class=\"elementStandard elementLink elementLink_var0 elementLinkList\"><a class=\"pdf\" title=\"Proc\u00e8s-verbal des \u00e9lections au Conseil d'Etat du 27.03.2022\" href=\"https:\/\/www.lengnau.ch\/wp-content\/uploads\/2023\/10\/Protokoll_der_Regierungsratswahlen_vom_27_03_2022.pdf\" target=\"_blank\" rel=\"noopener\">Proc\u00e8s-verbal des \u00e9lections au Conseil d&rsquo;Etat du 27.03.2022<\/a><\/div>\n<div class=\"elementStandard elementContent elementLink elementLink_var0\"><a class=\"next\" title=\"Canton de Berne : r\u00e9sultats des \u00e9lections au Grand Conseil et au Conseil-ex\u00e9cutif 2022\" href=\"https:\/\/www.sta.be.ch\/de\/start\/themen\/wahlen-und-abstimmungen\/wahlen\/resultate-von-kantonalen-wahlen-seit-2002\/wahlen-2022.html\" target=\"_blank\" rel=\"noopener\">Canton de Berne : r\u00e9sultats des \u00e9lections au Grand Conseil et au Conseil-ex\u00e9cutif 2022<\/a><\/div>\n","protected":false},"excerpt":{"rendered":"<p>\u00c9lections au Grand Conseil Au total, 2&rsquo;214 personnes, 879 femmes et 1&rsquo;335 hommes, se pr\u00e9sentent sur 158 listes pour les 160 si\u00e8ges du Grand Conseil. Cela repr\u00e9sente 12 listes de plus que lors des \u00e9lections d&rsquo;il y a 4 ans (146 listes). Le nombre de candidats a augment\u00e9 : 2 214 personnes se sont port\u00e9es [&hellip;]<\/p>\n","protected":false},"author":1,"featured_media":0,"comment_status":"closed","ping_status":"open","sticky":false,"template":"","format":"standard","meta":{"_acf_changed":false,"_relevanssi_hide_post":"","_relevanssi_hide_content":"","_relevanssi_pin_for_all":"","_relevanssi_pin_keywords":"","_relevanssi_unpin_keywords":"","_relevanssi_related_keywords":"","_relevanssi_related_include_ids":"","_relevanssi_related_exclude_ids":"","_relevanssi_related_no_append":"","_relevanssi_related_not_related":"","_relevanssi_related_posts":"","_relevanssi_noindex_reason":"","footnotes":""},"categories":[74,75,76],"tags":[],"class_list":["post-11153","post","type-post","status-publish","format-standard","hentry","category-aktuelles","category-archiv","category-medienmitteilungen"],"acf":[],"yoast_head":"<!-- This site is optimized with the Yoast SEO plugin v27.4 - https:\/\/yoast.com\/product\/yoast-seo-wordpress\/ -->\n<title>\u00c9lections au Grand Conseil et au Conseil d&#039;\u00c9tat du 27.03.2022 - R\u00e9sultats - Gemeinde Lengnau<\/title>\n<meta name=\"robots\" content=\"index, follow, max-snippet:-1, max-image-preview:large, max-video-preview:-1\" \/>\n<link rel=\"canonical\" href=\"https:\/\/www.lengnau.ch\/fr\/2022\/03\/grossrats-und-regierungsratswahlen-vom-27-03-2022-resultate\/\" \/>\n<meta property=\"og:locale\" content=\"fr_FR\" \/>\n<meta property=\"og:type\" content=\"article\" \/>\n<meta property=\"og:title\" content=\"\u00c9lections au Grand Conseil et au Conseil d&#039;\u00c9tat du 27.03.2022 - R\u00e9sultats - Gemeinde Lengnau\" \/>\n<meta property=\"og:description\" content=\"\u00c9lections au Grand Conseil Au total, 2&rsquo;214 personnes, 879 femmes et 1&rsquo;335 hommes, se pr\u00e9sentent sur 158 listes pour les 160 si\u00e8ges du Grand Conseil. Cela repr\u00e9sente 12 listes de plus que lors des \u00e9lections d&rsquo;il y a 4 ans (146 listes). Le nombre de candidats a augment\u00e9 : 2 214 personnes se sont port\u00e9es [&hellip;]\" \/>\n<meta property=\"og:url\" content=\"https:\/\/www.lengnau.ch\/fr\/2022\/03\/grossrats-und-regierungsratswahlen-vom-27-03-2022-resultate\/\" \/>\n<meta property=\"og:site_name\" content=\"Gemeinde Lengnau\" \/>\n<meta property=\"article:published_time\" content=\"2022-03-28T15:15:09+00:00\" \/>\n<meta property=\"article:modified_time\" content=\"2025-03-11T10:20:14+00:00\" \/>\n<meta name=\"author\" content=\"admin\" \/>\n<meta name=\"twitter:card\" content=\"summary_large_image\" \/>\n<script type=\"application\/ld+json\" class=\"yoast-schema-graph\">{\"@context\":\"https:\\\/\\\/schema.org\",\"@graph\":[{\"@type\":\"Article\",\"@id\":\"https:\\\/\\\/www.lengnau.ch\\\/fr\\\/2022\\\/03\\\/grossrats-und-regierungsratswahlen-vom-27-03-2022-resultate\\\/#article\",\"isPartOf\":{\"@id\":\"https:\\\/\\\/www.lengnau.ch\\\/fr\\\/2022\\\/03\\\/grossrats-und-regierungsratswahlen-vom-27-03-2022-resultate\\\/\"},\"author\":{\"name\":\"admin\",\"@id\":\"https:\\\/\\\/www.lengnau.ch\\\/#\\\/schema\\\/person\\\/e90b6190996ed78e24328e0373d9ad3b\"},\"headline\":\"\u00c9lections au Grand Conseil et au Conseil d&rsquo;\u00c9tat du 27.03.2022 &#8211; R\u00e9sultats\",\"datePublished\":\"2022-03-28T15:15:09+00:00\",\"dateModified\":\"2025-03-11T10:20:14+00:00\",\"mainEntityOfPage\":{\"@id\":\"https:\\\/\\\/www.lengnau.ch\\\/fr\\\/2022\\\/03\\\/grossrats-und-regierungsratswahlen-vom-27-03-2022-resultate\\\/\"},\"wordCount\":261,\"articleSection\":[\"Aktuelles\",\"Archiv\",\"Medienmitteilungen\"],\"inLanguage\":\"fr-FR\"},{\"@type\":\"WebPage\",\"@id\":\"https:\\\/\\\/www.lengnau.ch\\\/fr\\\/2022\\\/03\\\/grossrats-und-regierungsratswahlen-vom-27-03-2022-resultate\\\/\",\"url\":\"https:\\\/\\\/www.lengnau.ch\\\/fr\\\/2022\\\/03\\\/grossrats-und-regierungsratswahlen-vom-27-03-2022-resultate\\\/\",\"name\":\"\u00c9lections au Grand Conseil et au Conseil d'\u00c9tat du 27.03.2022 - R\u00e9sultats - Gemeinde Lengnau\",\"isPartOf\":{\"@id\":\"https:\\\/\\\/www.lengnau.ch\\\/#website\"},\"datePublished\":\"2022-03-28T15:15:09+00:00\",\"dateModified\":\"2025-03-11T10:20:14+00:00\",\"author\":{\"@id\":\"https:\\\/\\\/www.lengnau.ch\\\/#\\\/schema\\\/person\\\/e90b6190996ed78e24328e0373d9ad3b\"},\"breadcrumb\":{\"@id\":\"https:\\\/\\\/www.lengnau.ch\\\/fr\\\/2022\\\/03\\\/grossrats-und-regierungsratswahlen-vom-27-03-2022-resultate\\\/#breadcrumb\"},\"inLanguage\":\"fr-FR\",\"potentialAction\":[{\"@type\":\"ReadAction\",\"target\":[\"https:\\\/\\\/www.lengnau.ch\\\/fr\\\/2022\\\/03\\\/grossrats-und-regierungsratswahlen-vom-27-03-2022-resultate\\\/\"]}]},{\"@type\":\"BreadcrumbList\",\"@id\":\"https:\\\/\\\/www.lengnau.ch\\\/fr\\\/2022\\\/03\\\/grossrats-und-regierungsratswahlen-vom-27-03-2022-resultate\\\/#breadcrumb\",\"itemListElement\":[{\"@type\":\"ListItem\",\"position\":1,\"name\":\"Home\",\"item\":\"https:\\\/\\\/www.lengnau.ch\\\/fr\\\/\"},{\"@type\":\"ListItem\",\"position\":2,\"name\":\"\u00c9lections au Grand Conseil et au Conseil d&#8217;\u00c9tat du 27.03.2022 &#8211; R\u00e9sultats\"}]},{\"@type\":\"WebSite\",\"@id\":\"https:\\\/\\\/www.lengnau.ch\\\/#website\",\"url\":\"https:\\\/\\\/www.lengnau.ch\\\/\",\"name\":\"Gemeinde Lengnau\",\"description\":\"\",\"potentialAction\":[{\"@type\":\"SearchAction\",\"target\":{\"@type\":\"EntryPoint\",\"urlTemplate\":\"https:\\\/\\\/www.lengnau.ch\\\/?s={search_term_string}\"},\"query-input\":{\"@type\":\"PropertyValueSpecification\",\"valueRequired\":true,\"valueName\":\"search_term_string\"}}],\"inLanguage\":\"fr-FR\"},{\"@type\":\"Person\",\"@id\":\"https:\\\/\\\/www.lengnau.ch\\\/#\\\/schema\\\/person\\\/e90b6190996ed78e24328e0373d9ad3b\",\"name\":\"admin\",\"url\":\"https:\\\/\\\/www.lengnau.ch\\\/fr\\\/author\\\/rettenm\\\/\"}]}<\/script>\n<!-- \/ Yoast SEO plugin. -->","yoast_head_json":{"title":"\u00c9lections au Grand Conseil et au Conseil d'\u00c9tat du 27.03.2022 - R\u00e9sultats - Gemeinde Lengnau","robots":{"index":"index","follow":"follow","max-snippet":"max-snippet:-1","max-image-preview":"max-image-preview:large","max-video-preview":"max-video-preview:-1"},"canonical":"https:\/\/www.lengnau.ch\/fr\/2022\/03\/grossrats-und-regierungsratswahlen-vom-27-03-2022-resultate\/","og_locale":"fr_FR","og_type":"article","og_title":"\u00c9lections au Grand Conseil et au Conseil d'\u00c9tat du 27.03.2022 - R\u00e9sultats - Gemeinde Lengnau","og_description":"\u00c9lections au Grand Conseil Au total, 2&rsquo;214 personnes, 879 femmes et 1&rsquo;335 hommes, se pr\u00e9sentent sur 158 listes pour les 160 si\u00e8ges du Grand Conseil. Cela repr\u00e9sente 12 listes de plus que lors des \u00e9lections d&rsquo;il y a 4 ans (146 listes). Le nombre de candidats a augment\u00e9 : 2 214 personnes se sont port\u00e9es [&hellip;]","og_url":"https:\/\/www.lengnau.ch\/fr\/2022\/03\/grossrats-und-regierungsratswahlen-vom-27-03-2022-resultate\/","og_site_name":"Gemeinde Lengnau","article_published_time":"2022-03-28T15:15:09+00:00","article_modified_time":"2025-03-11T10:20:14+00:00","author":"admin","twitter_card":"summary_large_image","schema":{"@context":"https:\/\/schema.org","@graph":[{"@type":"Article","@id":"https:\/\/www.lengnau.ch\/fr\/2022\/03\/grossrats-und-regierungsratswahlen-vom-27-03-2022-resultate\/#article","isPartOf":{"@id":"https:\/\/www.lengnau.ch\/fr\/2022\/03\/grossrats-und-regierungsratswahlen-vom-27-03-2022-resultate\/"},"author":{"name":"admin","@id":"https:\/\/www.lengnau.ch\/#\/schema\/person\/e90b6190996ed78e24328e0373d9ad3b"},"headline":"\u00c9lections au Grand Conseil et au Conseil d&rsquo;\u00c9tat du 27.03.2022 &#8211; R\u00e9sultats","datePublished":"2022-03-28T15:15:09+00:00","dateModified":"2025-03-11T10:20:14+00:00","mainEntityOfPage":{"@id":"https:\/\/www.lengnau.ch\/fr\/2022\/03\/grossrats-und-regierungsratswahlen-vom-27-03-2022-resultate\/"},"wordCount":261,"articleSection":["Aktuelles","Archiv","Medienmitteilungen"],"inLanguage":"fr-FR"},{"@type":"WebPage","@id":"https:\/\/www.lengnau.ch\/fr\/2022\/03\/grossrats-und-regierungsratswahlen-vom-27-03-2022-resultate\/","url":"https:\/\/www.lengnau.ch\/fr\/2022\/03\/grossrats-und-regierungsratswahlen-vom-27-03-2022-resultate\/","name":"\u00c9lections au Grand Conseil et au Conseil d'\u00c9tat du 27.03.2022 - R\u00e9sultats - Gemeinde Lengnau","isPartOf":{"@id":"https:\/\/www.lengnau.ch\/#website"},"datePublished":"2022-03-28T15:15:09+00:00","dateModified":"2025-03-11T10:20:14+00:00","author":{"@id":"https:\/\/www.lengnau.ch\/#\/schema\/person\/e90b6190996ed78e24328e0373d9ad3b"},"breadcrumb":{"@id":"https:\/\/www.lengnau.ch\/fr\/2022\/03\/grossrats-und-regierungsratswahlen-vom-27-03-2022-resultate\/#breadcrumb"},"inLanguage":"fr-FR","potentialAction":[{"@type":"ReadAction","target":["https:\/\/www.lengnau.ch\/fr\/2022\/03\/grossrats-und-regierungsratswahlen-vom-27-03-2022-resultate\/"]}]},{"@type":"BreadcrumbList","@id":"https:\/\/www.lengnau.ch\/fr\/2022\/03\/grossrats-und-regierungsratswahlen-vom-27-03-2022-resultate\/#breadcrumb","itemListElement":[{"@type":"ListItem","position":1,"name":"Home","item":"https:\/\/www.lengnau.ch\/fr\/"},{"@type":"ListItem","position":2,"name":"\u00c9lections au Grand Conseil et au Conseil d&#8217;\u00c9tat du 27.03.2022 &#8211; R\u00e9sultats"}]},{"@type":"WebSite","@id":"https:\/\/www.lengnau.ch\/#website","url":"https:\/\/www.lengnau.ch\/","name":"Gemeinde Lengnau","description":"","potentialAction":[{"@type":"SearchAction","target":{"@type":"EntryPoint","urlTemplate":"https:\/\/www.lengnau.ch\/?s={search_term_string}"},"query-input":{"@type":"PropertyValueSpecification","valueRequired":true,"valueName":"search_term_string"}}],"inLanguage":"fr-FR"},{"@type":"Person","@id":"https:\/\/www.lengnau.ch\/#\/schema\/person\/e90b6190996ed78e24328e0373d9ad3b","name":"admin","url":"https:\/\/www.lengnau.ch\/fr\/author\/rettenm\/"}]}},"publishpress_future_action":{"enabled":false,"date":"2026-05-07 19:50:57","action":"change-status","newStatus":"draft","terms":[],"taxonomy":"category","extraData":[]},"publishpress_future_workflow_manual_trigger":{"enabledWorkflows":[]},"_links":{"self":[{"href":"https:\/\/www.lengnau.ch\/fr\/wp-json\/wp\/v2\/posts\/11153","targetHints":{"allow":["GET"]}}],"collection":[{"href":"https:\/\/www.lengnau.ch\/fr\/wp-json\/wp\/v2\/posts"}],"about":[{"href":"https:\/\/www.lengnau.ch\/fr\/wp-json\/wp\/v2\/types\/post"}],"author":[{"embeddable":true,"href":"https:\/\/www.lengnau.ch\/fr\/wp-json\/wp\/v2\/users\/1"}],"replies":[{"embeddable":true,"href":"https:\/\/www.lengnau.ch\/fr\/wp-json\/wp\/v2\/comments?post=11153"}],"version-history":[{"count":6,"href":"https:\/\/www.lengnau.ch\/fr\/wp-json\/wp\/v2\/posts\/11153\/revisions"}],"predecessor-version":[{"id":15974,"href":"https:\/\/www.lengnau.ch\/fr\/wp-json\/wp\/v2\/posts\/11153\/revisions\/15974"}],"wp:attachment":[{"href":"https:\/\/www.lengnau.ch\/fr\/wp-json\/wp\/v2\/media?parent=11153"}],"wp:term":[{"taxonomy":"category","embeddable":true,"href":"https:\/\/www.lengnau.ch\/fr\/wp-json\/wp\/v2\/categories?post=11153"},{"taxonomy":"post_tag","embeddable":true,"href":"https:\/\/www.lengnau.ch\/fr\/wp-json\/wp\/v2\/tags?post=11153"}],"curies":[{"name":"wp","href":"https:\/\/api.w.org\/{rel}","templated":true}]}}