{"id":11026,"date":"2023-09-14T08:00:00","date_gmt":"2023-09-14T06:00:00","guid":{"rendered":"https:\/\/www.lengnau.ch\/2023\/09\/elections-generales-de-2023-2\/"},"modified":"2023-10-26T11:13:25","modified_gmt":"2023-10-26T09:13:25","slug":"elections-generales-de-2023-2","status":"publish","type":"post","link":"https:\/\/www.lengnau.ch\/fr\/2023\/09\/elections-generales-de-2023-2\/","title":{"rendered":"\u00c9lections g\u00e9n\u00e9rales de 2023"},"content":{"rendered":"<p><strong><em>\u00c9lection aux urnes du 22 octobre 2023<\/em><\/strong><\/p>\n<p>Les candidatures suivantes ont \u00e9t\u00e9 d\u00e9pos\u00e9es dans les d\u00e9lais pour les <strong>\u00e9lections proportionnelles du dimanche 22 octobre 2023 <\/strong>:<\/p>\n<p><strong><u>Conseil municipal<\/u><\/strong><\/p>\n<table style=\"width: 100%; border-collapse: collapse;\" border=\"0\">\n<tbody>\n<tr style=\"height: 23px;\">\n<td style=\"width: 25.6548%; height: 23px;\"><strong><u>Liste n\u00b0 1<\/u><\/strong><\/td>\n<td style=\"width: 38.6696%; height: 23px;\"><strong><u>PPE (Parti populaire \u00e9vang\u00e9lique)<\/u><\/strong><\/td>\n<td style=\"width: 34.9341%; height: 23px;\"><\/td>\n<\/tr>\n<tr style=\"height: 23px;\">\n<td style=\"width: 25.6548%; height: 23px;\"><strong><em>N\u00b0 de candidat<\/em><\/strong><\/td>\n<td style=\"width: 38.6696%; height: 23px;\"><strong><em>Nom du candidat<\/em><\/strong><\/td>\n<td style=\"width: 34.9341%; height: 23px;\"><\/td>\n<\/tr>\n<tr style=\"height: 23px;\">\n<td style=\"width: 25.6548%; height: 23px;\"><strong>0101<\/strong><\/td>\n<td style=\"width: 38.6696%; height: 23px;\"><strong>Genier Ruth, 1963<\/strong><\/td>\n<td style=\"width: 34.9341%; height: 23px;\"><\/td>\n<\/tr>\n<tr style=\"height: 23px;\">\n<td style=\"width: 25.6548%; height: 23px;\"><strong>0102<\/strong><\/td>\n<td style=\"width: 38.6696%; height: 23px;\"><strong>Genier Ruth, 1963<\/strong><\/td>\n<td style=\"width: 34.9341%; height: 23px;\"><\/td>\n<\/tr>\n<tr style=\"height: 23px;\">\n<td style=\"width: 25.6548%; height: 23px;\"><strong>0103<\/strong><\/td>\n<td style=\"width: 38.6696%; height: 23px;\"><strong>B\u00e4rtschi Ursula, 1975<\/strong><\/td>\n<td style=\"width: 34.9341%; height: 23px;\"><\/td>\n<\/tr>\n<tr style=\"height: 23px;\">\n<td style=\"width: 25.6548%; height: 23px;\"><strong>0104<\/strong><\/td>\n<td style=\"width: 38.6696%; height: 23px;\"><strong>Cantieni Beat, 1963<\/strong><\/td>\n<td style=\"width: 34.9341%; height: 23px;\"><\/td>\n<\/tr>\n<tr style=\"height: 23px;\">\n<td style=\"width: 25.6548%; height: 23px;\"><strong>0105<\/strong><\/td>\n<td style=\"width: 38.6696%; height: 23px;\"><strong>De Salvador B\u00e9atrice, 1967<\/strong><\/td>\n<td style=\"width: 34.9341%; height: 23px;\"><\/td>\n<\/tr>\n<tr style=\"height: 23px;\">\n<td style=\"width: 25.6548%; height: 23px;\"><strong>0106<\/strong><\/td>\n<td style=\"width: 38.6696%; height: 23px;\"><strong>M\u00f6sch Mirjam, 1982<\/strong><\/td>\n<td style=\"width: 34.9341%; height: 23px;\"><\/td>\n<\/tr>\n<tr style=\"height: 23px;\">\n<td style=\"width: 25.6548%; height: 23px;\"><strong>0107<\/strong><\/td>\n<td style=\"width: 38.6696%; height: 23px;\"><strong>Amas de coups Andrea, 1975<\/strong><\/td>\n<td style=\"width: 34.9341%; height: 23px;\"><\/td>\n<\/tr>\n<tr style=\"height: 23px;\">\n<td style=\"width: 25.6548%; height: 23px;\"><strong> <\/strong><\/td>\n<td style=\"width: 38.6696%; height: 23px;\"><strong> <\/strong><\/td>\n<td style=\"width: 34.9341%; height: 23px;\"><\/td>\n<\/tr>\n<tr style=\"height: 23px;\">\n<td style=\"width: 25.6548%; height: 23px;\"><strong><u>Liste n\u00b0 2<\/u><\/strong><\/td>\n<td style=\"width: 38.6696%; height: 23px;\"><strong><u>Section UDC de Lengnau<\/u><\/strong><\/td>\n<td style=\"width: 34.9341%; height: 23px;\"><\/td>\n<\/tr>\n<tr style=\"height: 23px;\">\n<td style=\"width: 25.6548%; height: 23px;\"><strong><em>N\u00b0 de candidat<\/em><\/strong><\/td>\n<td style=\"width: 38.6696%; height: 23px;\"><strong><em>Nom du candidat<\/em><\/strong><\/td>\n<td style=\"width: 34.9341%; height: 23px;\"><\/td>\n<\/tr>\n<tr style=\"height: 23px;\">\n<td style=\"width: 25.6548%; height: 23px;\"><strong>0201<\/strong><\/td>\n<td style=\"width: 38.6696%; height: 23px;\"><strong>Huber Frank, 1967<\/strong><\/td>\n<td style=\"width: 34.9341%; height: 23px;\"><em>jusqu&rsquo;\u00e0 pr\u00e9sent<\/em><\/td>\n<\/tr>\n<tr style=\"height: 23px;\">\n<td style=\"width: 25.6548%; height: 23px;\"><strong>0202<\/strong><\/td>\n<td style=\"width: 38.6696%; height: 23px;\"><strong>Huber Frank, 1967  <\/strong><\/td>\n<td style=\"width: 34.9341%; height: 23px;\"><em>jusqu&rsquo;\u00e0 pr\u00e9sent<\/em><\/td>\n<\/tr>\n<tr style=\"height: 23px;\">\n<td style=\"width: 25.6548%; height: 23px;\"><strong>0203<\/strong><\/td>\n<td style=\"width: 38.6696%; height: 23px;\"><strong>Gilomen Eduard, 1951<\/strong><\/td>\n<td style=\"width: 34.9341%; height: 23px;\"><em> <\/em><\/td>\n<\/tr>\n<tr style=\"height: 23px;\">\n<td style=\"width: 25.6548%; height: 23px;\"><strong>0204<\/strong><\/td>\n<td style=\"width: 38.6696%; height: 23px;\"><strong>Gilomen Eduard, 1951<\/strong><\/td>\n<td style=\"width: 34.9341%; height: 23px;\"><em> <\/em><\/td>\n<\/tr>\n<tr style=\"height: 23px;\">\n<td style=\"width: 25.6548%; height: 23px;\"><strong>0205<\/strong><\/td>\n<td style=\"width: 38.6696%; height: 23px;\"><strong>Spahr Adrian, 1994<\/strong><\/td>\n<td style=\"width: 34.9341%; height: 23px;\"><em> <\/em><\/td>\n<\/tr>\n<tr style=\"height: 23px;\">\n<td style=\"width: 25.6548%; height: 23px;\"><strong>0206<\/strong><\/td>\n<td style=\"width: 38.6696%; height: 23px;\"><strong>Spahr Adrian, 1994<\/strong><\/td>\n<td style=\"width: 34.9341%; height: 23px;\"><em> <\/em><\/td>\n<\/tr>\n<tr style=\"height: 23px;\">\n<td style=\"width: 25.6548%; height: 23px;\"><strong>0207<\/strong><\/td>\n<td style=\"width: 38.6696%; height: 23px;\"><strong>Jungo Ren\u00e9, 1968<\/strong><\/td>\n<td style=\"width: 34.9341%; height: 23px;\"><em> <\/em><\/td>\n<\/tr>\n<tr style=\"height: 23px;\">\n<td style=\"width: 25.6548%; height: 23px;\"><strong> <\/strong><\/td>\n<td style=\"width: 38.6696%; height: 23px;\"><strong> <\/strong><\/td>\n<td style=\"width: 34.9341%; height: 23px;\"><em> <\/em><\/td>\n<\/tr>\n<tr style=\"height: 23px;\">\n<td style=\"width: 25.6548%; height: 23px;\"><strong><u>Liste n\u00b0 3<\/u><\/strong><\/td>\n<td style=\"width: 38.6696%; height: 23px;\"><strong><u>PRD Lengnau BE<\/u><\/strong><\/td>\n<td style=\"width: 34.9341%; height: 23px;\"><em> <\/em><\/td>\n<\/tr>\n<tr style=\"height: 23px;\">\n<td style=\"width: 25.6548%; height: 23px;\"><strong><em>N\u00b0 de candidat<\/em><\/strong><\/td>\n<td style=\"width: 38.6696%; height: 23px;\"><strong><em>Nom du candidat<\/em><\/strong><\/td>\n<td style=\"width: 34.9341%; height: 23px;\"><em> <\/em><\/td>\n<\/tr>\n<tr style=\"height: 23px;\">\n<td style=\"width: 25.6548%; height: 23px;\"><strong>0301<\/strong><\/td>\n<td style=\"width: 38.6696%; height: 23px;\"><strong>Frattini Marcel, 1971  <\/strong><\/td>\n<td style=\"width: 34.9341%; height: 23px;\"><em>jusqu&rsquo;\u00e0 pr\u00e9sent<\/em><\/td>\n<\/tr>\n<tr style=\"height: 23px;\">\n<td style=\"width: 25.6548%; height: 23px;\"><strong>0302<\/strong><\/td>\n<td style=\"width: 38.6696%; height: 23px;\"><strong>Frattini Marcel, 1971<\/strong><\/td>\n<td style=\"width: 34.9341%; height: 23px;\"><em>jusqu&rsquo;\u00e0 pr\u00e9sent<\/em><\/td>\n<\/tr>\n<tr style=\"height: 23px;\">\n<td style=\"width: 25.6548%; height: 23px;\"><strong>0303<\/strong><\/td>\n<td style=\"width: 38.6696%; height: 23px;\"><strong>Kropfli Bernhard, 1972<\/strong><\/td>\n<td style=\"width: 34.9341%; height: 23px;\"><em> <\/em><\/td>\n<\/tr>\n<tr style=\"height: 23px;\">\n<td style=\"width: 25.6548%; height: 23px;\"><strong>0304<\/strong><\/td>\n<td style=\"width: 38.6696%; height: 23px;\"><strong>Kropfli Bernhard, 1972<\/strong><\/td>\n<td style=\"width: 34.9341%; height: 23px;\"><em> <\/em><\/td>\n<\/tr>\n<tr style=\"height: 23px;\">\n<td style=\"width: 25.6548%; height: 23px;\"><strong>0305<\/strong><\/td>\n<td style=\"width: 38.6696%; height: 23px;\"><strong>Bernasconi-Faivre Annette, 1969<\/strong><\/td>\n<td style=\"width: 34.9341%; height: 23px;\"><em> <\/em><\/td>\n<\/tr>\n<tr style=\"height: 23px;\">\n<td style=\"width: 25.6548%; height: 23px;\"><strong>0306<\/strong><\/td>\n<td style=\"width: 38.6696%; height: 23px;\"><strong>Bernasconi-Faivre Annette, 1969<\/strong><\/td>\n<td style=\"width: 34.9341%; height: 23px;\"><em> <\/em><\/td>\n<\/tr>\n<tr style=\"height: 23px;\">\n<td style=\"width: 25.6548%; height: 23px;\"><strong>0307<\/strong><\/td>\n<td style=\"width: 38.6696%; height: 23px;\"><strong>Kaufmann Olivier, 1970<\/strong><\/td>\n<td style=\"width: 34.9341%; height: 23px;\"><em> <\/em><\/td>\n<\/tr>\n<tr style=\"height: 23px;\">\n<td style=\"width: 25.6548%; height: 23px;\"><strong> <\/strong><\/td>\n<td style=\"width: 38.6696%; height: 23px;\"><strong> <\/strong><\/td>\n<td style=\"width: 34.9341%; height: 23px;\"><em> <\/em><\/td>\n<\/tr>\n<tr style=\"height: 23px;\">\n<td style=\"width: 25.6548%; height: 23px;\"><strong><u>Liste n\u00b0 4<\/u><\/strong><\/td>\n<td style=\"width: 38.6696%; height: 23px;\"><strong><u>PS + syndicats<\/u><\/strong><\/td>\n<td style=\"width: 34.9341%; height: 23px;\"><em> <\/em><\/td>\n<\/tr>\n<tr style=\"height: 23px;\">\n<td style=\"width: 25.6548%; height: 23px;\"><strong><em>N\u00b0 de candidat<\/em><\/strong><\/td>\n<td style=\"width: 38.6696%; height: 23px;\"><strong><em>Nom du candidat<\/em><\/strong><\/td>\n<td style=\"width: 34.9341%; height: 23px;\"><em> <\/em><\/td>\n<\/tr>\n<tr style=\"height: 23px;\">\n<td style=\"width: 25.6548%; height: 23px;\"><strong>0401<\/strong><\/td>\n<td style=\"width: 38.6696%; height: 23px;\"><strong>Huber-M\u00fcller Sandra, 1975<\/strong><\/td>\n<td style=\"width: 34.9341%; height: 23px;\"><em>jusqu&rsquo;\u00e0 pr\u00e9sent<\/em><\/td>\n<\/tr>\n<tr style=\"height: 23px;\">\n<td style=\"width: 25.6548%; height: 23px;\"><strong>0402<\/strong><\/td>\n<td style=\"width: 38.6696%; height: 23px;\"><strong>Huber-M\u00fcller Sandra, 1975<\/strong><\/td>\n<td style=\"width: 34.9341%; height: 23px;\"><em>jusqu&rsquo;\u00e0 pr\u00e9sent<\/em><\/td>\n<\/tr>\n<tr style=\"height: 23px;\">\n<td style=\"width: 25.6548%; height: 23px;\"><strong>0403<\/strong><\/td>\n<td style=\"width: 38.6696%; height: 23px;\"><strong>Kolak Ivan, 1984  <\/strong><\/td>\n<td style=\"width: 34.9341%; height: 23px;\"><em>jusqu&rsquo;\u00e0 pr\u00e9sent<\/em><\/td>\n<\/tr>\n<tr style=\"height: 23px;\">\n<td style=\"width: 25.6548%; height: 23px;\"><strong>0404<\/strong><\/td>\n<td style=\"width: 38.6696%; height: 23px;\"><strong>Kolak Ivan, 1984  <\/strong><\/td>\n<td style=\"width: 34.9341%; height: 23px;\"><em>jusqu&rsquo;\u00e0 pr\u00e9sent<\/em><\/td>\n<\/tr>\n<tr style=\"height: 23px;\">\n<td style=\"width: 25.6548%; height: 23px;\"><strong>0405<\/strong><\/td>\n<td style=\"width: 38.6696%; height: 23px;\"><strong>Balsiger Rolf, 1971<\/strong><\/td>\n<td style=\"width: 34.9341%; height: 23px;\"><em> <\/em><\/td>\n<\/tr>\n<tr style=\"height: 23px;\">\n<td style=\"width: 25.6548%; height: 23px;\"><strong>0406<\/strong><\/td>\n<td style=\"width: 38.6696%; height: 23px;\"><strong>Fossati Luigi, 1974<\/strong><\/td>\n<td style=\"width: 34.9341%; height: 23px;\"><em> <\/em><\/td>\n<\/tr>\n<tr style=\"height: 23px;\">\n<td style=\"width: 25.6548%; height: 23px;\"><strong>0407<\/strong><strong><br \/>\n<\/strong><\/td>\n<td style=\"width: 38.6696%; height: 23px;\"><strong>Hirschi Urs, 1969<\/strong><\/td>\n<td style=\"width: 34.9341%; height: 23px;\"><em> <\/em><\/td>\n<\/tr>\n<\/tbody>\n<\/table>\n<p><em>La liste n\u00b0 1 <\/em><em>PEV (Parti \u00e9vang\u00e9lique) et la liste n\u00b0 4 <\/em><em>PS + syndicats ont conclu un apparentement de listes.<\/em><\/p>\n<p><em>La liste no 2 UDC section Lengnau et la liste no 3 <\/em><em>PRD Lengnau BE <\/em><em>ont conclu un apparentement de listes.<\/em><\/p>\n<p>La carte de vote portant l&rsquo;inscription \u00ab\u00a0Conf\u00e9d\u00e9ration, canton, <strong>commune<\/strong>\u00a0\u00bb permet de voter.<\/p>\n<p>Le local de vote de la maison communale de Lengnau BE (rez-de-chauss\u00e9e) est ouvert comme suit :<\/p>\n<p><strong>Dimanche 22 octobre 2023, de 10 h 00 \u00e0 11 h 00<\/strong><\/p>\n<p>Les personnes qui n&rsquo;ont pas le droit de vote aux \u00e9lections communales parce qu&rsquo;elles n&rsquo;ont pas encore atteint trois mois d&rsquo;\u00e9tablissement ne re\u00e7oivent pas de mat\u00e9riel \u00e9lectoral communal. Pour les cartes de l\u00e9gitimation perdues, une demande de duplicata peut \u00eatre d\u00e9pos\u00e9e jusqu&rsquo;au jeudi 19 octobre 2023, 18h00 au plus tard, aupr\u00e8s de la commune municipale de Lengnau BE, d\u00e9partement de la pr\u00e9sidence.<\/p>\n<p>Le vote par correspondance est soumis aux m\u00eames dispositions que les \u00e9lections et les votations f\u00e9d\u00e9rales et cantonales.<\/p>\n<p>En outre, le conseil municipal 2543 Lengnau BE annonce<\/p>\n<p><strong><em>Disposition des \u00e9lections communales \u00e0 l&rsquo;urne selon le syst\u00e8me majoritaire<\/em><\/strong><\/p>\n<p>Le conseil municipal a fix\u00e9 les \u00e9lections au scrutin majoritaire au dimanche 19 novembre 2023 <em>(en m\u00eame temps qu&rsquo;un \u00e9ventuel 2e tour pour le Conseil des Etats)<\/em>. Il faut \u00e9lire<\/p>\n<ul>\n<li><strong>la pr\u00e9sidente \/ le pr\u00e9sident de la commune municipale de Lengnau BE<\/strong><\/li>\n<li><strong>la vice-pr\u00e9sidente \/ le vice-pr\u00e9sident de la commune municipale de Lengnau BE<\/strong><\/li>\n<\/ul>\n<p>Seules les personnes \u00e9lues en tant que membres du conseil communal lors des \u00e9lections proportionnelles du 22 octobre 2023 sont \u00e9ligibles aux postes susmentionn\u00e9s.<\/p>\n<p>Les propositions pour les \u00e9lections au scrutin majoritaire doivent \u00eatre <strong>d\u00e9pos\u00e9es au plus tard<\/strong> jusqu&rsquo;<strong>au mardi 24 octobre 2023, 11h30, aupr\u00e8s de la commune municipale de Longeau BE, d\u00e9partement de la pr\u00e9sidence<\/strong>. Les propositions de vote doivent comporter une indication claire de leur origine et porter la signature d&rsquo;au moins dix \u00e9lecteurs. Pour le reste, il est renvoy\u00e9 aux dispositions du r\u00e8glement sur les \u00e9lections et les votations aux urnes de la commune municipale de Lengnau BE du 06 juin 2002.<\/p>\n<p>Le conseil municipal<\/p>\n","protected":false},"excerpt":{"rendered":"<p>\u00c9lection aux urnes du 22 octobre 2023 Les candidatures suivantes ont \u00e9t\u00e9 d\u00e9pos\u00e9es dans les d\u00e9lais pour les \u00e9lections proportionnelles du dimanche 22 octobre 2023 : Conseil municipal Liste n\u00b0 1 PPE (Parti populaire \u00e9vang\u00e9lique) N\u00b0 de candidat Nom du candidat 0101 Genier Ruth, 1963 0102 Genier Ruth, 1963 0103 B\u00e4rtschi Ursula, 1975 0104 Cantieni [&hellip;]<\/p>\n","protected":false},"author":14,"featured_media":0,"comment_status":"closed","ping_status":"open","sticky":false,"template":"","format":"standard","meta":{"_acf_changed":false,"_relevanssi_hide_post":"","_relevanssi_hide_content":"","_relevanssi_pin_for_all":"","_relevanssi_pin_keywords":"","_relevanssi_unpin_keywords":"","_relevanssi_related_keywords":"","_relevanssi_related_include_ids":"","_relevanssi_related_exclude_ids":"","_relevanssi_related_no_append":"","_relevanssi_related_not_related":"","_relevanssi_related_posts":"","_relevanssi_noindex_reason":"","footnotes":""},"categories":[74,28,76],"tags":[],"class_list":["post-11026","post","type-post","status-publish","format-standard","hentry","category-aktuelles","category-frontseite","category-medienmitteilungen"],"acf":[],"yoast_head":"<!-- This site is optimized with the Yoast SEO plugin v27.4 - https:\/\/yoast.com\/product\/yoast-seo-wordpress\/ -->\n<title>\u00c9lections g\u00e9n\u00e9rales de 2023 - Gemeinde Lengnau<\/title>\n<meta name=\"robots\" content=\"index, follow, max-snippet:-1, max-image-preview:large, max-video-preview:-1\" \/>\n<link rel=\"canonical\" href=\"https:\/\/www.lengnau.ch\/fr\/2023\/09\/elections-generales-de-2023-2\/\" \/>\n<meta property=\"og:locale\" content=\"fr_FR\" \/>\n<meta property=\"og:type\" content=\"article\" \/>\n<meta property=\"og:title\" content=\"\u00c9lections g\u00e9n\u00e9rales de 2023 - Gemeinde Lengnau\" \/>\n<meta property=\"og:description\" content=\"\u00c9lection aux urnes du 22 octobre 2023 Les candidatures suivantes ont \u00e9t\u00e9 d\u00e9pos\u00e9es dans les d\u00e9lais pour les \u00e9lections proportionnelles du dimanche 22 octobre 2023 : Conseil municipal Liste n\u00b0 1 PPE (Parti populaire \u00e9vang\u00e9lique) N\u00b0 de candidat Nom du candidat 0101 Genier Ruth, 1963 0102 Genier Ruth, 1963 0103 B\u00e4rtschi Ursula, 1975 0104 Cantieni [&hellip;]\" \/>\n<meta property=\"og:url\" content=\"https:\/\/www.lengnau.ch\/fr\/2023\/09\/elections-generales-de-2023-2\/\" \/>\n<meta property=\"og:site_name\" content=\"Gemeinde Lengnau\" \/>\n<meta property=\"article:published_time\" content=\"2023-09-14T06:00:00+00:00\" \/>\n<meta property=\"article:modified_time\" content=\"2023-10-26T09:13:25+00:00\" \/>\n<meta name=\"author\" content=\"Fabienne Burri\" \/>\n<meta name=\"twitter:card\" content=\"summary_large_image\" \/>\n<script type=\"application\/ld+json\" class=\"yoast-schema-graph\">{\"@context\":\"https:\\\/\\\/schema.org\",\"@graph\":[{\"@type\":\"Article\",\"@id\":\"https:\\\/\\\/www.lengnau.ch\\\/fr\\\/2023\\\/09\\\/elections-generales-de-2023-2\\\/#article\",\"isPartOf\":{\"@id\":\"https:\\\/\\\/www.lengnau.ch\\\/fr\\\/2023\\\/09\\\/elections-generales-de-2023-2\\\/\"},\"author\":{\"name\":\"Fabienne Burri\",\"@id\":\"https:\\\/\\\/www.lengnau.ch\\\/#\\\/schema\\\/person\\\/3b540f564f973e8fb35e9aaaf540e53c\"},\"headline\":\"\u00c9lections g\u00e9n\u00e9rales de 2023\",\"datePublished\":\"2023-09-14T06:00:00+00:00\",\"dateModified\":\"2023-10-26T09:13:25+00:00\",\"mainEntityOfPage\":{\"@id\":\"https:\\\/\\\/www.lengnau.ch\\\/fr\\\/2023\\\/09\\\/elections-generales-de-2023-2\\\/\"},\"wordCount\":511,\"articleSection\":[\"Aktuelles\",\"Frontseite\",\"Medienmitteilungen\"],\"inLanguage\":\"fr-FR\"},{\"@type\":\"WebPage\",\"@id\":\"https:\\\/\\\/www.lengnau.ch\\\/fr\\\/2023\\\/09\\\/elections-generales-de-2023-2\\\/\",\"url\":\"https:\\\/\\\/www.lengnau.ch\\\/fr\\\/2023\\\/09\\\/elections-generales-de-2023-2\\\/\",\"name\":\"\u00c9lections g\u00e9n\u00e9rales de 2023 - Gemeinde Lengnau\",\"isPartOf\":{\"@id\":\"https:\\\/\\\/www.lengnau.ch\\\/#website\"},\"datePublished\":\"2023-09-14T06:00:00+00:00\",\"dateModified\":\"2023-10-26T09:13:25+00:00\",\"author\":{\"@id\":\"https:\\\/\\\/www.lengnau.ch\\\/#\\\/schema\\\/person\\\/3b540f564f973e8fb35e9aaaf540e53c\"},\"breadcrumb\":{\"@id\":\"https:\\\/\\\/www.lengnau.ch\\\/fr\\\/2023\\\/09\\\/elections-generales-de-2023-2\\\/#breadcrumb\"},\"inLanguage\":\"fr-FR\",\"potentialAction\":[{\"@type\":\"ReadAction\",\"target\":[\"https:\\\/\\\/www.lengnau.ch\\\/fr\\\/2023\\\/09\\\/elections-generales-de-2023-2\\\/\"]}]},{\"@type\":\"BreadcrumbList\",\"@id\":\"https:\\\/\\\/www.lengnau.ch\\\/fr\\\/2023\\\/09\\\/elections-generales-de-2023-2\\\/#breadcrumb\",\"itemListElement\":[{\"@type\":\"ListItem\",\"position\":1,\"name\":\"Home\",\"item\":\"https:\\\/\\\/www.lengnau.ch\\\/fr\\\/\"},{\"@type\":\"ListItem\",\"position\":2,\"name\":\"\u00c9lections g\u00e9n\u00e9rales de 2023\"}]},{\"@type\":\"WebSite\",\"@id\":\"https:\\\/\\\/www.lengnau.ch\\\/#website\",\"url\":\"https:\\\/\\\/www.lengnau.ch\\\/\",\"name\":\"Gemeinde Lengnau\",\"description\":\"\",\"potentialAction\":[{\"@type\":\"SearchAction\",\"target\":{\"@type\":\"EntryPoint\",\"urlTemplate\":\"https:\\\/\\\/www.lengnau.ch\\\/?s={search_term_string}\"},\"query-input\":{\"@type\":\"PropertyValueSpecification\",\"valueRequired\":true,\"valueName\":\"search_term_string\"}}],\"inLanguage\":\"fr-FR\"},{\"@type\":\"Person\",\"@id\":\"https:\\\/\\\/www.lengnau.ch\\\/#\\\/schema\\\/person\\\/3b540f564f973e8fb35e9aaaf540e53c\",\"name\":\"Fabienne Burri\",\"url\":\"https:\\\/\\\/www.lengnau.ch\\\/fr\\\/author\\\/fabienne-burrilengnau-ch\\\/\"}]}<\/script>\n<!-- \/ Yoast SEO plugin. -->","yoast_head_json":{"title":"\u00c9lections g\u00e9n\u00e9rales de 2023 - Gemeinde Lengnau","robots":{"index":"index","follow":"follow","max-snippet":"max-snippet:-1","max-image-preview":"max-image-preview:large","max-video-preview":"max-video-preview:-1"},"canonical":"https:\/\/www.lengnau.ch\/fr\/2023\/09\/elections-generales-de-2023-2\/","og_locale":"fr_FR","og_type":"article","og_title":"\u00c9lections g\u00e9n\u00e9rales de 2023 - Gemeinde Lengnau","og_description":"\u00c9lection aux urnes du 22 octobre 2023 Les candidatures suivantes ont \u00e9t\u00e9 d\u00e9pos\u00e9es dans les d\u00e9lais pour les \u00e9lections proportionnelles du dimanche 22 octobre 2023 : Conseil municipal Liste n\u00b0 1 PPE (Parti populaire \u00e9vang\u00e9lique) N\u00b0 de candidat Nom du candidat 0101 Genier Ruth, 1963 0102 Genier Ruth, 1963 0103 B\u00e4rtschi Ursula, 1975 0104 Cantieni [&hellip;]","og_url":"https:\/\/www.lengnau.ch\/fr\/2023\/09\/elections-generales-de-2023-2\/","og_site_name":"Gemeinde Lengnau","article_published_time":"2023-09-14T06:00:00+00:00","article_modified_time":"2023-10-26T09:13:25+00:00","author":"Fabienne Burri","twitter_card":"summary_large_image","schema":{"@context":"https:\/\/schema.org","@graph":[{"@type":"Article","@id":"https:\/\/www.lengnau.ch\/fr\/2023\/09\/elections-generales-de-2023-2\/#article","isPartOf":{"@id":"https:\/\/www.lengnau.ch\/fr\/2023\/09\/elections-generales-de-2023-2\/"},"author":{"name":"Fabienne Burri","@id":"https:\/\/www.lengnau.ch\/#\/schema\/person\/3b540f564f973e8fb35e9aaaf540e53c"},"headline":"\u00c9lections g\u00e9n\u00e9rales de 2023","datePublished":"2023-09-14T06:00:00+00:00","dateModified":"2023-10-26T09:13:25+00:00","mainEntityOfPage":{"@id":"https:\/\/www.lengnau.ch\/fr\/2023\/09\/elections-generales-de-2023-2\/"},"wordCount":511,"articleSection":["Aktuelles","Frontseite","Medienmitteilungen"],"inLanguage":"fr-FR"},{"@type":"WebPage","@id":"https:\/\/www.lengnau.ch\/fr\/2023\/09\/elections-generales-de-2023-2\/","url":"https:\/\/www.lengnau.ch\/fr\/2023\/09\/elections-generales-de-2023-2\/","name":"\u00c9lections g\u00e9n\u00e9rales de 2023 - Gemeinde Lengnau","isPartOf":{"@id":"https:\/\/www.lengnau.ch\/#website"},"datePublished":"2023-09-14T06:00:00+00:00","dateModified":"2023-10-26T09:13:25+00:00","author":{"@id":"https:\/\/www.lengnau.ch\/#\/schema\/person\/3b540f564f973e8fb35e9aaaf540e53c"},"breadcrumb":{"@id":"https:\/\/www.lengnau.ch\/fr\/2023\/09\/elections-generales-de-2023-2\/#breadcrumb"},"inLanguage":"fr-FR","potentialAction":[{"@type":"ReadAction","target":["https:\/\/www.lengnau.ch\/fr\/2023\/09\/elections-generales-de-2023-2\/"]}]},{"@type":"BreadcrumbList","@id":"https:\/\/www.lengnau.ch\/fr\/2023\/09\/elections-generales-de-2023-2\/#breadcrumb","itemListElement":[{"@type":"ListItem","position":1,"name":"Home","item":"https:\/\/www.lengnau.ch\/fr\/"},{"@type":"ListItem","position":2,"name":"\u00c9lections g\u00e9n\u00e9rales de 2023"}]},{"@type":"WebSite","@id":"https:\/\/www.lengnau.ch\/#website","url":"https:\/\/www.lengnau.ch\/","name":"Gemeinde Lengnau","description":"","potentialAction":[{"@type":"SearchAction","target":{"@type":"EntryPoint","urlTemplate":"https:\/\/www.lengnau.ch\/?s={search_term_string}"},"query-input":{"@type":"PropertyValueSpecification","valueRequired":true,"valueName":"search_term_string"}}],"inLanguage":"fr-FR"},{"@type":"Person","@id":"https:\/\/www.lengnau.ch\/#\/schema\/person\/3b540f564f973e8fb35e9aaaf540e53c","name":"Fabienne Burri","url":"https:\/\/www.lengnau.ch\/fr\/author\/fabienne-burrilengnau-ch\/"}]}},"publishpress_future_action":{"enabled":false,"date":"2026-05-09 10:29:36","action":"change-status","newStatus":"draft","terms":[],"taxonomy":"category","extraData":[]},"publishpress_future_workflow_manual_trigger":{"enabledWorkflows":[]},"_links":{"self":[{"href":"https:\/\/www.lengnau.ch\/fr\/wp-json\/wp\/v2\/posts\/11026","targetHints":{"allow":["GET"]}}],"collection":[{"href":"https:\/\/www.lengnau.ch\/fr\/wp-json\/wp\/v2\/posts"}],"about":[{"href":"https:\/\/www.lengnau.ch\/fr\/wp-json\/wp\/v2\/types\/post"}],"author":[{"embeddable":true,"href":"https:\/\/www.lengnau.ch\/fr\/wp-json\/wp\/v2\/users\/14"}],"replies":[{"embeddable":true,"href":"https:\/\/www.lengnau.ch\/fr\/wp-json\/wp\/v2\/comments?post=11026"}],"version-history":[{"count":1,"href":"https:\/\/www.lengnau.ch\/fr\/wp-json\/wp\/v2\/posts\/11026\/revisions"}],"predecessor-version":[{"id":11374,"href":"https:\/\/www.lengnau.ch\/fr\/wp-json\/wp\/v2\/posts\/11026\/revisions\/11374"}],"wp:attachment":[{"href":"https:\/\/www.lengnau.ch\/fr\/wp-json\/wp\/v2\/media?parent=11026"}],"wp:term":[{"taxonomy":"category","embeddable":true,"href":"https:\/\/www.lengnau.ch\/fr\/wp-json\/wp\/v2\/categories?post=11026"},{"taxonomy":"post_tag","embeddable":true,"href":"https:\/\/www.lengnau.ch\/fr\/wp-json\/wp\/v2\/tags?post=11026"}],"curies":[{"name":"wp","href":"https:\/\/api.w.org\/{rel}","templated":true}]}}