{"id":10030,"date":"2023-05-12T08:57:02","date_gmt":"2023-05-12T06:57:02","guid":{"rendered":"https:\/\/www.lengnau.ch\/?p=10030"},"modified":"2023-08-28T09:14:20","modified_gmt":"2023-08-28T07:14:20","slug":"action-de-collecte-velafrica","status":"publish","type":"post","link":"https:\/\/www.lengnau.ch\/fr\/2023\/05\/action-de-collecte-velafrica\/","title":{"rendered":"Action de collecte Velafrica"},"content":{"rendered":"<p>Depuis 1993, Velafrica collecte des v\u00e9los hors d&rsquo;usage et les exp\u00e9die vers des entreprises partenaires en Tanzanie, au Burkina Faso, \u00e0 Madagascar, en Afrique du Sud, en C\u00f4te d&rsquo;Ivoire, au Ghana et en Gambie. Chaque ann\u00e9e, plus de 50 conteneurs maritimes arrivent en Afrique avec environ 25 000 v\u00e9los suisses pr\u00e9par\u00e9s et en \u00e9tat de marche. Ils facilitent l&rsquo;acc\u00e8s \u00e0 l&rsquo;\u00e9cole, aux installations m\u00e9dicales et aux lieux de travail et rendent le transport de charges lourdes plus ais\u00e9.<\/p>\n<p>Outre la mobilit\u00e9, Velafrica encourage la cr\u00e9ation d&rsquo;ateliers de r\u00e9paration de v\u00e9los et la formation de m\u00e9caniciens. Des emplois et des possibilit\u00e9s de revenus sont cr\u00e9\u00e9s dans le montage de v\u00e9los, la r\u00e9paration et la distribution. En Suisse, Velafrica travaille avec des institutions dans le domaine de l&rsquo;ex\u00e9cution des mesures.<strong> <\/strong>et les institutions sociales qui emploient des ch\u00f4meurs et des personnes handicap\u00e9es. Ainsi, le travail d&rsquo;int\u00e9gration est associ\u00e9 avec succ\u00e8s \u00e0 la coop\u00e9ration au d\u00e9veloppement.<\/p>\n<p><strong>Faire don de v\u00e9los<\/strong>: La demande de bons v\u00e9los recycl\u00e9s en provenance de Suisse est toujours aussi forte. Les VTT sont particuli\u00e8rement appr\u00e9ci\u00e9s, car les routes sont souvent non goudronn\u00e9es. Velafrica accepte cependant tous les types de v\u00e9los et trouve pour chaque bon v\u00e9lo une r\u00e9utilisation judicieuse. Les v\u00e9los en mauvais \u00e9tat sont d\u00e9mont\u00e9s. Les composants individuels peuvent \u00eatre utilis\u00e9s comme pi\u00e8ces de rechange. Environ 400 points de collecte dans toute la Suisse acceptent les v\u00e9los pour Velafrica.<\/p>\n<h2 class=\"wp-block-heading\"><strong>Nous venons chercher votre v\u00e9lo directement chez vous<\/strong><\/h2>\n<p class=\"wp-block-heading\">Vous habitez entre <strong>Lyss et Evilard, entre Gl\u00e9resse et Longeau ou en ville de Bienne <\/strong>et vous souhaitez faire don d&rsquo;un v\u00e9lo ? Sur le site  <strong>8 et 9 juin 2023<\/strong>  c&rsquo;est encore plus facile que d&rsquo;habitude ! Jusqu&rsquo;au <strong>4 juin<\/strong>, vous pouvez inscrire votre don de v\u00e9lo sur le site <a href=\"https:\/\/velafrica.ch\/\" target=\"_blank\" rel=\"noopener\">https:\/\/velafrica.ch\/<\/a> et nous viendrons le chercher <strong>directement devant votre porte<\/strong>.<\/p>\n<p><a href=\"https:\/\/velafrica.ch\/\"><img loading=\"lazy\" decoding=\"async\" class=\"alignleft wp-image-10058 size-medium\" src=\"https:\/\/www.lengnau.ch\/wp-content\/uploads\/2023\/05\/Velafrica_Logo-300x160.jpg\" alt=\"\" width=\"300\" height=\"160\" srcset=\"https:\/\/www.lengnau.ch\/wp-content\/uploads\/2023\/05\/Velafrica_Logo-300x160.jpg 300w, https:\/\/www.lengnau.ch\/wp-content\/uploads\/2023\/05\/Velafrica_Logo-768x409.jpg 768w, https:\/\/www.lengnau.ch\/wp-content\/uploads\/2023\/05\/Velafrica_Logo.jpg 1000w\" sizes=\"auto, (max-width: 300px) 100vw, 300px\" \/><\/a><\/p>\n","protected":false},"excerpt":{"rendered":"<p>Depuis 1993, Velafrica collecte des v\u00e9los hors d&rsquo;usage et les exp\u00e9die vers des entreprises partenaires en Tanzanie, au Burkina Faso, \u00e0 Madagascar, en Afrique du Sud, en C\u00f4te d&rsquo;Ivoire, au Ghana et en Gambie. Chaque ann\u00e9e, plus de 50 conteneurs maritimes arrivent en Afrique avec environ 25 000 v\u00e9los suisses pr\u00e9par\u00e9s et en \u00e9tat de [&hellip;]<\/p>\n","protected":false},"author":14,"featured_media":0,"comment_status":"closed","ping_status":"open","sticky":false,"template":"","format":"standard","meta":{"_acf_changed":false,"_relevanssi_hide_post":"","_relevanssi_hide_content":"","_relevanssi_pin_for_all":"","_relevanssi_pin_keywords":"","_relevanssi_unpin_keywords":"","_relevanssi_related_keywords":"","_relevanssi_related_include_ids":"","_relevanssi_related_exclude_ids":"","_relevanssi_related_no_append":"","_relevanssi_related_not_related":"","_relevanssi_related_posts":"","_relevanssi_noindex_reason":"","footnotes":""},"categories":[74,28,76],"tags":[],"class_list":["post-10030","post","type-post","status-publish","format-standard","hentry","category-aktuelles","category-frontseite","category-medienmitteilungen"],"acf":[],"yoast_head":"<!-- This site is optimized with the Yoast SEO plugin v27.4 - https:\/\/yoast.com\/product\/yoast-seo-wordpress\/ -->\n<title>Action de collecte Velafrica - Gemeinde Lengnau<\/title>\n<meta name=\"robots\" content=\"index, follow, max-snippet:-1, max-image-preview:large, max-video-preview:-1\" \/>\n<link rel=\"canonical\" href=\"https:\/\/www.lengnau.ch\/fr\/2023\/05\/action-de-collecte-velafrica\/\" \/>\n<meta property=\"og:locale\" content=\"fr_FR\" \/>\n<meta property=\"og:type\" content=\"article\" \/>\n<meta property=\"og:title\" content=\"Action de collecte Velafrica - Gemeinde Lengnau\" \/>\n<meta property=\"og:description\" content=\"Depuis 1993, Velafrica collecte des v\u00e9los hors d&rsquo;usage et les exp\u00e9die vers des entreprises partenaires en Tanzanie, au Burkina Faso, \u00e0 Madagascar, en Afrique du Sud, en C\u00f4te d&rsquo;Ivoire, au Ghana et en Gambie. Chaque ann\u00e9e, plus de 50 conteneurs maritimes arrivent en Afrique avec environ 25 000 v\u00e9los suisses pr\u00e9par\u00e9s et en \u00e9tat de [&hellip;]\" \/>\n<meta property=\"og:url\" content=\"https:\/\/www.lengnau.ch\/fr\/2023\/05\/action-de-collecte-velafrica\/\" \/>\n<meta property=\"og:site_name\" content=\"Gemeinde Lengnau\" \/>\n<meta property=\"article:published_time\" content=\"2023-05-12T06:57:02+00:00\" \/>\n<meta property=\"article:modified_time\" content=\"2023-08-28T07:14:20+00:00\" \/>\n<meta property=\"og:image\" content=\"https:\/\/www.lengnau.ch\/wp-content\/uploads\/2023\/05\/Velafrica_Logo-300x160.jpg\" \/>\n<meta name=\"author\" content=\"Fabienne Burri\" \/>\n<meta name=\"twitter:card\" content=\"summary_large_image\" \/>\n<script type=\"application\/ld+json\" class=\"yoast-schema-graph\">{\"@context\":\"https:\\\/\\\/schema.org\",\"@graph\":[{\"@type\":\"Article\",\"@id\":\"https:\\\/\\\/www.lengnau.ch\\\/fr\\\/2023\\\/05\\\/action-de-collecte-velafrica\\\/#article\",\"isPartOf\":{\"@id\":\"https:\\\/\\\/www.lengnau.ch\\\/fr\\\/2023\\\/05\\\/action-de-collecte-velafrica\\\/\"},\"author\":{\"name\":\"Fabienne Burri\",\"@id\":\"https:\\\/\\\/www.lengnau.ch\\\/#\\\/schema\\\/person\\\/3b540f564f973e8fb35e9aaaf540e53c\"},\"headline\":\"Action de collecte Velafrica\",\"datePublished\":\"2023-05-12T06:57:02+00:00\",\"dateModified\":\"2023-08-28T07:14:20+00:00\",\"mainEntityOfPage\":{\"@id\":\"https:\\\/\\\/www.lengnau.ch\\\/fr\\\/2023\\\/05\\\/action-de-collecte-velafrica\\\/\"},\"wordCount\":337,\"image\":{\"@id\":\"https:\\\/\\\/www.lengnau.ch\\\/fr\\\/2023\\\/05\\\/action-de-collecte-velafrica\\\/#primaryimage\"},\"thumbnailUrl\":\"https:\\\/\\\/www.lengnau.ch\\\/wp-content\\\/uploads\\\/2023\\\/05\\\/Velafrica_Logo-300x160.jpg\",\"articleSection\":[\"Aktuelles\",\"Frontseite\",\"Medienmitteilungen\"],\"inLanguage\":\"fr-FR\"},{\"@type\":\"WebPage\",\"@id\":\"https:\\\/\\\/www.lengnau.ch\\\/fr\\\/2023\\\/05\\\/action-de-collecte-velafrica\\\/\",\"url\":\"https:\\\/\\\/www.lengnau.ch\\\/fr\\\/2023\\\/05\\\/action-de-collecte-velafrica\\\/\",\"name\":\"Action de collecte Velafrica - Gemeinde Lengnau\",\"isPartOf\":{\"@id\":\"https:\\\/\\\/www.lengnau.ch\\\/#website\"},\"primaryImageOfPage\":{\"@id\":\"https:\\\/\\\/www.lengnau.ch\\\/fr\\\/2023\\\/05\\\/action-de-collecte-velafrica\\\/#primaryimage\"},\"image\":{\"@id\":\"https:\\\/\\\/www.lengnau.ch\\\/fr\\\/2023\\\/05\\\/action-de-collecte-velafrica\\\/#primaryimage\"},\"thumbnailUrl\":\"https:\\\/\\\/www.lengnau.ch\\\/wp-content\\\/uploads\\\/2023\\\/05\\\/Velafrica_Logo-300x160.jpg\",\"datePublished\":\"2023-05-12T06:57:02+00:00\",\"dateModified\":\"2023-08-28T07:14:20+00:00\",\"author\":{\"@id\":\"https:\\\/\\\/www.lengnau.ch\\\/#\\\/schema\\\/person\\\/3b540f564f973e8fb35e9aaaf540e53c\"},\"breadcrumb\":{\"@id\":\"https:\\\/\\\/www.lengnau.ch\\\/fr\\\/2023\\\/05\\\/action-de-collecte-velafrica\\\/#breadcrumb\"},\"inLanguage\":\"fr-FR\",\"potentialAction\":[{\"@type\":\"ReadAction\",\"target\":[\"https:\\\/\\\/www.lengnau.ch\\\/fr\\\/2023\\\/05\\\/action-de-collecte-velafrica\\\/\"]}]},{\"@type\":\"ImageObject\",\"inLanguage\":\"fr-FR\",\"@id\":\"https:\\\/\\\/www.lengnau.ch\\\/fr\\\/2023\\\/05\\\/action-de-collecte-velafrica\\\/#primaryimage\",\"url\":\"https:\\\/\\\/www.lengnau.ch\\\/wp-content\\\/uploads\\\/2023\\\/05\\\/Velafrica_Logo-300x160.jpg\",\"contentUrl\":\"https:\\\/\\\/www.lengnau.ch\\\/wp-content\\\/uploads\\\/2023\\\/05\\\/Velafrica_Logo-300x160.jpg\"},{\"@type\":\"BreadcrumbList\",\"@id\":\"https:\\\/\\\/www.lengnau.ch\\\/fr\\\/2023\\\/05\\\/action-de-collecte-velafrica\\\/#breadcrumb\",\"itemListElement\":[{\"@type\":\"ListItem\",\"position\":1,\"name\":\"Home\",\"item\":\"https:\\\/\\\/www.lengnau.ch\\\/fr\\\/\"},{\"@type\":\"ListItem\",\"position\":2,\"name\":\"Action de collecte Velafrica\"}]},{\"@type\":\"WebSite\",\"@id\":\"https:\\\/\\\/www.lengnau.ch\\\/#website\",\"url\":\"https:\\\/\\\/www.lengnau.ch\\\/\",\"name\":\"Gemeinde Lengnau\",\"description\":\"\",\"potentialAction\":[{\"@type\":\"SearchAction\",\"target\":{\"@type\":\"EntryPoint\",\"urlTemplate\":\"https:\\\/\\\/www.lengnau.ch\\\/?s={search_term_string}\"},\"query-input\":{\"@type\":\"PropertyValueSpecification\",\"valueRequired\":true,\"valueName\":\"search_term_string\"}}],\"inLanguage\":\"fr-FR\"},{\"@type\":\"Person\",\"@id\":\"https:\\\/\\\/www.lengnau.ch\\\/#\\\/schema\\\/person\\\/3b540f564f973e8fb35e9aaaf540e53c\",\"name\":\"Fabienne Burri\",\"url\":\"https:\\\/\\\/www.lengnau.ch\\\/fr\\\/author\\\/fabienne-burrilengnau-ch\\\/\"}]}<\/script>\n<!-- \/ Yoast SEO plugin. -->","yoast_head_json":{"title":"Action de collecte Velafrica - Gemeinde Lengnau","robots":{"index":"index","follow":"follow","max-snippet":"max-snippet:-1","max-image-preview":"max-image-preview:large","max-video-preview":"max-video-preview:-1"},"canonical":"https:\/\/www.lengnau.ch\/fr\/2023\/05\/action-de-collecte-velafrica\/","og_locale":"fr_FR","og_type":"article","og_title":"Action de collecte Velafrica - Gemeinde Lengnau","og_description":"Depuis 1993, Velafrica collecte des v\u00e9los hors d&rsquo;usage et les exp\u00e9die vers des entreprises partenaires en Tanzanie, au Burkina Faso, \u00e0 Madagascar, en Afrique du Sud, en C\u00f4te d&rsquo;Ivoire, au Ghana et en Gambie. Chaque ann\u00e9e, plus de 50 conteneurs maritimes arrivent en Afrique avec environ 25 000 v\u00e9los suisses pr\u00e9par\u00e9s et en \u00e9tat de [&hellip;]","og_url":"https:\/\/www.lengnau.ch\/fr\/2023\/05\/action-de-collecte-velafrica\/","og_site_name":"Gemeinde Lengnau","article_published_time":"2023-05-12T06:57:02+00:00","article_modified_time":"2023-08-28T07:14:20+00:00","og_image":[{"url":"https:\/\/www.lengnau.ch\/wp-content\/uploads\/2023\/05\/Velafrica_Logo-300x160.jpg","type":"","width":"","height":""}],"author":"Fabienne Burri","twitter_card":"summary_large_image","schema":{"@context":"https:\/\/schema.org","@graph":[{"@type":"Article","@id":"https:\/\/www.lengnau.ch\/fr\/2023\/05\/action-de-collecte-velafrica\/#article","isPartOf":{"@id":"https:\/\/www.lengnau.ch\/fr\/2023\/05\/action-de-collecte-velafrica\/"},"author":{"name":"Fabienne Burri","@id":"https:\/\/www.lengnau.ch\/#\/schema\/person\/3b540f564f973e8fb35e9aaaf540e53c"},"headline":"Action de collecte Velafrica","datePublished":"2023-05-12T06:57:02+00:00","dateModified":"2023-08-28T07:14:20+00:00","mainEntityOfPage":{"@id":"https:\/\/www.lengnau.ch\/fr\/2023\/05\/action-de-collecte-velafrica\/"},"wordCount":337,"image":{"@id":"https:\/\/www.lengnau.ch\/fr\/2023\/05\/action-de-collecte-velafrica\/#primaryimage"},"thumbnailUrl":"https:\/\/www.lengnau.ch\/wp-content\/uploads\/2023\/05\/Velafrica_Logo-300x160.jpg","articleSection":["Aktuelles","Frontseite","Medienmitteilungen"],"inLanguage":"fr-FR"},{"@type":"WebPage","@id":"https:\/\/www.lengnau.ch\/fr\/2023\/05\/action-de-collecte-velafrica\/","url":"https:\/\/www.lengnau.ch\/fr\/2023\/05\/action-de-collecte-velafrica\/","name":"Action de collecte Velafrica - Gemeinde Lengnau","isPartOf":{"@id":"https:\/\/www.lengnau.ch\/#website"},"primaryImageOfPage":{"@id":"https:\/\/www.lengnau.ch\/fr\/2023\/05\/action-de-collecte-velafrica\/#primaryimage"},"image":{"@id":"https:\/\/www.lengnau.ch\/fr\/2023\/05\/action-de-collecte-velafrica\/#primaryimage"},"thumbnailUrl":"https:\/\/www.lengnau.ch\/wp-content\/uploads\/2023\/05\/Velafrica_Logo-300x160.jpg","datePublished":"2023-05-12T06:57:02+00:00","dateModified":"2023-08-28T07:14:20+00:00","author":{"@id":"https:\/\/www.lengnau.ch\/#\/schema\/person\/3b540f564f973e8fb35e9aaaf540e53c"},"breadcrumb":{"@id":"https:\/\/www.lengnau.ch\/fr\/2023\/05\/action-de-collecte-velafrica\/#breadcrumb"},"inLanguage":"fr-FR","potentialAction":[{"@type":"ReadAction","target":["https:\/\/www.lengnau.ch\/fr\/2023\/05\/action-de-collecte-velafrica\/"]}]},{"@type":"ImageObject","inLanguage":"fr-FR","@id":"https:\/\/www.lengnau.ch\/fr\/2023\/05\/action-de-collecte-velafrica\/#primaryimage","url":"https:\/\/www.lengnau.ch\/wp-content\/uploads\/2023\/05\/Velafrica_Logo-300x160.jpg","contentUrl":"https:\/\/www.lengnau.ch\/wp-content\/uploads\/2023\/05\/Velafrica_Logo-300x160.jpg"},{"@type":"BreadcrumbList","@id":"https:\/\/www.lengnau.ch\/fr\/2023\/05\/action-de-collecte-velafrica\/#breadcrumb","itemListElement":[{"@type":"ListItem","position":1,"name":"Home","item":"https:\/\/www.lengnau.ch\/fr\/"},{"@type":"ListItem","position":2,"name":"Action de collecte Velafrica"}]},{"@type":"WebSite","@id":"https:\/\/www.lengnau.ch\/#website","url":"https:\/\/www.lengnau.ch\/","name":"Gemeinde Lengnau","description":"","potentialAction":[{"@type":"SearchAction","target":{"@type":"EntryPoint","urlTemplate":"https:\/\/www.lengnau.ch\/?s={search_term_string}"},"query-input":{"@type":"PropertyValueSpecification","valueRequired":true,"valueName":"search_term_string"}}],"inLanguage":"fr-FR"},{"@type":"Person","@id":"https:\/\/www.lengnau.ch\/#\/schema\/person\/3b540f564f973e8fb35e9aaaf540e53c","name":"Fabienne Burri","url":"https:\/\/www.lengnau.ch\/fr\/author\/fabienne-burrilengnau-ch\/"}]}},"publishpress_future_action":{"enabled":false,"date":"2026-05-09 08:41:56","action":"change-status","newStatus":"draft","terms":[],"taxonomy":"category","extraData":[]},"publishpress_future_workflow_manual_trigger":{"enabledWorkflows":[]},"_links":{"self":[{"href":"https:\/\/www.lengnau.ch\/fr\/wp-json\/wp\/v2\/posts\/10030","targetHints":{"allow":["GET"]}}],"collection":[{"href":"https:\/\/www.lengnau.ch\/fr\/wp-json\/wp\/v2\/posts"}],"about":[{"href":"https:\/\/www.lengnau.ch\/fr\/wp-json\/wp\/v2\/types\/post"}],"author":[{"embeddable":true,"href":"https:\/\/www.lengnau.ch\/fr\/wp-json\/wp\/v2\/users\/14"}],"replies":[{"embeddable":true,"href":"https:\/\/www.lengnau.ch\/fr\/wp-json\/wp\/v2\/comments?post=10030"}],"version-history":[{"count":5,"href":"https:\/\/www.lengnau.ch\/fr\/wp-json\/wp\/v2\/posts\/10030\/revisions"}],"predecessor-version":[{"id":10847,"href":"https:\/\/www.lengnau.ch\/fr\/wp-json\/wp\/v2\/posts\/10030\/revisions\/10847"}],"wp:attachment":[{"href":"https:\/\/www.lengnau.ch\/fr\/wp-json\/wp\/v2\/media?parent=10030"}],"wp:term":[{"taxonomy":"category","embeddable":true,"href":"https:\/\/www.lengnau.ch\/fr\/wp-json\/wp\/v2\/categories?post=10030"},{"taxonomy":"post_tag","embeddable":true,"href":"https:\/\/www.lengnau.ch\/fr\/wp-json\/wp\/v2\/tags?post=10030"}],"curies":[{"name":"wp","href":"https:\/\/api.w.org\/{rel}","templated":true}]}}